{"id":229994,"date":"2025-09-03T10:13:16","date_gmt":"2025-09-03T07:13:16","guid":{"rendered":"https:\/\/www.tgrthaber.com\/mavikadin\/?p=229994"},"modified":"2025-09-03T10:13:16","modified_gmt":"2025-09-03T07:13:16","slug":"bozdag-filmin-kahramani-yapimci-mehmet-bozdagin-en-aci-gunu-sosyal-medya-hesaplarindan-duyuruldu","status":"publish","type":"post","link":"https:\/\/www.tgrthaber.com\/mavikadin\/bozdag-filmin-kahramani-yapimci-mehmet-bozdagin-en-aci-gunu-sosyal-medya-hesaplarindan-duyuruldu\/","title":{"rendered":"Bozda\u011f Film\u2019in kahraman\u0131 yap\u0131mc\u0131 Mehmet Bozda\u011f\u2019\u0131n en ac\u0131 g\u00fcn\u00fc! Sosyal medya hesaplar\u0131ndan duyuruldu"},"content":{"rendered":"<p>Bozda\u011f Film\u2019in yap\u0131mc\u0131s\u0131 olarak ad\u0131n\u0131 duyuran Mehmet Bozda\u011f\u2019\u0131n ac\u0131 g\u00fcn\u00fc y\u00fcrekleri da\u011flad\u0131. Birbirinden ba\u015far\u0131l\u0131 dizi ve film projelerine imza atan \u00fcnl\u00fc yap\u0131mc\u0131, ald\u0131\u011f\u0131 ac\u0131 haberle sars\u0131ld\u0131. Yap\u0131mc\u0131 Mehmet Bozda\u011f\u2019\u0131n babas\u0131 \u0130lhan Bozda\u011f hayat\u0131n\u0131 kaybetti. Mehmet Bozda\u011f\u2019\u0131n ac\u0131 g\u00fcn\u00fc Bozda\u011f Film\u2019in resmi sosyal medya hesaplar\u0131ndan yap\u0131lan a\u00e7\u0131klamayla duyuruldu.<\/p>\n<h3>BOZDA\u011e F\u0130LM\u2019\u0130N YAPIMCISI MEHMET BOZDA\u011e BABASINI KAYBETT\u0130!<\/h3>\n<p>Mehmet Bozda\u011f, Bozda\u011f Film\u2019in yap\u0131mc\u0131s\u0131 olarak ad\u0131n\u0131 duyurdu. Dirili\u015f Ertu\u011frul dizisinden Kurulu\u015f Osman\u2019a, Destan dizisinden Ate\u015f Ku\u015flar\u0131\u2019na kadar bir\u00e7ok ba\u015far\u0131l\u0131 projeye imza atan Bozda\u011f, ald\u0131\u011f\u0131 ac\u0131 haberle sars\u0131ld\u0131.<\/p>\n<p><img loading=\"lazy\" decoding=\"async\" class=\"alignnone wp-image-230003\" src=\"https:\/\/www.tgrthaber.com\/mavikadin\/wp-content\/uploads\/Mehmet-Bozdag-6-1-1024x576.jpg\" alt=\"Bozda\u011f Film\u2019in kahraman\u0131 yap\u0131mc\u0131 Mehmet Bozda\u011f\u2019\u0131n en ac\u0131 g\u00fcn\u00fc! Sosyal medya hesaplar\u0131ndan duyuruldu\" width=\"1208\" height=\"680\" title=\"\" srcset=\"https:\/\/www.tgrthaber.com\/mavikadin\/wp-content\/uploads\/Mehmet-Bozdag-6-1-1024x576.jpg 1024w, https:\/\/www.tgrthaber.com\/mavikadin\/wp-content\/uploads\/Mehmet-Bozdag-6-1-300x169.jpg 300w, https:\/\/www.tgrthaber.com\/mavikadin\/wp-content\/uploads\/Mehmet-Bozdag-6-1-768x432.jpg 768w, https:\/\/www.tgrthaber.com\/mavikadin\/wp-content\/uploads\/Mehmet-Bozdag-6-1.jpg 1208w\" sizes=\"(max-width: 1208px) 100vw, 1208px\" \/><\/p>\n<hr \/>\n<p>Ba\u015far\u0131l\u0131 yap\u0131mc\u0131 ki\u015fili\u011fiyle tan\u0131nan ve milyonlarca izleyiciye ula\u015fan Mehmet Bozda\u011f\u2019\u0131n babas\u0131 \u0130lhan Bozda\u011f hayat\u0131n\u0131 kaybetti. Babas\u0131n\u0131n ac\u0131 haberiyle sars\u0131lan Mehmet Bozda\u011f, ac\u0131 g\u00fcn\u00fcyle y\u00fcrekleri da\u011flad\u0131.<\/p>\n<p><img loading=\"lazy\" decoding=\"async\" class=\"alignnone wp-image-230004\" src=\"https:\/\/www.tgrthaber.com\/mavikadin\/wp-content\/uploads\/Mehmet-Bozdag-4-1-1024x576.jpg\" alt=\"Bozda\u011f Film\u2019in kahraman\u0131 yap\u0131mc\u0131 Mehmet Bozda\u011f\u2019\u0131n en ac\u0131 g\u00fcn\u00fc! Sosyal medya hesaplar\u0131ndan duyuruldu\" width=\"1208\" height=\"680\" title=\"\" srcset=\"https:\/\/www.tgrthaber.com\/mavikadin\/wp-content\/uploads\/Mehmet-Bozdag-4-1-1024x576.jpg 1024w, https:\/\/www.tgrthaber.com\/mavikadin\/wp-content\/uploads\/Mehmet-Bozdag-4-1-300x169.jpg 300w, https:\/\/www.tgrthaber.com\/mavikadin\/wp-content\/uploads\/Mehmet-Bozdag-4-1-768x432.jpg 768w, https:\/\/www.tgrthaber.com\/mavikadin\/wp-content\/uploads\/Mehmet-Bozdag-4-1.jpg 1208w\" sizes=\"(max-width: 1208px) 100vw, 1208px\" \/><\/p>\n<hr \/>\n<h3>MEHMET BOZDA\u011e\u2019IN BABASININ ACI G\u00dcN\u00dc SOSYAL MEDYA HESAPLARINDAN DUYURULDU!<\/h3>\n<p>Bozda\u011f Film\u2019in yap\u0131mc\u0131s\u0131 Mehmet Bozda\u011f, babas\u0131n\u0131n vefat haberiyle derin bir h\u00fczne bo\u011fuldu. \u00dcnl\u00fc yap\u0131mc\u0131n\u0131n babas\u0131 \u0130lhan Bozda\u011f\u2019\u0131n vefat haberi Bozda\u011f Film\u2019in resmi sosyal medya hesaplar\u0131 \u00fczerinden duyuruldu. Bozda\u011f Film&#8217;in sosyal medya \u00fczerinden yapt\u0131\u011f\u0131 a\u00e7\u0131klamada \u015fu ifadelere yer verildi:<\/p>\n<p><img loading=\"lazy\" decoding=\"async\" class=\"alignnone wp-image-230011\" src=\"https:\/\/www.tgrthaber.com\/mavikadin\/wp-content\/uploads\/Mehmet-Bozdag-2-1024x576.jpg\" alt=\"Bozda\u011f Film\u2019in kahraman\u0131 yap\u0131mc\u0131 Mehmet Bozda\u011f\u2019\u0131n en ac\u0131 g\u00fcn\u00fc! Sosyal medya hesaplar\u0131ndan duyuruldu\" width=\"1208\" height=\"680\" title=\"\" srcset=\"https:\/\/www.tgrthaber.com\/mavikadin\/wp-content\/uploads\/Mehmet-Bozdag-2-1024x576.jpg 1024w, https:\/\/www.tgrthaber.com\/mavikadin\/wp-content\/uploads\/Mehmet-Bozdag-2-300x169.jpg 300w, https:\/\/www.tgrthaber.com\/mavikadin\/wp-content\/uploads\/Mehmet-Bozdag-2-768x432.jpg 768w, https:\/\/www.tgrthaber.com\/mavikadin\/wp-content\/uploads\/Mehmet-Bozdag-2.jpg 1208w\" sizes=\"(max-width: 1208px) 100vw, 1208px\" \/><\/p>\n<hr \/>\n<p>\u201cY\u00f6netim Kurulu Ba\u015fkan\u0131m\u0131z Sn. Mehmet Bozda\u011f&#8217;\u0131n muhterem babas\u0131 \u0130lhan Bozda\u011f, Hakk&#8217;\u0131n rahmetine kavu\u015fmu\u015ftur. Merhumun cenazesi (03.09.2025) \u00c7ar\u015famba g\u00fcn\u00fc, ikindi namaz\u0131n\u0131 m\u00fcteakip Kayseri Hulusi Akar Camii&#8217;nde k\u0131l\u0131nacak cenaze namaz\u0131 ard\u0131ndan, Asri Mezarl\u0131k 1. Kap\u0131da defnedilecektir.\u201d<\/p>\n<h3>MEHMET BOZDA\u011e K\u0130MD\u0130R?<\/h3>\n<p>Mehmet Bozda\u011f, 1983 y\u0131l\u0131nda Kayseri\u2019de d\u00fcnyaya geldi. Aslen Kayserili olan ba\u015far\u0131l\u0131 yap\u0131mc\u0131, ilkokul, ortaokul ve lise e\u011fitimini Kayseri\u2019de g\u00f6rd\u00fc. 2009 y\u0131l\u0131nda T\u00fcrk televizyon sekt\u00f6r\u00fcne ad\u0131m atan Bozda\u011f, son zamanlarda ad\u0131n\u0131 s\u0131k\u00e7a duydu\u011fumuz yap\u0131mc\u0131lar aras\u0131nda yerini al\u0131yor.<\/p>\n<p><img loading=\"lazy\" decoding=\"async\" class=\"alignnone wp-image-230008\" src=\"https:\/\/www.tgrthaber.com\/mavikadin\/wp-content\/uploads\/Mehmet-Bozdag-5-1-1024x576.jpg\" alt=\"Bozda\u011f Film\u2019in kahraman\u0131 yap\u0131mc\u0131 Mehmet Bozda\u011f\u2019\u0131n en ac\u0131 g\u00fcn\u00fc! Sosyal medya hesaplar\u0131ndan duyuruldu\" width=\"1208\" height=\"680\" title=\"\" srcset=\"https:\/\/www.tgrthaber.com\/mavikadin\/wp-content\/uploads\/Mehmet-Bozdag-5-1-1024x576.jpg 1024w, https:\/\/www.tgrthaber.com\/mavikadin\/wp-content\/uploads\/Mehmet-Bozdag-5-1-300x169.jpg 300w, https:\/\/www.tgrthaber.com\/mavikadin\/wp-content\/uploads\/Mehmet-Bozdag-5-1-768x432.jpg 768w, https:\/\/www.tgrthaber.com\/mavikadin\/wp-content\/uploads\/Mehmet-Bozdag-5-1.jpg 1208w\" sizes=\"(max-width: 1208px) 100vw, 1208px\" \/><\/p>\n<hr \/>\n<p>\u0130lkokul, ortaokul ve lise e\u011fitimini ba\u015far\u0131yla tamamlayan Mehmet Bozda\u011f, y\u00fcksek\u00f6\u011frenimini Sakarya \u00dcniversitesi Tarih b\u00f6l\u00fcm\u00fcnde tamamlayarak mezun oldu. Daha sonra e\u011fitimini y\u00fcksek lisansla ta\u00e7land\u0131rmak isteyen Bozda\u011f, yine Sakarya \u00dcniversitesi\u2019nde Sosyoloji B\u00f6l\u00fcm\u00fc\u2019nde y\u00fcksek lisans\u0131n\u0131 tamamlad\u0131.<\/p>\n<p><img loading=\"lazy\" decoding=\"async\" class=\"alignnone wp-image-230012\" src=\"https:\/\/www.tgrthaber.com\/mavikadin\/wp-content\/uploads\/Mehmet-Bozdag-3-1024x576.jpg\" alt=\"Bozda\u011f Film\u2019in kahraman\u0131 yap\u0131mc\u0131 Mehmet Bozda\u011f\u2019\u0131n en ac\u0131 g\u00fcn\u00fc! Sosyal medya hesaplar\u0131ndan duyuruldu\" width=\"1208\" height=\"680\" title=\"\" srcset=\"https:\/\/www.tgrthaber.com\/mavikadin\/wp-content\/uploads\/Mehmet-Bozdag-3-1024x576.jpg 1024w, https:\/\/www.tgrthaber.com\/mavikadin\/wp-content\/uploads\/Mehmet-Bozdag-3-300x169.jpg 300w, https:\/\/www.tgrthaber.com\/mavikadin\/wp-content\/uploads\/Mehmet-Bozdag-3-768x432.jpg 768w, https:\/\/www.tgrthaber.com\/mavikadin\/wp-content\/uploads\/Mehmet-Bozdag-3.jpg 1208w\" sizes=\"(max-width: 1208px) 100vw, 1208px\" \/><\/p>\n<hr \/>\n<p>Mehmet Bozda\u011f, 2014 y\u0131l\u0131nda TRT 1 ekranlar\u0131nda izleyici ile bulu\u015fan ve 5 sezon s\u00fcrerek yay\u0131nland\u0131\u011f\u0131 d\u00f6neme damga vuran Dirili\u015f Ertu\u011frul dizisi sayesinde geni\u015f kitlelere ula\u015ft\u0131. 2019 y\u0131l\u0131nda sona eren ve d\u00fcnyan\u0131n bir\u00e7ok \u00fclkesine sat\u0131lan Dirili\u015f Ertu\u011frul dizisi, 2016 y\u0131l\u0131nda Alt\u0131n Kelebek \u00d6d\u00fcl\u00fc\u2019ne lay\u0131k g\u00f6r\u00fcld\u00fc.<\/p>\n<p><img loading=\"lazy\" decoding=\"async\" class=\"alignnone wp-image-230010\" src=\"https:\/\/www.tgrthaber.com\/mavikadin\/wp-content\/uploads\/Mehmet-Bozdag-1-1-1024x576.jpg\" alt=\"Bozda\u011f Film\u2019in kahraman\u0131 yap\u0131mc\u0131 Mehmet Bozda\u011f\u2019\u0131n en ac\u0131 g\u00fcn\u00fc! Sosyal medya hesaplar\u0131ndan duyuruldu\" width=\"1208\" height=\"680\" title=\"\" srcset=\"https:\/\/www.tgrthaber.com\/mavikadin\/wp-content\/uploads\/Mehmet-Bozdag-1-1-1024x576.jpg 1024w, https:\/\/www.tgrthaber.com\/mavikadin\/wp-content\/uploads\/Mehmet-Bozdag-1-1-300x169.jpg 300w, https:\/\/www.tgrthaber.com\/mavikadin\/wp-content\/uploads\/Mehmet-Bozdag-1-1-768x432.jpg 768w, https:\/\/www.tgrthaber.com\/mavikadin\/wp-content\/uploads\/Mehmet-Bozdag-1-1.jpg 1208w\" sizes=\"(max-width: 1208px) 100vw, 1208px\" \/><\/p>\n<hr \/>\n<p>Dirili\u015f Ertu\u011frul dizisinin yap\u0131mc\u0131l\u0131\u011f\u0131n\u0131, senaristli\u011fini ve proje tasar\u0131m\u0131n\u0131 \u00fcstlenen Bozda\u011f, ayn\u0131 g\u00f6revleri \u00fcstlenerek 2018-2019 y\u0131llar\u0131 aras\u0131nda TRT 1 ekranlar\u0131nda yay\u0131nlanan \u201cMehmet\u00e7ik Kut\u2019\u00fcl Amare\u201d dizisinde ad\u0131ndan s\u00f6z ettirdi. Bozda\u011f, 2020 y\u0131l\u0131nda ise \u201cT\u00fcrkler Geliyor: Adaletin K\u0131l\u0131c\u0131\u201d filmiyle sinema sekt\u00f6r\u00fcne de ad\u0131m att\u0131.<\/p>\n","protected":false},"excerpt":{"rendered":"<p>Bozda\u011f Film\u2019in kahraman\u0131 olarak tan\u0131nan ve bir\u00e7ok ba\u015far\u0131l\u0131 projeye imza atan Mehmet Bozda\u011f, ald\u0131\u011f\u0131 ac\u0131 haberle sars\u0131ld\u0131. \u00dcnl\u00fc yap\u0131mc\u0131n\u0131n en ac\u0131 g\u00fcn\u00fc y\u00fcrekleri da\u011flad\u0131. Sosyal medya hesaplar\u0131ndan Mehmet Bozda\u011f\u2019\u0131n ac\u0131 g\u00fcn\u00fc payla\u015f\u0131ld\u0131. <\/p>\n","protected":false},"author":26,"featured_media":230002,"comment_status":"closed","ping_status":"closed","sticky":false,"template":"","format":"standard","meta":{"rank_math_lock_modified_date":false,"footnotes":""},"categories":[76],"tags":[61327,133,2218,10200,61330,61329],"class_list":["post-229994","post","type-post","status-publish","format-standard","has-post-thumbnail","hentry","category-magazin","tag-ilhan-bozdag","tag-magazin","tag-magazin-haberleri","tag-mehmet-bozdag","tag-mehmet-bozdag-aci-gunu","tag-mehmet-bozdag-babasi-ilhan-bozdag"],"_links":{"self":[{"href":"https:\/\/www.tgrthaber.com\/mavikadin\/wp-json\/wp\/v2\/posts\/229994"}],"collection":[{"href":"https:\/\/www.tgrthaber.com\/mavikadin\/wp-json\/wp\/v2\/posts"}],"about":[{"href":"https:\/\/www.tgrthaber.com\/mavikadin\/wp-json\/wp\/v2\/types\/post"}],"author":[{"embeddable":true,"href":"https:\/\/www.tgrthaber.com\/mavikadin\/wp-json\/wp\/v2\/users\/26"}],"replies":[{"embeddable":true,"href":"https:\/\/www.tgrthaber.com\/mavikadin\/wp-json\/wp\/v2\/comments?post=229994"}],"version-history":[{"count":2,"href":"https:\/\/www.tgrthaber.com\/mavikadin\/wp-json\/wp\/v2\/posts\/229994\/revisions"}],"predecessor-version":[{"id":230017,"href":"https:\/\/www.tgrthaber.com\/mavikadin\/wp-json\/wp\/v2\/posts\/229994\/revisions\/230017"}],"wp:featuredmedia":[{"embeddable":true,"href":"https:\/\/www.tgrthaber.com\/mavikadin\/wp-json\/wp\/v2\/media\/230002"}],"wp:attachment":[{"href":"https:\/\/www.tgrthaber.com\/mavikadin\/wp-json\/wp\/v2\/media?parent=229994"}],"wp:term":[{"taxonomy":"category","embeddable":true,"href":"https:\/\/www.tgrthaber.com\/mavikadin\/wp-json\/wp\/v2\/categories?post=229994"},{"taxonomy":"post_tag","embeddable":true,"href":"https:\/\/www.tgrthaber.com\/mavikadin\/wp-json\/wp\/v2\/tags?post=229994"}],"curies":[{"name":"wp","href":"https:\/\/api.w.org\/{rel}","templated":true}]}}