{"id":230018,"date":"2025-09-03T10:24:23","date_gmt":"2025-09-03T07:24:23","guid":{"rendered":"https:\/\/www.tgrthaber.com\/mavikadin\/?p=230018"},"modified":"2025-09-03T10:24:23","modified_gmt":"2025-09-03T07:24:23","slug":"hastaligini-aciklayan-laradan-aglatan-paylasim-son-halini-gozler-onune-serdi","status":"publish","type":"post","link":"https:\/\/www.tgrthaber.com\/mavikadin\/hastaligini-aciklayan-laradan-aglatan-paylasim-son-halini-gozler-onune-serdi\/","title":{"rendered":"Hastal\u0131\u011f\u0131n\u0131 a\u00e7\u0131klayan Lara\u2019dan a\u011flatan payla\u015f\u0131m! Son halini g\u00f6zler \u00f6n\u00fcne serdi"},"content":{"rendered":"<p>\u015eark\u0131c\u0131 <a href=\"https:\/\/www.tgrthaber.com\/mavikadin\/lara-kimdir-kac-yasinda-sarkici-lara-evli-mi\/\">Lara<\/a> ge\u00e7ti\u011fimiz g\u00fcnlerde beyninde kitle tespit edildi\u011fini ve tedavi g\u00f6rd\u00fc\u011f\u00fcn\u00fc a\u00e7\u0131klam\u0131\u015ft\u0131. Zaman zaman sosyal medya hesab\u0131 \u00fczerinden takip\u00e7ileriyle dertle\u015fen \u00fcnl\u00fc \u015fark\u0131c\u0131 son halini g\u00f6zler \u00f6n\u00fcne serdi.<\/p>\n<h3>LARA\u2019DAN DUYGUSAL PAYLA\u015eIM<\/h3>\n<p>Olduk\u00e7a zay\u0131flad\u0131\u011f\u0131 g\u00f6r\u00fclen <a href=\"https:\/\/www.tgrthaber.com\/mavikadin\/sarkici-lara-iranda-savasin-ortasinda-kaldi-burada-durum-cok-kritik\/\">Lara<\/a> hayranlar\u0131 i\u00e7in bir a\u00e7\u0131klamada bulundu. Ge\u00e7ti\u011fimiz g\u00fcnlerde ya\u015fad\u0131\u011f\u0131 zor g\u00fcnleri takip\u00e7ilerine de a\u00e7\u0131klayan Lara o g\u00fcnden sonra sevenlerinin yo\u011fun ilgisiyle kar\u015f\u0131la\u015ft\u0131.<\/p>\n<p><img loading=\"lazy\" decoding=\"async\" class=\"aligncenter size-full wp-image-230019\" src=\"https:\/\/www.tgrthaber.com\/mavikadin\/wp-content\/uploads\/Lara-7-1.png\" alt=\"\" width=\"1208\" height=\"680\" title=\"\" srcset=\"https:\/\/www.tgrthaber.com\/mavikadin\/wp-content\/uploads\/Lara-7-1.png 1208w, https:\/\/www.tgrthaber.com\/mavikadin\/wp-content\/uploads\/Lara-7-1-300x169.png 300w, https:\/\/www.tgrthaber.com\/mavikadin\/wp-content\/uploads\/Lara-7-1-1024x576.png 1024w, https:\/\/www.tgrthaber.com\/mavikadin\/wp-content\/uploads\/Lara-7-1-768x432.png 768w\" sizes=\"(max-width: 1208px) 100vw, 1208px\" \/><\/p>\n<hr \/>\n<p>Pijamalar\u0131yla ayna kar\u015f\u0131s\u0131nda \u00e7ekti\u011fi foto\u011fraf\u0131n\u0131 yay\u0131mlayan Lara, bu s\u00fcre\u00e7te kendisine destek olanlara te\u015fekk\u00fcr ederek, &#8216;Belki bedenim zay\u0131flad\u0131 ama kalbim h\u00e2l\u00e2 \u00e7ok g\u00fc\u00e7l\u00fc. Hayata s\u0131k\u0131 s\u0131k\u0131 tutunuyorum. Sizlerin dualar\u0131 ve g\u00fczel mesajlar\u0131yla yeniden aya\u011fa kalk\u0131yorum. Az kald\u0131, Allah&#8217;\u0131m\u0131n izniyle en k\u0131sa zamanda sahnelerde bulu\u015faca\u011f\u0131z. \u0130yi ki vars\u0131n ailem, iyi ki vars\u0131n\u0131z sevenlerim. Sizleri \u00e7ok seviyorum&#8217; ifadelerini kulland\u0131.&#8221;<\/p>\n<p><img loading=\"lazy\" decoding=\"async\" class=\"aligncenter size-full wp-image-230020\" src=\"https:\/\/www.tgrthaber.com\/mavikadin\/wp-content\/uploads\/Lara-1-1.png\" alt=\"\" width=\"1208\" height=\"680\" title=\"\" srcset=\"https:\/\/www.tgrthaber.com\/mavikadin\/wp-content\/uploads\/Lara-1-1.png 1208w, https:\/\/www.tgrthaber.com\/mavikadin\/wp-content\/uploads\/Lara-1-1-300x169.png 300w, https:\/\/www.tgrthaber.com\/mavikadin\/wp-content\/uploads\/Lara-1-1-1024x576.png 1024w, https:\/\/www.tgrthaber.com\/mavikadin\/wp-content\/uploads\/Lara-1-1-768x432.png 768w\" sizes=\"(max-width: 1208px) 100vw, 1208px\" \/><\/p>\n<hr \/>\n<h3>LARA K\u0130MD\u0130R?<\/h3>\n<p>Fatma Nur Erg\u00fcder veya sahne ad\u0131yla Lara 19 Mart 1979 tarihinde d\u00fcnyaya geldi. K\u0131r\u0131kkale ilinde m\u00fczisyen bir ailenin \u00e7ocu\u011fu olarak d\u00fcnyaya gelen Lara, K\u0131r\u0131kkale&#8217;de lise mezunu olduktan sonra Alanya&#8217;da hostes olarak \u00e7al\u0131\u015ft\u0131.<\/p>\n<p><img loading=\"lazy\" decoding=\"async\" class=\"aligncenter size-full wp-image-230021\" src=\"https:\/\/www.tgrthaber.com\/mavikadin\/wp-content\/uploads\/Lara-2-1.png\" alt=\"\" width=\"1208\" height=\"680\" title=\"\" srcset=\"https:\/\/www.tgrthaber.com\/mavikadin\/wp-content\/uploads\/Lara-2-1.png 1208w, https:\/\/www.tgrthaber.com\/mavikadin\/wp-content\/uploads\/Lara-2-1-300x169.png 300w, https:\/\/www.tgrthaber.com\/mavikadin\/wp-content\/uploads\/Lara-2-1-1024x576.png 1024w, https:\/\/www.tgrthaber.com\/mavikadin\/wp-content\/uploads\/Lara-2-1-768x432.png 768w\" sizes=\"(max-width: 1208px) 100vw, 1208px\" \/><\/p>\n<hr \/>\n<p>Lara&#8217;n\u0131n ilk alb\u00fcm\u00fc, 5 Haziran 2003 tarihinde yay\u0131nland\u0131. Ozan M\u00fczik ile I\u015f\u0131k adl\u0131 ilk alb\u00fcm\u00fc m\u00fczik marketlerdeki yerini ald\u0131.<\/p>\n<p>27 May\u0131s 2005 tarihinde Adam Gibi Adam&#8221; adl\u0131 ikinci alb\u00fcm\u00fcyle yakla\u015f\u0131k 100 bin satt\u0131. Alb\u00fcm, 4. M\u00fcyap M\u00fczik \u00d6d\u00fclleri&#8217;nde Alt\u0131n alb\u00fcm \u00f6d\u00fcl\u00fcn\u00fc almaya hak kazand\u0131.<\/p>\n<p><img loading=\"lazy\" decoding=\"async\" class=\"aligncenter size-full wp-image-230022\" src=\"https:\/\/www.tgrthaber.com\/mavikadin\/wp-content\/uploads\/Lara-3-1.png\" alt=\"\" width=\"1208\" height=\"680\" title=\"\" srcset=\"https:\/\/www.tgrthaber.com\/mavikadin\/wp-content\/uploads\/Lara-3-1.png 1208w, https:\/\/www.tgrthaber.com\/mavikadin\/wp-content\/uploads\/Lara-3-1-300x169.png 300w, https:\/\/www.tgrthaber.com\/mavikadin\/wp-content\/uploads\/Lara-3-1-1024x576.png 1024w, https:\/\/www.tgrthaber.com\/mavikadin\/wp-content\/uploads\/Lara-3-1-768x432.png 768w\" sizes=\"(max-width: 1208px) 100vw, 1208px\" \/><\/p>\n<hr \/>\n<p>15 Ocak 2008&#8217;de &#8220;Yadigar&#8221; adl\u0131 \u00fc\u00e7\u00fcnc\u00fc alb\u00fcm\u00fcn\u00fc piyasaya s\u00fcrd\u00fc. 2010 y\u0131l\u0131nda &#8221;Yolla&#8221; isimli 4 \u015fark\u0131dan olu\u015fan maksi single alb\u00fcm\u00fcn\u00fc \u00e7\u0131kard\u0131.<\/p>\n<p>Mutlu Gen\u00e7 ile 2014&#8242; te &#8221;Ma\u00e7 Ka\u00e7 Ka\u00e7&#8221; isimli d\u00fceti \u00e7\u0131kard\u0131 ve daha sonra 2015&#8217;te Bi Sana isimli \u015fark\u0131s\u0131n\u0131 \u00e7\u0131kard\u0131. Ma\u00e7 Ka\u00e7 Ka\u00e7 ve Bi Sana sadece dijital platformda yer ald\u0131.<\/p>\n<p><img loading=\"lazy\" decoding=\"async\" class=\"aligncenter size-full wp-image-230023\" src=\"https:\/\/www.tgrthaber.com\/mavikadin\/wp-content\/uploads\/Lara-4-1.png\" alt=\"\" width=\"1208\" height=\"680\" title=\"\" srcset=\"https:\/\/www.tgrthaber.com\/mavikadin\/wp-content\/uploads\/Lara-4-1.png 1208w, https:\/\/www.tgrthaber.com\/mavikadin\/wp-content\/uploads\/Lara-4-1-300x169.png 300w, https:\/\/www.tgrthaber.com\/mavikadin\/wp-content\/uploads\/Lara-4-1-1024x576.png 1024w, https:\/\/www.tgrthaber.com\/mavikadin\/wp-content\/uploads\/Lara-4-1-768x432.png 768w\" sizes=\"(max-width: 1208px) 100vw, 1208px\" \/><\/p>\n<hr \/>\n<h3>Diskografi<\/h3>\n<p>I\u015f\u0131k (2003)<br \/>\nAdam Gibi Adam (2005)<br \/>\nYadigar (2008)<\/p>\n<p><img loading=\"lazy\" decoding=\"async\" class=\"aligncenter size-full wp-image-230024\" src=\"https:\/\/www.tgrthaber.com\/mavikadin\/wp-content\/uploads\/Lara-6-1.png\" alt=\"\" width=\"1208\" height=\"680\" title=\"\" srcset=\"https:\/\/www.tgrthaber.com\/mavikadin\/wp-content\/uploads\/Lara-6-1.png 1208w, https:\/\/www.tgrthaber.com\/mavikadin\/wp-content\/uploads\/Lara-6-1-300x169.png 300w, https:\/\/www.tgrthaber.com\/mavikadin\/wp-content\/uploads\/Lara-6-1-1024x576.png 1024w, https:\/\/www.tgrthaber.com\/mavikadin\/wp-content\/uploads\/Lara-6-1-768x432.png 768w\" sizes=\"(max-width: 1208px) 100vw, 1208px\" \/><\/p>\n<hr \/>\n<p>Yolla (2010)<br \/>\nMa\u00e7 Ka\u00e7 Ka\u00e7 (2014) &#8211; D\u00fcet ( Mutlu Gen\u00e7 )<br \/>\nBi Sana (2015) &#8211; Single<br \/>\n\u0130haneti Giymi\u015fsin (2017) &#8211; Single<\/p>\n<p>&nbsp;<\/p>\n","protected":false},"excerpt":{"rendered":"<p>Hasta oldu\u011funu a\u00e7\u0131klayan \u015fark\u0131c\u0131 Lara son halini sosyal medya hesab\u0131ndan payla\u015ft\u0131. Beyninde kitle tespit edilen \u00fcnl\u00fc isim sosyal medya hesab\u0131 \u00fczerinden zaman zaman takip\u00e7ileriyle dertle\u015fiyor.<\/p>\n","protected":false},"author":5,"featured_media":230025,"comment_status":"closed","ping_status":"closed","sticky":false,"template":"","format":"standard","meta":{"rank_math_lock_modified_date":false,"footnotes":""},"categories":[76],"tags":[42419,31455,133,24917],"class_list":["post-230018","post","type-post","status-publish","format-standard","has-post-thumbnail","hentry","category-magazin","tag-lara","tag-lara-saglik-durumu","tag-magazin","tag-sarkici-lara"],"_links":{"self":[{"href":"https:\/\/www.tgrthaber.com\/mavikadin\/wp-json\/wp\/v2\/posts\/230018"}],"collection":[{"href":"https:\/\/www.tgrthaber.com\/mavikadin\/wp-json\/wp\/v2\/posts"}],"about":[{"href":"https:\/\/www.tgrthaber.com\/mavikadin\/wp-json\/wp\/v2\/types\/post"}],"author":[{"embeddable":true,"href":"https:\/\/www.tgrthaber.com\/mavikadin\/wp-json\/wp\/v2\/users\/5"}],"replies":[{"embeddable":true,"href":"https:\/\/www.tgrthaber.com\/mavikadin\/wp-json\/wp\/v2\/comments?post=230018"}],"version-history":[{"count":2,"href":"https:\/\/www.tgrthaber.com\/mavikadin\/wp-json\/wp\/v2\/posts\/230018\/revisions"}],"predecessor-version":[{"id":230027,"href":"https:\/\/www.tgrthaber.com\/mavikadin\/wp-json\/wp\/v2\/posts\/230018\/revisions\/230027"}],"wp:featuredmedia":[{"embeddable":true,"href":"https:\/\/www.tgrthaber.com\/mavikadin\/wp-json\/wp\/v2\/media\/230025"}],"wp:attachment":[{"href":"https:\/\/www.tgrthaber.com\/mavikadin\/wp-json\/wp\/v2\/media?parent=230018"}],"wp:term":[{"taxonomy":"category","embeddable":true,"href":"https:\/\/www.tgrthaber.com\/mavikadin\/wp-json\/wp\/v2\/categories?post=230018"},{"taxonomy":"post_tag","embeddable":true,"href":"https:\/\/www.tgrthaber.com\/mavikadin\/wp-json\/wp\/v2\/tags?post=230018"}],"curies":[{"name":"wp","href":"https:\/\/api.w.org\/{rel}","templated":true}]}}