{"id":230037,"date":"2025-09-03T11:10:57","date_gmt":"2025-09-03T08:10:57","guid":{"rendered":"https:\/\/www.tgrthaber.com\/mavikadin\/?p=230037"},"modified":"2025-09-03T11:11:53","modified_gmt":"2025-09-03T08:11:53","slug":"sila-turkoglu-kizilcik-serbetiyle-ilgili-carpici-aciklamalar-yapti-cok-buyuk-olaylar-yasanacak","status":"publish","type":"post","link":"https:\/\/www.tgrthaber.com\/mavikadin\/sila-turkoglu-kizilcik-serbetiyle-ilgili-carpici-aciklamalar-yapti-cok-buyuk-olaylar-yasanacak\/","title":{"rendered":"S\u0131la T\u00fcrko\u011flu K\u0131z\u0131lc\u0131k \u015eerbeti\u2019yle ilgili \u00e7arp\u0131c\u0131 a\u00e7\u0131klamalar yapt\u0131! \u2018\u00c7ok b\u00fcy\u00fck olaylar ya\u015fanacak\u2019"},"content":{"rendered":"<p>K\u0131z\u0131l\u0131k \u015eerbeti dizisinin Do\u011fa\u2019s\u0131 S\u0131la T\u00fcrko\u011flu \u00f6nemli a\u00e7\u0131klamalara imza att\u0131. Dizide e\u015fi Fatih\u2019le ve ailesiyle ya\u015fad\u0131\u011f\u0131 olaylarla dikkat \u00e7eken ba\u015far\u0131l\u0131 oyuncu yeni sezon hakk\u0131nda ipu\u00e7lar\u0131 verdi.<\/p>\n<h3>SILA T\u00dcRKO\u011eLU KIZILCIK \u015eERBET\u0130\u2019YLE \u0130LG\u0130L\u0130 \u00c7ARPICI A\u00c7IKLAMALAR YAPTI<\/h3>\n<p>S\u0131la T\u00fcrko\u011flu &#8216;K\u0131z\u0131lc\u0131k \u015eerbeti\u2019 dizisi hakk\u0131nda ilgin\u00e7 a\u00e7\u0131klamalar yapt\u0131. Bir davette objektiflere yans\u0131yan \u00fcnl\u00fc isim ge\u00e7ti\u011fimiz haftalarda sevgilisi Ata Ayy\u0131ld\u0131z ile \u00e7\u0131kt\u0131\u011f\u0131 \u0130talya tatilinde evlenme teklifi alm\u0131\u015ft\u0131.<\/p>\n<p><img loading=\"lazy\" decoding=\"async\" class=\"aligncenter size-full wp-image-230038\" src=\"https:\/\/www.tgrthaber.com\/mavikadin\/wp-content\/uploads\/Sila-Turkoglu-2-3.png\" alt=\"\" width=\"1208\" height=\"680\" title=\"\" srcset=\"https:\/\/www.tgrthaber.com\/mavikadin\/wp-content\/uploads\/Sila-Turkoglu-2-3.png 1208w, https:\/\/www.tgrthaber.com\/mavikadin\/wp-content\/uploads\/Sila-Turkoglu-2-3-300x169.png 300w, https:\/\/www.tgrthaber.com\/mavikadin\/wp-content\/uploads\/Sila-Turkoglu-2-3-1024x576.png 1024w, https:\/\/www.tgrthaber.com\/mavikadin\/wp-content\/uploads\/Sila-Turkoglu-2-3-768x432.png 768w\" sizes=\"(max-width: 1208px) 100vw, 1208px\" \/><\/p>\n<hr \/>\n<p>Bu teklife Evet cevab\u0131 veren \u00fcnl\u00fc isim &#8220;\u0130talya&#8217;y\u0131 \u00e7ok merak ediyordum, daha \u00f6nce de s\u00f6ylemi\u015ftim&#8230; San\u0131yorum erkek arkada\u015f\u0131m\u0131n da akl\u0131nda kalm\u0131\u015f, b\u00f6yle bir s\u00fcrpriz yapt\u0131. \u00c7ok merak etti\u011fim, be\u011fendi\u011fim bir yerdi. \u00d6zel bir an\u0131m\u0131z daha da \u00f6zel k\u0131l\u0131nd\u0131&#8221; diye konu\u015ftu.<\/p>\n<p><img loading=\"lazy\" decoding=\"async\" class=\"aligncenter size-full wp-image-230042\" src=\"https:\/\/www.tgrthaber.com\/mavikadin\/wp-content\/uploads\/Sila-Turkoglu-7.png\" alt=\"\" width=\"1208\" height=\"680\" title=\"\" srcset=\"https:\/\/www.tgrthaber.com\/mavikadin\/wp-content\/uploads\/Sila-Turkoglu-7.png 1208w, https:\/\/www.tgrthaber.com\/mavikadin\/wp-content\/uploads\/Sila-Turkoglu-7-300x169.png 300w, https:\/\/www.tgrthaber.com\/mavikadin\/wp-content\/uploads\/Sila-Turkoglu-7-1024x576.png 1024w, https:\/\/www.tgrthaber.com\/mavikadin\/wp-content\/uploads\/Sila-Turkoglu-7-768x432.png 768w\" sizes=\"(max-width: 1208px) 100vw, 1208px\" \/><\/p>\n<hr \/>\n<p>S\u0131la T\u00fcrko\u011flu, &#8220;O an neler hissettiniz?&#8221; sorusuna ise &#8220;\u00c7ok garip bir duygu&#8230; G\u00fczel bir \u015feyi sevdiklerimizle payla\u015fabilmek \u00e7ok k\u0131ymetli. Bu y\u00fczden ikimiz de \u00e7ok heyecanl\u0131y\u0131z, \u00e7ok mutluyuz. Ne diyece\u011fimi bilemiyorum, b\u00f6yle \u015feyler kar\u015f\u0131s\u0131nda \u00e7ok utan\u0131yorum&#8221; cevab\u0131n\u0131 verdi.<\/p>\n<p><img loading=\"lazy\" decoding=\"async\" class=\"aligncenter size-full wp-image-230040\" src=\"https:\/\/www.tgrthaber.com\/mavikadin\/wp-content\/uploads\/Sila-Turkoglu-8.png\" alt=\"\" width=\"1208\" height=\"680\" title=\"\" srcset=\"https:\/\/www.tgrthaber.com\/mavikadin\/wp-content\/uploads\/Sila-Turkoglu-8.png 1208w, https:\/\/www.tgrthaber.com\/mavikadin\/wp-content\/uploads\/Sila-Turkoglu-8-300x169.png 300w, https:\/\/www.tgrthaber.com\/mavikadin\/wp-content\/uploads\/Sila-Turkoglu-8-1024x576.png 1024w, https:\/\/www.tgrthaber.com\/mavikadin\/wp-content\/uploads\/Sila-Turkoglu-8-768x432.png 768w\" sizes=\"(max-width: 1208px) 100vw, 1208px\" \/><\/p>\n<hr \/>\n<p>D\u00fc\u011f\u00fcn tarihi hakk\u0131nda net bir bilgi vermeyen S\u0131la T\u00fcrko\u011flu; &#8220;Hi\u00e7bir \u015feyi planlam\u0131yoruz. Hayat bize ne getirirse, ne zaman getirirse&#8230; Bizim i\u00e7in en \u00f6nemlisi hay\u0131rl\u0131 zamanda olsun&#8221; ifadelerini kulland\u0131.<\/p>\n<p><img loading=\"lazy\" decoding=\"async\" class=\"aligncenter size-full wp-image-230043\" src=\"https:\/\/www.tgrthaber.com\/mavikadin\/wp-content\/uploads\/Sila-Turkoglu-6.png\" alt=\"\" width=\"1208\" height=\"680\" title=\"\" srcset=\"https:\/\/www.tgrthaber.com\/mavikadin\/wp-content\/uploads\/Sila-Turkoglu-6.png 1208w, https:\/\/www.tgrthaber.com\/mavikadin\/wp-content\/uploads\/Sila-Turkoglu-6-300x169.png 300w, https:\/\/www.tgrthaber.com\/mavikadin\/wp-content\/uploads\/Sila-Turkoglu-6-1024x576.png 1024w, https:\/\/www.tgrthaber.com\/mavikadin\/wp-content\/uploads\/Sila-Turkoglu-6-768x432.png 768w\" sizes=\"(max-width: 1208px) 100vw, 1208px\" \/><\/p>\n<hr \/>\n<p>Di\u011fer yandan S\u0131la T\u00fcrko\u011flu, &#8216;Do\u011fa&#8217; karakterini \u00fcstlendi\u011fi &#8216;K\u0131z\u0131lc\u0131k \u015eerbeti&#8217;nin SHOW TV&#8217;de izleyicilerle bulu\u015fmaya haz\u0131rlanan 4&#8217;\u00fcnc\u00fc sezonuna dair dikkat \u00e7eken a\u00e7\u0131klamalarda bulundu. Yeni sezona dair ipu\u00e7lar\u0131 veren T\u00fcrko\u011flu; &#8220;\u00c7ok \u015fa\u015f\u0131racaks\u0131n\u0131z. \u00c7ok b\u00fcy\u00fck olaylar ya\u015fanacak&#8221; dedi.<\/p>\n<p><img loading=\"lazy\" decoding=\"async\" class=\"aligncenter size-full wp-image-230044\" src=\"https:\/\/www.tgrthaber.com\/mavikadin\/wp-content\/uploads\/Sila-Turkoglu-5-1.png\" alt=\"\" width=\"1208\" height=\"680\" title=\"\" srcset=\"https:\/\/www.tgrthaber.com\/mavikadin\/wp-content\/uploads\/Sila-Turkoglu-5-1.png 1208w, https:\/\/www.tgrthaber.com\/mavikadin\/wp-content\/uploads\/Sila-Turkoglu-5-1-300x169.png 300w, https:\/\/www.tgrthaber.com\/mavikadin\/wp-content\/uploads\/Sila-Turkoglu-5-1-1024x576.png 1024w, https:\/\/www.tgrthaber.com\/mavikadin\/wp-content\/uploads\/Sila-Turkoglu-5-1-768x432.png 768w\" sizes=\"(max-width: 1208px) 100vw, 1208px\" \/><\/p>\n<hr \/>\n<h3>SILA T\u00dcRKO\u011eLU K\u0130MD\u0130R?<\/h3>\n<p>18 Nisan 1999\u2019da \u0130zmir\u2019de d\u00fcnyaya gelen S\u0131la T\u00fcrko\u011flu oyunculu\u011fa 2018 y\u0131l\u0131nda rol ald\u0131\u011f\u0131 A\u011flama Anne dizisiyle ba\u015flad\u0131. 2019 y\u0131l\u0131nda Yemin dizisinde Suna karakterini, 7 Eyl\u00fcl 2020&#8217;de Kanal 7&#8217;de yay\u0131mlanmaya ba\u015flayan Emanet dizisinde Seher karakterini oynad\u0131.<\/p>\n<p><img loading=\"lazy\" decoding=\"async\" class=\"aligncenter wp-image-202316 size-full\" src=\"https:\/\/www.tgrthaber.com\/mavikadin\/wp-content\/uploads\/sila-turkoglu-isvecte-goz-kamastirdi.jpg\" alt=\"\" width=\"1208\" height=\"680\" title=\"\" srcset=\"https:\/\/www.tgrthaber.com\/mavikadin\/wp-content\/uploads\/sila-turkoglu-isvecte-goz-kamastirdi.jpg 1208w, https:\/\/www.tgrthaber.com\/mavikadin\/wp-content\/uploads\/sila-turkoglu-isvecte-goz-kamastirdi-300x169.jpg 300w, https:\/\/www.tgrthaber.com\/mavikadin\/wp-content\/uploads\/sila-turkoglu-isvecte-goz-kamastirdi-1024x576.jpg 1024w, https:\/\/www.tgrthaber.com\/mavikadin\/wp-content\/uploads\/sila-turkoglu-isvecte-goz-kamastirdi-768x432.jpg 768w\" sizes=\"(max-width: 1208px) 100vw, 1208px\" \/><\/p>\n<hr \/>\n<p>G\u00fcn\u00fcm\u00fczde ise, 2022 y\u0131l\u0131ndan itibaren Show TV&#8217;de yay\u0131mlanan K\u0131z\u0131lc\u0131k \u015eerbeti dizisinde Do\u011fa Korkmaz karakteriyle ba\u015frolde yer al\u0131yor. S\u0131la T\u00fcrko\u011flu 2023\u2019te d\u00fczenlenen 49. Alt\u0131n Kelebek \u00d6d\u00fclleri&#8217;nde Y\u0131ld\u0131z\u0131 Parlayanlar \u00f6d\u00fcl\u00fcn\u00fcn sahibi oldu.<\/p>\n","protected":false},"excerpt":{"rendered":"<p>K\u0131z\u0131l\u0131k \u015eerbeti dizisinin ba\u015frol oyuncular\u0131ndan S\u0131la T\u00fcrko\u011flu 4&#8217;\u00fcnc\u00fc sezonuyla izleyicisiyle bulu\u015fmaya haz\u0131rlan\u0131yor. Dizi hakk\u0131nda \u00e7arp\u0131c\u0131 a\u00e7\u0131klamalar yapan \u00fcnl\u00fc oyuncu &#8220;\u00c7ok b\u00fcy\u00fck olaylar ya\u015fanacak&#8221; dedi.<\/p>\n","protected":false},"author":5,"featured_media":230041,"comment_status":"closed","ping_status":"closed","sticky":false,"template":"","format":"standard","meta":{"rank_math_lock_modified_date":false,"footnotes":""},"categories":[76],"tags":[3541,157,133,2182],"class_list":["post-230037","post","type-post","status-publish","format-standard","has-post-thumbnail","hentry","category-magazin","tag-ata-ayyildiz","tag-kizilcik-serbeti","tag-magazin","tag-sila-turkoglu"],"_links":{"self":[{"href":"https:\/\/www.tgrthaber.com\/mavikadin\/wp-json\/wp\/v2\/posts\/230037"}],"collection":[{"href":"https:\/\/www.tgrthaber.com\/mavikadin\/wp-json\/wp\/v2\/posts"}],"about":[{"href":"https:\/\/www.tgrthaber.com\/mavikadin\/wp-json\/wp\/v2\/types\/post"}],"author":[{"embeddable":true,"href":"https:\/\/www.tgrthaber.com\/mavikadin\/wp-json\/wp\/v2\/users\/5"}],"replies":[{"embeddable":true,"href":"https:\/\/www.tgrthaber.com\/mavikadin\/wp-json\/wp\/v2\/comments?post=230037"}],"version-history":[{"count":1,"href":"https:\/\/www.tgrthaber.com\/mavikadin\/wp-json\/wp\/v2\/posts\/230037\/revisions"}],"predecessor-version":[{"id":230045,"href":"https:\/\/www.tgrthaber.com\/mavikadin\/wp-json\/wp\/v2\/posts\/230037\/revisions\/230045"}],"wp:featuredmedia":[{"embeddable":true,"href":"https:\/\/www.tgrthaber.com\/mavikadin\/wp-json\/wp\/v2\/media\/230041"}],"wp:attachment":[{"href":"https:\/\/www.tgrthaber.com\/mavikadin\/wp-json\/wp\/v2\/media?parent=230037"}],"wp:term":[{"taxonomy":"category","embeddable":true,"href":"https:\/\/www.tgrthaber.com\/mavikadin\/wp-json\/wp\/v2\/categories?post=230037"},{"taxonomy":"post_tag","embeddable":true,"href":"https:\/\/www.tgrthaber.com\/mavikadin\/wp-json\/wp\/v2\/tags?post=230037"}],"curies":[{"name":"wp","href":"https:\/\/api.w.org\/{rel}","templated":true}]}}