{"id":230046,"date":"2025-09-03T11:24:25","date_gmt":"2025-09-03T08:24:25","guid":{"rendered":"https:\/\/www.tgrthaber.com\/mavikadin\/?p=230046"},"modified":"2025-09-03T11:24:25","modified_gmt":"2025-09-03T08:24:25","slug":"kurulus-orhan-basladi-mi-kurulus-orhanin-yayin-gunu-belli-oldu-mu","status":"publish","type":"post","link":"https:\/\/www.tgrthaber.com\/mavikadin\/kurulus-orhan-basladi-mi-kurulus-orhanin-yayin-gunu-belli-oldu-mu\/","title":{"rendered":"Kurulu\u015f Orhan ba\u015flad\u0131 m\u0131? Kurulu\u015f Orhan\u2019\u0131n yay\u0131n g\u00fcn\u00fc belli oldu mu?"},"content":{"rendered":"<p>Ba\u015far\u0131l\u0131 dizi Kurulu\u015f Osman yeni ad\u0131 ve yeni oyuncu kadrosu ile izleyici kar\u015f\u0131s\u0131na \u00e7\u0131kmaya haz\u0131rlan\u0131yor. Yeni sezonu ile dikkatleri \u00fczerine \u00e7eken dizi yay\u0131nlanacak olan b\u00f6l\u00fcmleri ile arama motorlar\u0131nda ara\u015ft\u0131r\u0131lmaya ba\u015fland\u0131. Peki, Kurulu\u015f Orhan ba\u015flad\u0131 m\u0131? Kurulu\u015f Orhan\u2019\u0131n yay\u0131n g\u00fcn\u00fc belli oldu mu? sorular\u0131n\u0131 sizin i\u00e7in ara\u015ft\u0131rd\u0131k. \u0130\u015fte detaylar\u2026<\/p>\n<h3>KURULU\u015e ORHAN BA\u015eLADI MI?<\/h3>\n<p>ATV ekranlar\u0131n\u0131n fenomen dizilerinden biri olan Kurulu\u015f Osman, yeni ad\u0131 ve yeni oyuncu kadrosu ile dikkatleri \u00fczerine \u00e7ekiyor. Burak \u00d6z\u00e7ivit\u2019in yerine Mert Yaz\u0131c\u0131o\u011flu\u2019nun gelmesiyle merak konusu olan <a href=\"https:\/\/www.tgrthaber.com\/mavikadin\/kurulus-osman-7-sezon-ne-zaman-kurulus-osman-yeni-sezonda-surpriz-gelisme\/\">Kurulu\u015f Orhan,<\/a> yeni b\u00f6l\u00fcmleri i\u00e7in heyecan daha da artt\u0131.<\/p>\n<p><img loading=\"lazy\" decoding=\"async\" class=\"alignnone size-full wp-image-230053\" src=\"https:\/\/www.tgrthaber.com\/mavikadin\/wp-content\/uploads\/ARZU-2025-09-03T111935.104.jpg\" alt=\"Kurulu\u015f Orhan ba\u015flad\u0131 m\u0131? Kurulu\u015f Orhan\u2019\u0131n yay\u0131n g\u00fcn\u00fc belli oldu mu?\" width=\"1208\" height=\"680\" title=\"\" srcset=\"https:\/\/www.tgrthaber.com\/mavikadin\/wp-content\/uploads\/ARZU-2025-09-03T111935.104.jpg 1208w, https:\/\/www.tgrthaber.com\/mavikadin\/wp-content\/uploads\/ARZU-2025-09-03T111935.104-300x169.jpg 300w, https:\/\/www.tgrthaber.com\/mavikadin\/wp-content\/uploads\/ARZU-2025-09-03T111935.104-1024x576.jpg 1024w, https:\/\/www.tgrthaber.com\/mavikadin\/wp-content\/uploads\/ARZU-2025-09-03T111935.104-768x432.jpg 768w\" sizes=\"(max-width: 1208px) 100vw, 1208px\" \/><\/p>\n<hr \/>\n<p>Dizinin yap\u0131mc\u0131s\u0131 Bozda\u011f Film taraf\u0131ndan yap\u0131lan a\u00e7\u0131klamalara g\u00f6re, Osman Bey\u2019in o\u011flu Orhan Bey i\u00e7in Mert Yaz\u0131c\u0131o\u011flu ekranlara gelecek. Ya\u015fanan bu geli\u015fme sonras\u0131 dizi de yeni bir d\u00f6nemin ba\u015flayaca\u011f\u0131 dizi hem tarihi geli\u015fmeler hem de karakter \u00e7at\u0131\u015fmalar\u0131 \u00f6n plana \u00e7\u0131k\u0131yor.<\/p>\n<p><img loading=\"lazy\" decoding=\"async\" class=\"alignnone size-full wp-image-230051\" src=\"https:\/\/www.tgrthaber.com\/mavikadin\/wp-content\/uploads\/ARZU-2025-09-03T111957.368.jpg\" alt=\"Kurulu\u015f Orhan ba\u015flad\u0131 m\u0131? Kurulu\u015f Orhan\u2019\u0131n yay\u0131n g\u00fcn\u00fc belli oldu mu?\" width=\"1208\" height=\"680\" title=\"\" srcset=\"https:\/\/www.tgrthaber.com\/mavikadin\/wp-content\/uploads\/ARZU-2025-09-03T111957.368.jpg 1208w, https:\/\/www.tgrthaber.com\/mavikadin\/wp-content\/uploads\/ARZU-2025-09-03T111957.368-300x169.jpg 300w, https:\/\/www.tgrthaber.com\/mavikadin\/wp-content\/uploads\/ARZU-2025-09-03T111957.368-1024x576.jpg 1024w, https:\/\/www.tgrthaber.com\/mavikadin\/wp-content\/uploads\/ARZU-2025-09-03T111957.368-768x432.jpg 768w\" sizes=\"(max-width: 1208px) 100vw, 1208px\" \/><\/p>\n<hr \/>\n<p>Dizi de sadece Mert Yaz\u0131c\u0131o\u011flu\u2019nun gelmesiyle bir\u00e7ok \u00fcnl\u00fc isim de Kurulu\u015f Orhan dizisinin kadrosuna dahil oldu bu isimlerden ilki \u015e\u00fckr\u00fc \u00d6zy\u0131ld\u0131z oldu. Kad\u0131n ba\u015frol oyuncusu i\u00e7in ise kadroya Mahassine Merabet dahil oldu. Ba\u015far\u0131l\u0131 oyuncu dizi de Orhan Bey\u2019in e\u015fi Nil\u00fcfer Hatun karakterini oynayacak.<\/p>\n<p><img loading=\"lazy\" decoding=\"async\" class=\"alignnone size-full wp-image-230057\" src=\"https:\/\/www.tgrthaber.com\/mavikadin\/wp-content\/uploads\/ARZU-2025-09-03T111912.176.jpg\" alt=\"Kurulu\u015f Orhan ba\u015flad\u0131 m\u0131? Kurulu\u015f Orhan\u2019\u0131n yay\u0131n g\u00fcn\u00fc belli oldu mu?\" width=\"1208\" height=\"680\" title=\"\" srcset=\"https:\/\/www.tgrthaber.com\/mavikadin\/wp-content\/uploads\/ARZU-2025-09-03T111912.176.jpg 1208w, https:\/\/www.tgrthaber.com\/mavikadin\/wp-content\/uploads\/ARZU-2025-09-03T111912.176-300x169.jpg 300w, https:\/\/www.tgrthaber.com\/mavikadin\/wp-content\/uploads\/ARZU-2025-09-03T111912.176-1024x576.jpg 1024w, https:\/\/www.tgrthaber.com\/mavikadin\/wp-content\/uploads\/ARZU-2025-09-03T111912.176-768x432.jpg 768w\" sizes=\"(max-width: 1208px) 100vw, 1208px\" \/><\/p>\n<hr \/>\n<p>Diziye Bar\u0131\u015f Falay, Bennu Y\u0131ld\u0131r\u0131mlar gibi ba\u015far\u0131l\u0131 isimlerin dahil olmas\u0131yla dizi merakla beklenmeye ba\u015flad\u0131. \u015eimdilerde Kurulu\u015f Orhan i\u00e7in yay\u0131n tarihi hen\u00fcz kamuoyuna yans\u0131mad\u0131. Ba\u015far\u0131l\u0131 dizi Eyl\u00fcl ay\u0131n\u0131n ortalar\u0131 gibi ba\u015flayaca\u011f\u0131 d\u00fc\u015f\u00fcn\u00fcl\u00fcyor.<\/p>\n<h3><img loading=\"lazy\" decoding=\"async\" class=\"alignnone size-full wp-image-230056\" src=\"https:\/\/www.tgrthaber.com\/mavikadin\/wp-content\/uploads\/ARZU-2025-09-03T111918.400.jpg\" alt=\"Kurulu\u015f Orhan ba\u015flad\u0131 m\u0131? Kurulu\u015f Orhan\u2019\u0131n yay\u0131n g\u00fcn\u00fc belli oldu mu?\" width=\"1208\" height=\"680\" title=\"\" srcset=\"https:\/\/www.tgrthaber.com\/mavikadin\/wp-content\/uploads\/ARZU-2025-09-03T111918.400.jpg 1208w, https:\/\/www.tgrthaber.com\/mavikadin\/wp-content\/uploads\/ARZU-2025-09-03T111918.400-300x169.jpg 300w, https:\/\/www.tgrthaber.com\/mavikadin\/wp-content\/uploads\/ARZU-2025-09-03T111918.400-1024x576.jpg 1024w, https:\/\/www.tgrthaber.com\/mavikadin\/wp-content\/uploads\/ARZU-2025-09-03T111918.400-768x432.jpg 768w\" sizes=\"(max-width: 1208px) 100vw, 1208px\" \/><\/h3>\n<hr \/>\n<h3>KURULU\u015e ORHAN\u2019IN YAYIN G\u00dcN\u00dc BELL\u0130 OLDU MU?<\/h3>\n<p>Yeni sezon dizileri yava\u015f yava\u015f ekranlarda yer al\u0131rken sezon finali ile ekranlara ara veren dizi Kurulu\u015f Osman, yeni ad\u0131 ve yenilenen oyuncu kadrosu ile dikkatleri \u00fczerine \u00e7ekmeye devam ediyor. Burak \u00d6z\u00e7ivit\u2019in yap\u0131mc\u0131 ile anla\u015fmamas\u0131 sonucu ba\u015far\u0131l\u0131 oyuncu Mert Yaz\u0131c\u0131o\u011flu ile anla\u015fan Kurulu\u015f Osman, yeni oyuncular\u0131 ve yeni ad\u0131yla merak konusu oldu.<\/p>\n<p><img loading=\"lazy\" decoding=\"async\" class=\"alignnone size-full wp-image-230050\" src=\"https:\/\/www.tgrthaber.com\/mavikadin\/wp-content\/uploads\/ARZU-2025-09-03T112004.061.jpg\" alt=\"Kurulu\u015f Orhan ba\u015flad\u0131 m\u0131? Kurulu\u015f Orhan\u2019\u0131n yay\u0131n g\u00fcn\u00fc belli oldu mu?\" width=\"1208\" height=\"680\" title=\"\" srcset=\"https:\/\/www.tgrthaber.com\/mavikadin\/wp-content\/uploads\/ARZU-2025-09-03T112004.061.jpg 1208w, https:\/\/www.tgrthaber.com\/mavikadin\/wp-content\/uploads\/ARZU-2025-09-03T112004.061-300x169.jpg 300w, https:\/\/www.tgrthaber.com\/mavikadin\/wp-content\/uploads\/ARZU-2025-09-03T112004.061-1024x576.jpg 1024w, https:\/\/www.tgrthaber.com\/mavikadin\/wp-content\/uploads\/ARZU-2025-09-03T112004.061-768x432.jpg 768w\" sizes=\"(max-width: 1208px) 100vw, 1208px\" \/><\/p>\n<hr \/>\n<p>ATV ekranlar\u0131nda yay\u0131nlanan ve yay\u0131nland\u0131\u011f\u0131 g\u00fcndem beri yo\u011fun bir ilgi ile takip edilen Kurulu\u015f Osman, \u015fimdiler de ekranlar da Kurulu\u015f Orhan olarak yay\u0131nlanacak. Mert Yaz\u0131c\u0131o\u011flu\u2019nun gelmesiyle yeni oyuncular\u0131n kadroya girmesi dikkat \u00e7ekti.<\/p>\n<p><img loading=\"lazy\" decoding=\"async\" class=\"alignnone size-full wp-image-230055\" src=\"https:\/\/www.tgrthaber.com\/mavikadin\/wp-content\/uploads\/ARZU-2025-09-03T111924.305.jpg\" alt=\"Kurulu\u015f Orhan ba\u015flad\u0131 m\u0131? Kurulu\u015f Orhan\u2019\u0131n yay\u0131n g\u00fcn\u00fc belli oldu mu?\" width=\"1208\" height=\"680\" title=\"\" srcset=\"https:\/\/www.tgrthaber.com\/mavikadin\/wp-content\/uploads\/ARZU-2025-09-03T111924.305.jpg 1208w, https:\/\/www.tgrthaber.com\/mavikadin\/wp-content\/uploads\/ARZU-2025-09-03T111924.305-300x169.jpg 300w, https:\/\/www.tgrthaber.com\/mavikadin\/wp-content\/uploads\/ARZU-2025-09-03T111924.305-1024x576.jpg 1024w, https:\/\/www.tgrthaber.com\/mavikadin\/wp-content\/uploads\/ARZU-2025-09-03T111924.305-768x432.jpg 768w\" sizes=\"(max-width: 1208px) 100vw, 1208px\" \/><\/p>\n<hr \/>\n<p>Yeni sezonu ile dikkatleri \u00fczerine \u00e7eken Kurulu\u015f Orhan, yeni bir d\u00f6nem ba\u015fl\u0131yor. Bu yeni d\u00f6nemle birlikte dizinin yay\u0131n tarihi de merakla bekleniyor. Ancak dizinin yeni b\u00f6l\u00fcm\u00fc ve yay\u0131n tarihi hakk\u0131nda hen\u00fcz bir a\u00e7\u0131klama yap\u0131lmad\u0131.<\/p>\n<p><img loading=\"lazy\" decoding=\"async\" class=\"alignnone size-full wp-image-230054\" src=\"https:\/\/www.tgrthaber.com\/mavikadin\/wp-content\/uploads\/ARZU-2025-09-03T111930.234.jpg\" alt=\"Kurulu\u015f Orhan ba\u015flad\u0131 m\u0131? Kurulu\u015f Orhan\u2019\u0131n yay\u0131n g\u00fcn\u00fc belli oldu mu?\" width=\"1208\" height=\"680\" title=\"\" srcset=\"https:\/\/www.tgrthaber.com\/mavikadin\/wp-content\/uploads\/ARZU-2025-09-03T111930.234.jpg 1208w, https:\/\/www.tgrthaber.com\/mavikadin\/wp-content\/uploads\/ARZU-2025-09-03T111930.234-300x169.jpg 300w, https:\/\/www.tgrthaber.com\/mavikadin\/wp-content\/uploads\/ARZU-2025-09-03T111930.234-1024x576.jpg 1024w, https:\/\/www.tgrthaber.com\/mavikadin\/wp-content\/uploads\/ARZU-2025-09-03T111930.234-768x432.jpg 768w\" sizes=\"(max-width: 1208px) 100vw, 1208px\" \/><\/p>\n<hr \/>\n<p>\u00c7ar\u015famba ak\u015famlar\u0131n\u0131n fenomen olan dizisi yine ayn\u0131 \u015fekilde \u00e7ar\u015famba ak\u015famlar\u0131 ekranlara gelece\u011fi d\u00fc\u015f\u00fcn\u00fcl\u00fcyor. Eyl\u00fcl ay\u0131n\u0131n ortalar\u0131 gibi ba\u015flayaca\u011f\u0131 tahmin ediliyor.<\/p>\n","protected":false},"excerpt":{"rendered":"<p>ATV ekranlar\u0131n da izleyicisi ile bulu\u015fmaya g\u00fcn sayan Kurulu\u015f Orhan, yen sezonu ile dikkatleri \u00fczerine \u00e7ekiyor. Yeni sezon dizilerinin yava\u015f yava\u015f yay\u0131nlanmas\u0131yla Kurulu\u015f Orhan\u2019da merak edildi. Peki, Kurulu\u015f Orhan ba\u015flad\u0131 m\u0131? Kurulu\u015f Orhan\u2019\u0131n yay\u0131n g\u00fcn\u00fc belli oldu mu? \u0130\u015fte detaylar\u2026<\/p>\n","protected":false},"author":34,"featured_media":230049,"comment_status":"closed","ping_status":"closed","sticky":false,"template":"","format":"standard","meta":{"rank_math_lock_modified_date":false,"footnotes":""},"categories":[602],"tags":[32159,2628,60770,3072,2307],"class_list":["post-230046","post","type-post","status-publish","format-standard","has-post-thumbnail","hentry","category-diziler","tag-dizi","tag-dizi-haberleri","tag-kurulus-orhan","tag-kurulus-osman","tag-mert-yazicioglu"],"_links":{"self":[{"href":"https:\/\/www.tgrthaber.com\/mavikadin\/wp-json\/wp\/v2\/posts\/230046"}],"collection":[{"href":"https:\/\/www.tgrthaber.com\/mavikadin\/wp-json\/wp\/v2\/posts"}],"about":[{"href":"https:\/\/www.tgrthaber.com\/mavikadin\/wp-json\/wp\/v2\/types\/post"}],"author":[{"embeddable":true,"href":"https:\/\/www.tgrthaber.com\/mavikadin\/wp-json\/wp\/v2\/users\/34"}],"replies":[{"embeddable":true,"href":"https:\/\/www.tgrthaber.com\/mavikadin\/wp-json\/wp\/v2\/comments?post=230046"}],"version-history":[{"count":1,"href":"https:\/\/www.tgrthaber.com\/mavikadin\/wp-json\/wp\/v2\/posts\/230046\/revisions"}],"predecessor-version":[{"id":230064,"href":"https:\/\/www.tgrthaber.com\/mavikadin\/wp-json\/wp\/v2\/posts\/230046\/revisions\/230064"}],"wp:featuredmedia":[{"embeddable":true,"href":"https:\/\/www.tgrthaber.com\/mavikadin\/wp-json\/wp\/v2\/media\/230049"}],"wp:attachment":[{"href":"https:\/\/www.tgrthaber.com\/mavikadin\/wp-json\/wp\/v2\/media?parent=230046"}],"wp:term":[{"taxonomy":"category","embeddable":true,"href":"https:\/\/www.tgrthaber.com\/mavikadin\/wp-json\/wp\/v2\/categories?post=230046"},{"taxonomy":"post_tag","embeddable":true,"href":"https:\/\/www.tgrthaber.com\/mavikadin\/wp-json\/wp\/v2\/tags?post=230046"}],"curies":[{"name":"wp","href":"https:\/\/api.w.org\/{rel}","templated":true}]}}