{"id":230089,"date":"2025-09-03T12:02:03","date_gmt":"2025-09-03T09:02:03","guid":{"rendered":"https:\/\/www.tgrthaber.com\/mavikadin\/?p=230089"},"modified":"2025-09-03T12:02:03","modified_gmt":"2025-09-03T09:02:03","slug":"ramazan-ne-zaman-2026-ramazan-ayi-baslangici-hangi-tarih","status":"publish","type":"post","link":"https:\/\/www.tgrthaber.com\/mavikadin\/ramazan-ne-zaman-2026-ramazan-ayi-baslangici-hangi-tarih\/","title":{"rendered":"Ramazan ne zaman? 2026 Ramazan ay\u0131 ba\u015flang\u0131c\u0131 hangi tarih?"},"content":{"rendered":"<p>Ramazan ay\u0131, oru\u00e7 ay\u0131, ibadet ay\u0131d\u0131r. Bu ay yap\u0131lan t\u00fcm ibadetlere fazlas\u0131yla kar\u015f\u0131l\u0131k verilir, nafile veya farz t\u00fcm ibadetlere daha fazla sevap yaz\u0131l\u0131r. Ramazan ay\u0131n\u0131 f\u0131rsat ganimet bilmeli, bu aydan gafil olmay\u0131p ibadet ve taat \u00fczerine ge\u00e7irmelidir. Peki, Ramazan ne zaman? 2026 Ramazan ba\u015flang\u0131c\u0131 hangi tarih?<\/p>\n<h3>2026 RAMAZAN NE ZAMAN?<\/h3>\n<p>Ramazan ay\u0131na say\u0131l\u0131 aylar\u0131n kald\u0131\u011f\u0131 \u015fu zaman diliminde Ramazan ay\u0131n\u0131n 2026 y\u0131l\u0131nda ne zaman ba\u015flayaca\u011f\u0131 vatanda\u015flar taraf\u0131ndan \u015fimdiden ara\u015ft\u0131r\u0131lmaya ba\u015fland\u0131. Acaba 2026\u2019da Ramazan ne zaman?<\/p>\n<p><strong>2026 senesinde Ramazan ay\u0131 1.g\u00fcn\u00fc 19 \u015eubat 2026 Per\u015fembe g\u00fcn\u00fc ba\u015fl\u0131yor. Ramazan ay\u0131n\u0131n son g\u00fcn\u00fc ise 19 Mart 2026 Per\u015fembe g\u00fcn\u00fcd\u00fcr.<\/strong>\u00a0<img loading=\"lazy\" decoding=\"async\" class=\"size-full wp-image-230092 aligncenter\" src=\"https:\/\/www.tgrthaber.com\/mavikadin\/wp-content\/uploads\/ramazan-ne-zaman-2026-ramazan-ayi-baslangici-hangi-tarih-4.jpg\" alt=\"\" width=\"1208\" height=\"680\" title=\"\" srcset=\"https:\/\/www.tgrthaber.com\/mavikadin\/wp-content\/uploads\/ramazan-ne-zaman-2026-ramazan-ayi-baslangici-hangi-tarih-4.jpg 1208w, https:\/\/www.tgrthaber.com\/mavikadin\/wp-content\/uploads\/ramazan-ne-zaman-2026-ramazan-ayi-baslangici-hangi-tarih-4-300x169.jpg 300w, https:\/\/www.tgrthaber.com\/mavikadin\/wp-content\/uploads\/ramazan-ne-zaman-2026-ramazan-ayi-baslangici-hangi-tarih-4-1024x576.jpg 1024w, https:\/\/www.tgrthaber.com\/mavikadin\/wp-content\/uploads\/ramazan-ne-zaman-2026-ramazan-ayi-baslangici-hangi-tarih-4-768x432.jpg 768w\" sizes=\"(max-width: 1208px) 100vw, 1208px\" \/><\/p>\n<hr \/>\n<p>2026 y\u0131l\u0131nda Ramazan ay\u0131 i\u00e7in 18 \u015eubat \u00c7ar\u015famba&#8217;y\u0131 Per\u015fembeye ba\u011flayan gece ilk sahur eda edilecek, 19 \u015eubat 2026 Per\u015fembe g\u00fcn\u00fc ilk oru\u00e7 tutulacakt\u0131r.<\/p>\n<p>Kadir gecesinin ise 16 Mart 2026 Pazartesi\u2019ne denk geldi\u011fi a\u00e7\u0131klanm\u0131\u015ft\u0131r.<\/p>\n<p><img loading=\"lazy\" decoding=\"async\" class=\"size-full wp-image-230093 aligncenter\" src=\"https:\/\/www.tgrthaber.com\/mavikadin\/wp-content\/uploads\/ramazan-ne-zaman-2026-ramazan-ayi-baslangici-hangi-tarih-2.jpg\" alt=\"\" width=\"1208\" height=\"680\" title=\"\" srcset=\"https:\/\/www.tgrthaber.com\/mavikadin\/wp-content\/uploads\/ramazan-ne-zaman-2026-ramazan-ayi-baslangici-hangi-tarih-2.jpg 1208w, https:\/\/www.tgrthaber.com\/mavikadin\/wp-content\/uploads\/ramazan-ne-zaman-2026-ramazan-ayi-baslangici-hangi-tarih-2-300x169.jpg 300w, https:\/\/www.tgrthaber.com\/mavikadin\/wp-content\/uploads\/ramazan-ne-zaman-2026-ramazan-ayi-baslangici-hangi-tarih-2-1024x576.jpg 1024w, https:\/\/www.tgrthaber.com\/mavikadin\/wp-content\/uploads\/ramazan-ne-zaman-2026-ramazan-ayi-baslangici-hangi-tarih-2-768x432.jpg 768w\" sizes=\"(max-width: 1208px) 100vw, 1208px\" \/><\/p>\n<hr \/>\n<p>Ramazan Bayram\u0131\u2019n\u0131n 1. G\u00fcn\u00fc 20 Mart 2026 Cuma,<\/p>\n<p>Ramazan Bayram\u0131\u2019n\u0131n 2. G\u00fcn\u00fc 21 Mart 2026 Cumartesi,<\/p>\n<p>Ramazan Bayram\u0131\u2019n\u0131n 3. G\u00fcn\u00fc ise 21 Mart 2026 Pazar\u2019d\u0131r.<\/p>\n<p><img loading=\"lazy\" decoding=\"async\" class=\"size-full wp-image-230094 aligncenter\" src=\"https:\/\/www.tgrthaber.com\/mavikadin\/wp-content\/uploads\/ramazan-ne-zaman-2026-ramazan-ayi-baslangici-hangi-tarih-6.jpg\" alt=\"\" width=\"1208\" height=\"680\" title=\"\" srcset=\"https:\/\/www.tgrthaber.com\/mavikadin\/wp-content\/uploads\/ramazan-ne-zaman-2026-ramazan-ayi-baslangici-hangi-tarih-6.jpg 1208w, https:\/\/www.tgrthaber.com\/mavikadin\/wp-content\/uploads\/ramazan-ne-zaman-2026-ramazan-ayi-baslangici-hangi-tarih-6-300x169.jpg 300w, https:\/\/www.tgrthaber.com\/mavikadin\/wp-content\/uploads\/ramazan-ne-zaman-2026-ramazan-ayi-baslangici-hangi-tarih-6-1024x576.jpg 1024w, https:\/\/www.tgrthaber.com\/mavikadin\/wp-content\/uploads\/ramazan-ne-zaman-2026-ramazan-ayi-baslangici-hangi-tarih-6-768x432.jpg 768w\" sizes=\"(max-width: 1208px) 100vw, 1208px\" \/><\/p>\n<hr \/>\n<h3>2026 RAMAZAN BA\u015eLANGICI HANG\u0130 TAR\u0130H?<\/h3>\n<p>Diyanet \u0130\u015fleri Ba\u015fkanl\u0131\u011f\u0131nca a\u00e7\u0131klanan takvime g\u00f6re 2026 senesinde Ramazan ba\u015flang\u0131c\u0131 19 \u015eubat 2026 Per\u015fembe g\u00fcn\u00fcd\u00fcr.<\/p>\n<p><img loading=\"lazy\" decoding=\"async\" class=\"size-full wp-image-230095 aligncenter\" src=\"https:\/\/www.tgrthaber.com\/mavikadin\/wp-content\/uploads\/ramazan-ne-zaman-2026-ramazan-ayi-baslangici-hangi-tarih-7.jpg\" alt=\"\" width=\"1208\" height=\"680\" title=\"\" srcset=\"https:\/\/www.tgrthaber.com\/mavikadin\/wp-content\/uploads\/ramazan-ne-zaman-2026-ramazan-ayi-baslangici-hangi-tarih-7.jpg 1208w, https:\/\/www.tgrthaber.com\/mavikadin\/wp-content\/uploads\/ramazan-ne-zaman-2026-ramazan-ayi-baslangici-hangi-tarih-7-300x169.jpg 300w, https:\/\/www.tgrthaber.com\/mavikadin\/wp-content\/uploads\/ramazan-ne-zaman-2026-ramazan-ayi-baslangici-hangi-tarih-7-1024x576.jpg 1024w, https:\/\/www.tgrthaber.com\/mavikadin\/wp-content\/uploads\/ramazan-ne-zaman-2026-ramazan-ayi-baslangici-hangi-tarih-7-768x432.jpg 768w\" sizes=\"(max-width: 1208px) 100vw, 1208px\" \/><\/p>\n<hr \/>\n<h3>RAMAZAN AYINDA HANG\u0130 \u0130BADETLER YAPILMALI?<\/h3>\n<p>Ramazan ay\u0131n\u0131 ibadet ve taatle ge\u00e7irmeli, bu aydan gafil olmamal\u0131d\u0131r. Ramazan ay\u0131nda Allah i\u00e7in yap\u0131lan k\u00fc\u00e7\u00fck bir iyilik, \u00a0ba\u015fka aylarda, farz yapm\u0131\u015f gibi sevap kazand\u0131r\u0131r. Bu ayda, bir farz yapmak, ba\u015fka ayda yetmi\u015f farz yapmak gibidir.<\/p>\n<p><img loading=\"lazy\" decoding=\"async\" class=\"size-full wp-image-230096 aligncenter\" src=\"https:\/\/www.tgrthaber.com\/mavikadin\/wp-content\/uploads\/ramazan-ne-zaman-2026-ramazan-ayi-baslangici-hangi-tarih-5.jpg\" alt=\"\" width=\"1208\" height=\"680\" title=\"\" srcset=\"https:\/\/www.tgrthaber.com\/mavikadin\/wp-content\/uploads\/ramazan-ne-zaman-2026-ramazan-ayi-baslangici-hangi-tarih-5.jpg 1208w, https:\/\/www.tgrthaber.com\/mavikadin\/wp-content\/uploads\/ramazan-ne-zaman-2026-ramazan-ayi-baslangici-hangi-tarih-5-300x169.jpg 300w, https:\/\/www.tgrthaber.com\/mavikadin\/wp-content\/uploads\/ramazan-ne-zaman-2026-ramazan-ayi-baslangici-hangi-tarih-5-1024x576.jpg 1024w, https:\/\/www.tgrthaber.com\/mavikadin\/wp-content\/uploads\/ramazan-ne-zaman-2026-ramazan-ayi-baslangici-hangi-tarih-5-768x432.jpg 768w\" sizes=\"(max-width: 1208px) 100vw, 1208px\" \/><\/p>\n<hr \/>\n<p>Ramazan ay\u0131n\u0131 g\u00fcnd\u00fcz oru\u00e7 tutarak ge\u00e7irmeli, Kuran-\u0131 Kerim okumal\u0131, tesbihler \u00e7ekmeli, geceleri teravih namaz\u0131 k\u0131lmal\u0131d\u0131r.<\/p>\n<p>Had\u00ees-i \u015fer\u00eeflerde buyuruldu ki:<\/p>\n<p>\u201cDikkatli olun! Ramazan ay\u0131ndaki sevap ve g\u00fcnahlar katlar\u0131yla yaz\u0131l\u0131r. Ramazanda \u00e7ok namaz k\u0131l\u0131n\u0131z! \u00c7ok Kur\u2019\u00e2n-\u0131 ker\u00eem okuyunuz! \u00c7\u00fcnki ramazan ay\u0131nda okunan kur\u2019\u00e2n-\u0131 ker\u00eemin her harfi i\u00e7in, Cen\u00e2b-\u0131 Hak, cennet bah\u00e7elerinden bir bah\u00e7e ihsan eder.\u201d<\/p>\n<p>&#8220;Ramazan ay\u0131n\u0131n g\u00fcnd\u00fcz ve gecesinde Kur&#8217;\u00e2n-\u0131 ker\u00eemden bir \u00e2yet okuyana, her harfi i\u00e7in bir \u015fehit sevab\u0131 verilir.&#8221;<\/p>\n<p><img loading=\"lazy\" decoding=\"async\" class=\"size-full wp-image-230097 aligncenter\" src=\"https:\/\/www.tgrthaber.com\/mavikadin\/wp-content\/uploads\/ramazan-ne-zaman-2026-ramazan-ayi-baslangici-hangi-tarih-3.jpg\" alt=\"\" width=\"1208\" height=\"680\" title=\"\" srcset=\"https:\/\/www.tgrthaber.com\/mavikadin\/wp-content\/uploads\/ramazan-ne-zaman-2026-ramazan-ayi-baslangici-hangi-tarih-3.jpg 1208w, https:\/\/www.tgrthaber.com\/mavikadin\/wp-content\/uploads\/ramazan-ne-zaman-2026-ramazan-ayi-baslangici-hangi-tarih-3-300x169.jpg 300w, https:\/\/www.tgrthaber.com\/mavikadin\/wp-content\/uploads\/ramazan-ne-zaman-2026-ramazan-ayi-baslangici-hangi-tarih-3-1024x576.jpg 1024w, https:\/\/www.tgrthaber.com\/mavikadin\/wp-content\/uploads\/ramazan-ne-zaman-2026-ramazan-ayi-baslangici-hangi-tarih-3-768x432.jpg 768w\" sizes=\"(max-width: 1208px) 100vw, 1208px\" \/><\/p>\n<hr \/>\n<p>\u201cAllah\u00fc te\u00e2l\u00e2 Ramazan ay\u0131nda g\u00fcnah i\u015flemeyi terkeden kimsenin, onbir ayl\u0131k g\u00fcnah\u0131n\u0131 ma\u011ffiret eder.\u201d<\/p>\n<p>\u201cRamazana \u00e7ok h\u00fcrmet etmelidir. Onun rahmeti m\u00fcminleri sevindiricidir. O \u00f6yle bir ayd\u0131r ki; ilk g\u00fcnleri rahmet, ortas\u0131 ma\u011ffiret ve sonu cehennem ate\u015finden kurtulmakt\u0131r.\u201d<\/p>\n<p>\u201cE\u011fer kullar, ramazan-\u0131 \u015fer\u00eef ay\u0131ndaki fazilet ve ihsanlar\u0131 bilselerdi, b\u00fct\u00fcn senenin ramazan olmas\u0131n\u0131 isterlerdi. \u00c7\u00fcnk\u00fc bunda \u00e7ok sevap vard\u0131r.\u201d<\/p>\n<p>&#8220;Ramazan ay\u0131n\u0131n gelmesine sevineni, Allah\u00fc te\u00e2l\u00e2, k\u0131y\u00e2met g\u00fcn\u00fcn\u00fcn korkusundan muh\u00e2faza eder.&#8221;<\/p>\n<p>&#8220;Ramazan-\u0131 \u015fer\u00eefe h\u00fcrmet eden, Allah\u00fc te\u00e2l\u00e2ya h\u00fcrmet etmi\u015f olur.&#8221;<\/p>\n","protected":false},"excerpt":{"rendered":"<p>Ramazan ay\u0131, dinimizin k\u0131ymet verdi\u011fi m\u00fcbarek aylardand\u0131r. Bu ay\u0131 ibadetle ge\u00e7irmek isteyen M\u00fcsl\u00fcmanlar Ramazan ay\u0131n\u0131n gelmesini hasretle bekliyor. Ramazan ne zaman? 2026 Ramazan ay\u0131 ba\u015flang\u0131c\u0131 hangi tarih?<\/p>\n","protected":false},"author":30,"featured_media":230091,"comment_status":"closed","ping_status":"closed","sticky":false,"template":"","format":"standard","meta":{"rank_math_lock_modified_date":false,"footnotes":""},"categories":[78],"tags":[61344,61346,61345,61343],"class_list":["post-230089","post","type-post","status-publish","format-standard","has-post-thumbnail","hentry","category-yasam","tag-2026-ramazan-ayi","tag-2026-ramazan-ayi-baslangici","tag-2026-ramazan-ne-zaman-basliyor","tag-ramazan-ne-zaman"],"_links":{"self":[{"href":"https:\/\/www.tgrthaber.com\/mavikadin\/wp-json\/wp\/v2\/posts\/230089"}],"collection":[{"href":"https:\/\/www.tgrthaber.com\/mavikadin\/wp-json\/wp\/v2\/posts"}],"about":[{"href":"https:\/\/www.tgrthaber.com\/mavikadin\/wp-json\/wp\/v2\/types\/post"}],"author":[{"embeddable":true,"href":"https:\/\/www.tgrthaber.com\/mavikadin\/wp-json\/wp\/v2\/users\/30"}],"replies":[{"embeddable":true,"href":"https:\/\/www.tgrthaber.com\/mavikadin\/wp-json\/wp\/v2\/comments?post=230089"}],"version-history":[{"count":2,"href":"https:\/\/www.tgrthaber.com\/mavikadin\/wp-json\/wp\/v2\/posts\/230089\/revisions"}],"predecessor-version":[{"id":230099,"href":"https:\/\/www.tgrthaber.com\/mavikadin\/wp-json\/wp\/v2\/posts\/230089\/revisions\/230099"}],"wp:featuredmedia":[{"embeddable":true,"href":"https:\/\/www.tgrthaber.com\/mavikadin\/wp-json\/wp\/v2\/media\/230091"}],"wp:attachment":[{"href":"https:\/\/www.tgrthaber.com\/mavikadin\/wp-json\/wp\/v2\/media?parent=230089"}],"wp:term":[{"taxonomy":"category","embeddable":true,"href":"https:\/\/www.tgrthaber.com\/mavikadin\/wp-json\/wp\/v2\/categories?post=230089"},{"taxonomy":"post_tag","embeddable":true,"href":"https:\/\/www.tgrthaber.com\/mavikadin\/wp-json\/wp\/v2\/tags?post=230089"}],"curies":[{"name":"wp","href":"https:\/\/api.w.org\/{rel}","templated":true}]}}