{"id":230090,"date":"2025-09-03T12:12:56","date_gmt":"2025-09-03T09:12:56","guid":{"rendered":"https:\/\/www.tgrthaber.com\/mavikadin\/?p=230090"},"modified":"2025-09-03T12:12:57","modified_gmt":"2025-09-03T09:12:57","slug":"berfu-hatipoglu-kimdir-kac-yasinda-berfu-hatipogluna-ne-oldu","status":"publish","type":"post","link":"https:\/\/www.tgrthaber.com\/mavikadin\/berfu-hatipoglu-kimdir-kac-yasinda-berfu-hatipogluna-ne-oldu\/","title":{"rendered":"Berfu Hatipo\u011flu kimdir ka\u00e7 ya\u015f\u0131nda? Berfu Hatipo\u011flu&#8217;na ne oldu?"},"content":{"rendered":"<p>\u0130zmir\u2019de ge\u00e7ti\u011fimiz saatlerde ger\u00e7ekle\u015fen u\u00e7ak d\u00fc\u015fmesi kazas\u0131n\u0131n ard\u0131ndan T\u00fcrk Hava Kurumu\u2019na ait e\u011fitim u\u00e7a\u011f\u0131 oldu\u011fu \u00f6\u011frenildi. U\u00e7a\u011f\u0131n i\u00e7inde pilot aday\u0131 Berfu Hatipo\u011flu, hayat\u0131n\u0131 kaybetti. \u0130\u015fte detaylar\u2026<\/p>\n<h3>BERFU HAT\u0130PO\u011eLU K\u0130MD\u0130R?<\/h3>\n<p>\u0130zmir Torbal\u0131 il\u00e7esinde meydana gelen u\u00e7ak kazas\u0131 ge\u00e7ti\u011fimiz saatler de g\u00fcndem de dikkat \u00e7eken konular aras\u0131nda yer ald\u0131. T\u00fcrk Hava Kurumu\u2019na ait oldu\u011fu bilinen bir e\u011fitim u\u00e7a\u011f\u0131n\u0131n d\u00fc\u015fmesi sonucu pilot aday\u0131 Berfu Hatipo\u011flu, hayat\u0131n\u0131 kaybetti.<\/p>\n<p><img loading=\"lazy\" decoding=\"async\" class=\"alignnone size-full wp-image-230100\" src=\"https:\/\/www.tgrthaber.com\/mavikadin\/wp-content\/uploads\/ARZU-2025-09-03T120828.266.jpg\" alt=\"Berfu Hatipo\u011flu kimdir ka\u00e7 ya\u015f\u0131nda? Berfu Hatipo\u011flu&#039;na ne oldu?\" width=\"1208\" height=\"680\" title=\"\" srcset=\"https:\/\/www.tgrthaber.com\/mavikadin\/wp-content\/uploads\/ARZU-2025-09-03T120828.266.jpg 1208w, https:\/\/www.tgrthaber.com\/mavikadin\/wp-content\/uploads\/ARZU-2025-09-03T120828.266-300x169.jpg 300w, https:\/\/www.tgrthaber.com\/mavikadin\/wp-content\/uploads\/ARZU-2025-09-03T120828.266-1024x576.jpg 1024w, https:\/\/www.tgrthaber.com\/mavikadin\/wp-content\/uploads\/ARZU-2025-09-03T120828.266-768x432.jpg 768w\" sizes=\"(max-width: 1208px) 100vw, 1208px\" \/><\/p>\n<hr \/>\n<p>Derin bir \u00fcz\u00fcnt\u00fc olu\u015fturan bu olay sonras\u0131 Berfu Hatipo\u011flu\u2019nun kim oldu\u011fu ve kazan\u0131n detaylar merak konusu oldu. Berfu Hatipo\u011flu\u2019nun sosyal medya hesaplar\u0131na bak\u0131ld\u0131\u011f\u0131nda havac\u0131l\u0131k sekt\u00f6r\u00fcne duydu\u011fu sevgi net olarak g\u00f6r\u00fcl\u00fcyor.<\/p>\n<p><img loading=\"lazy\" decoding=\"async\" class=\"alignnone size-full wp-image-230101\" src=\"https:\/\/www.tgrthaber.com\/mavikadin\/wp-content\/uploads\/ARZU-2025-09-03T120811.901.jpg\" alt=\"Berfu Hatipo\u011flu kimdir ka\u00e7 ya\u015f\u0131nda? Berfu Hatipo\u011flu&#039;na ne oldu?\" width=\"1208\" height=\"680\" title=\"\" srcset=\"https:\/\/www.tgrthaber.com\/mavikadin\/wp-content\/uploads\/ARZU-2025-09-03T120811.901.jpg 1208w, https:\/\/www.tgrthaber.com\/mavikadin\/wp-content\/uploads\/ARZU-2025-09-03T120811.901-300x169.jpg 300w, https:\/\/www.tgrthaber.com\/mavikadin\/wp-content\/uploads\/ARZU-2025-09-03T120811.901-1024x576.jpg 1024w, https:\/\/www.tgrthaber.com\/mavikadin\/wp-content\/uploads\/ARZU-2025-09-03T120811.901-768x432.jpg 768w\" sizes=\"(max-width: 1208px) 100vw, 1208px\" \/><\/p>\n<hr \/>\n<p>T\u00fcrk Hava Kurumu\u2019nun pilot yeti\u015ftirme program\u0131na kat\u0131lan Berfu Hatipo\u011flu, u\u00e7u\u015f hostesli\u011fi e\u011fitmenli\u011fi yapt\u0131\u011f\u0131 ve pilot olmak i\u00e7in yo\u011fun bir e\u011fitim s\u00fcrecine girdi\u011fi iddia edildi. Do\u011fum tarihi hakk\u0131nda bilgilere kamuoyunda ula\u015f\u0131lmam\u0131\u015ft\u0131r.<\/p>\n<h3><img loading=\"lazy\" decoding=\"async\" class=\"alignnone size-full wp-image-230102\" src=\"https:\/\/www.tgrthaber.com\/mavikadin\/wp-content\/uploads\/ARZU-2025-09-03T120802.008.jpg\" alt=\"Berfu Hatipo\u011flu kimdir ka\u00e7 ya\u015f\u0131nda? Berfu Hatipo\u011flu&#039;na ne oldu?\" width=\"1208\" height=\"680\" title=\"\" srcset=\"https:\/\/www.tgrthaber.com\/mavikadin\/wp-content\/uploads\/ARZU-2025-09-03T120802.008.jpg 1208w, https:\/\/www.tgrthaber.com\/mavikadin\/wp-content\/uploads\/ARZU-2025-09-03T120802.008-300x169.jpg 300w, https:\/\/www.tgrthaber.com\/mavikadin\/wp-content\/uploads\/ARZU-2025-09-03T120802.008-1024x576.jpg 1024w, https:\/\/www.tgrthaber.com\/mavikadin\/wp-content\/uploads\/ARZU-2025-09-03T120802.008-768x432.jpg 768w\" sizes=\"(max-width: 1208px) 100vw, 1208px\" \/><\/h3>\n<hr \/>\n<h3>BERFU HAT\u0130PO\u011eLU KA\u00c7 YA\u015eINDA?<\/h3>\n<p>Ka\u00e7 ya\u015f\u0131nda oldu\u011fu ya da nereli oldu\u011fu bilgisine ula\u015f\u0131lmam\u0131\u015ft\u0131r. Kendisinin sadece pilotluk i\u00e7in e\u011fitim ald\u0131\u011f\u0131n\u0131n bilgisine ula\u015f\u0131lm\u0131\u015ft\u0131r. Baz\u0131 haber kaynaklar\u0131nda \u0130zmirli oldu\u011fu iddia edilen Berfu Hatipo\u011flu, havac\u0131l\u0131\u011fa duydu\u011fu ilgi ile havac\u0131l\u0131k sekt\u00f6r\u00fcnde e\u011fitim almak istemi\u015f.<\/p>\n<p><img loading=\"lazy\" decoding=\"async\" class=\"alignnone size-full wp-image-230103\" src=\"https:\/\/www.tgrthaber.com\/mavikadin\/wp-content\/uploads\/ARZU-2025-09-03T120752.209.jpg\" alt=\"Berfu Hatipo\u011flu kimdir ka\u00e7 ya\u015f\u0131nda? Berfu Hatipo\u011flu&#039;na ne oldu?\" width=\"1208\" height=\"680\" title=\"\" srcset=\"https:\/\/www.tgrthaber.com\/mavikadin\/wp-content\/uploads\/ARZU-2025-09-03T120752.209.jpg 1208w, https:\/\/www.tgrthaber.com\/mavikadin\/wp-content\/uploads\/ARZU-2025-09-03T120752.209-300x169.jpg 300w, https:\/\/www.tgrthaber.com\/mavikadin\/wp-content\/uploads\/ARZU-2025-09-03T120752.209-1024x576.jpg 1024w, https:\/\/www.tgrthaber.com\/mavikadin\/wp-content\/uploads\/ARZU-2025-09-03T120752.209-768x432.jpg 768w\" sizes=\"(max-width: 1208px) 100vw, 1208px\" \/><\/p>\n<hr \/>\n<p>Dokuz Eyl\u00fcl \u00dcniversitesi\u2019nde e\u011fitim g\u00f6rd\u00fc\u011f\u00fc iddia edilmi\u015ftir. \u00c7e\u015fitli haber sayfalar\u0131nda yer alan bilgilere g\u00f6re, T\u00fcrk Hava Kurumu\u2019nun yeti\u015ftirdi\u011fi pilot adaylar\u0131ndan bir olacak olan Berfu Hatipo\u011flu, gelecekte \u00f6nemli bir pilot olaca\u011f\u0131 bekleniyordu.<\/p>\n<h3><img loading=\"lazy\" decoding=\"async\" class=\"alignnone size-full wp-image-230107\" src=\"https:\/\/www.tgrthaber.com\/mavikadin\/wp-content\/uploads\/ARZU-2025-09-03T120958.227.jpg\" alt=\"Berfu Hatipo\u011flu kimdir ka\u00e7 ya\u015f\u0131nda? Berfu Hatipo\u011flu&#039;na ne oldu?\" width=\"1208\" height=\"680\" title=\"\" srcset=\"https:\/\/www.tgrthaber.com\/mavikadin\/wp-content\/uploads\/ARZU-2025-09-03T120958.227.jpg 1208w, https:\/\/www.tgrthaber.com\/mavikadin\/wp-content\/uploads\/ARZU-2025-09-03T120958.227-300x169.jpg 300w, https:\/\/www.tgrthaber.com\/mavikadin\/wp-content\/uploads\/ARZU-2025-09-03T120958.227-1024x576.jpg 1024w, https:\/\/www.tgrthaber.com\/mavikadin\/wp-content\/uploads\/ARZU-2025-09-03T120958.227-768x432.jpg 768w\" sizes=\"(max-width: 1208px) 100vw, 1208px\" \/><\/h3>\n<hr \/>\n<h3>BERFU HAT\u0130PO\u011eLU\u2019NA NE OLDU?<\/h3>\n<p>\u0130zmir Torbal\u0131 il\u00e7esinin K\u0131rba\u015f Mahallesi\u2019nde T\u00fcrk Hava Kurumu\u2019na ait 172 tipi tek motor bir e\u011fitim u\u00e7a\u011f\u0131, hen\u00fcz neden, belirlenmeyen bir \u015fekilde yere d\u00fc\u015ft\u00fc. E\u011fitim u\u00e7u\u015fu s\u0131ras\u0131nda yaln\u0131z u\u00e7u\u015f yapan pilot aday\u0131 Berfu Hatipo\u011flu, olay yerinde hayat\u0131n\u0131 kaybetti.<\/p>\n<p><img loading=\"lazy\" decoding=\"async\" class=\"alignnone size-full wp-image-230104\" src=\"https:\/\/www.tgrthaber.com\/mavikadin\/wp-content\/uploads\/ARZU-2025-09-03T120732.701.jpg\" alt=\"Berfu Hatipo\u011flu kimdir ka\u00e7 ya\u015f\u0131nda? Berfu Hatipo\u011flu&#039;na ne oldu?\" width=\"1208\" height=\"680\" title=\"\" srcset=\"https:\/\/www.tgrthaber.com\/mavikadin\/wp-content\/uploads\/ARZU-2025-09-03T120732.701.jpg 1208w, https:\/\/www.tgrthaber.com\/mavikadin\/wp-content\/uploads\/ARZU-2025-09-03T120732.701-300x169.jpg 300w, https:\/\/www.tgrthaber.com\/mavikadin\/wp-content\/uploads\/ARZU-2025-09-03T120732.701-1024x576.jpg 1024w, https:\/\/www.tgrthaber.com\/mavikadin\/wp-content\/uploads\/ARZU-2025-09-03T120732.701-768x432.jpg 768w\" sizes=\"(max-width: 1208px) 100vw, 1208px\" \/><\/p>\n<hr \/>\n<p>\u0130ncelemelerin yap\u0131ld\u0131\u011f\u0131 kaza alan\u0131nda teknik bir ar\u0131za m\u0131 ya da pilot hatas\u0131 m\u0131 gibi sorular\u0131n cevaplar\u0131 hen\u00fcz yan\u0131tlamad\u0131. Yap\u0131lan incelemeler sonunda konu ile ilgili a\u00e7\u0131klama gelecektir.<\/p>\n","protected":false},"excerpt":{"rendered":"<p>Berfu Hatipo\u011flu, T\u00fcrk Hava Kurumu\u2019na ait e\u011fitim u\u00e7a\u011f\u0131 ile saha da e\u011fitim yapt\u0131\u011f\u0131 s\u0131rada kaza ge\u00e7irdi. E\u011fitim u\u00e7a\u011f\u0131n\u0131n d\u00fc\u015fmesi sonucu pilot aday\u0131 Berfu Hatipo\u011flu hayat\u0131n\u0131 kaybetti. Peki, Berfu Hatipo\u011flu kimdir?  Berfu Hatipo\u011flu\u2019na ne oldu? \u0130\u015fte detaylar\u2026<\/p>\n","protected":false},"author":34,"featured_media":230106,"comment_status":"closed","ping_status":"closed","sticky":false,"template":"","format":"standard","meta":{"rank_math_lock_modified_date":false,"footnotes":""},"categories":[491],"tags":[61347,16521,133,1792,26896],"class_list":["post-230090","post","type-post","status-publish","format-standard","has-post-thumbnail","hentry","category-biyografi","tag-berfu-hatipoglu","tag-biyografi-haberleri","tag-magazin","tag-pilot","tag-ucak-kazasi"],"_links":{"self":[{"href":"https:\/\/www.tgrthaber.com\/mavikadin\/wp-json\/wp\/v2\/posts\/230090"}],"collection":[{"href":"https:\/\/www.tgrthaber.com\/mavikadin\/wp-json\/wp\/v2\/posts"}],"about":[{"href":"https:\/\/www.tgrthaber.com\/mavikadin\/wp-json\/wp\/v2\/types\/post"}],"author":[{"embeddable":true,"href":"https:\/\/www.tgrthaber.com\/mavikadin\/wp-json\/wp\/v2\/users\/34"}],"replies":[{"embeddable":true,"href":"https:\/\/www.tgrthaber.com\/mavikadin\/wp-json\/wp\/v2\/comments?post=230090"}],"version-history":[{"count":2,"href":"https:\/\/www.tgrthaber.com\/mavikadin\/wp-json\/wp\/v2\/posts\/230090\/revisions"}],"predecessor-version":[{"id":230111,"href":"https:\/\/www.tgrthaber.com\/mavikadin\/wp-json\/wp\/v2\/posts\/230090\/revisions\/230111"}],"wp:featuredmedia":[{"embeddable":true,"href":"https:\/\/www.tgrthaber.com\/mavikadin\/wp-json\/wp\/v2\/media\/230106"}],"wp:attachment":[{"href":"https:\/\/www.tgrthaber.com\/mavikadin\/wp-json\/wp\/v2\/media?parent=230090"}],"wp:term":[{"taxonomy":"category","embeddable":true,"href":"https:\/\/www.tgrthaber.com\/mavikadin\/wp-json\/wp\/v2\/categories?post=230090"},{"taxonomy":"post_tag","embeddable":true,"href":"https:\/\/www.tgrthaber.com\/mavikadin\/wp-json\/wp\/v2\/tags?post=230090"}],"curies":[{"name":"wp","href":"https:\/\/api.w.org\/{rel}","templated":true}]}}