{"id":230120,"date":"2025-09-03T12:24:00","date_gmt":"2025-09-03T09:24:00","guid":{"rendered":"https:\/\/www.tgrthaber.com\/mavikadin\/?p=230120"},"modified":"2025-09-03T12:24:00","modified_gmt":"2025-09-03T09:24:00","slug":"gozleri-karadeniz-dizisi-seyirciden-tam-not-aldi-reytinglerde-basari-yakaladi","status":"publish","type":"post","link":"https:\/\/www.tgrthaber.com\/mavikadin\/gozleri-karadeniz-dizisi-seyirciden-tam-not-aldi-reytinglerde-basari-yakaladi\/","title":{"rendered":"G\u00f6zleri Karadeniz dizisi seyirciden tam not ald\u0131! Reytinglerde ba\u015far\u0131 yakalad\u0131"},"content":{"rendered":"<p>G\u00f6zleri Karadeniz dizisi, yeni sezona bomba gibi ba\u015flad\u0131. Yeni sezonun iddial\u0131 dizileri aras\u0131nda yer alan G\u00f6zleri Karadeniz, ilk b\u00f6l\u00fcm\u00fcyle seyirciden tam not ald\u0131. Konusu ve g\u00fc\u00e7l\u00fc oyuncu kadrosuyla dikkatleri \u00fczerine \u00e7eken dizi, reytinglerde ba\u015far\u0131 yakalad\u0131. ATV\u2019de ekran maceras\u0131na ba\u015flayan G\u00f6zleri Karadeniz dizisi, yay\u0131nlanan ilk b\u00f6l\u00fcm\u00fcyle be\u011feni toplad\u0131.<\/p>\n<h3>G\u00d6ZLER\u0130 KARADEN\u0130Z D\u0130Z\u0130S\u0130 SEY\u0130RC\u0130DEN TAM NOT ALDI!<\/h3>\n<p>G\u00f6zleri Karadeniz dizisi, ilk b\u00f6l\u00fcm\u00fcyle seyirciden tam not almay\u0131 ba\u015fard\u0131. Ba\u015frollerinde <a href=\"https:\/\/www.tgrthaber.com\/mavikadin\/gozleri-karadeniz-dizisinin-azili-halit-ozgur-sari-kimdir-halit-ozgur-sari-aslen-nereli-hangi-dizilerde-oynadi\/\">Halit \u00d6zg\u00fcr Sar\u0131<\/a> ve <a href=\"https:\/\/www.tgrthaber.com\/mavikadin\/gozleri-karadeniz-dizisinin-gunesi-ozge-yagiz-kimdir-ozge-yagiz-kac-yasinda-hangi-dizilerde-oynadi\/\">\u00d6zge Ya\u011f\u0131z<\/a>\u2019\u0131n yer ald\u0131\u011f\u0131 dizi, ekran maceras\u0131na bomba gibi ba\u015flad\u0131. Yeni sezonun iddial\u0131 dizileri aras\u0131nda yer alan G\u00f6zleri Karadeniz, izleyiciden ve sosyal medya kullan\u0131c\u0131s\u0131ndan be\u011feni toplad\u0131.<\/p>\n<p><img loading=\"lazy\" decoding=\"async\" class=\"alignnone wp-image-230123\" src=\"https:\/\/www.tgrthaber.com\/mavikadin\/wp-content\/uploads\/gozleri-karadeniz-dizi-12-1024x576.jpg\" alt=\"G\u00f6zleri Karadeniz dizisi seyirciden tam not ald\u0131! Reytinglerde ba\u015far\u0131 yakalad\u0131\" width=\"1208\" height=\"680\" title=\"\" srcset=\"https:\/\/www.tgrthaber.com\/mavikadin\/wp-content\/uploads\/gozleri-karadeniz-dizi-12-1024x576.jpg 1024w, https:\/\/www.tgrthaber.com\/mavikadin\/wp-content\/uploads\/gozleri-karadeniz-dizi-12-300x169.jpg 300w, https:\/\/www.tgrthaber.com\/mavikadin\/wp-content\/uploads\/gozleri-karadeniz-dizi-12-768x432.jpg 768w, https:\/\/www.tgrthaber.com\/mavikadin\/wp-content\/uploads\/gozleri-karadeniz-dizi-12.jpg 1208w\" sizes=\"(max-width: 1208px) 100vw, 1208px\" \/><\/p>\n<hr \/>\n<p>Yay\u0131nlanan ilk b\u00f6l\u00fcm\u00fcyle seyirciden tam not alan G\u00f6zleri Karadeniz dizisinin ilk b\u00f6l\u00fcm\u00fc b\u00fcy\u00fck bir heyecanla izleyici kar\u015f\u0131s\u0131na \u00e7\u0131kt\u0131. Yeni sezona bomba gibi bir giri\u015f yapan dizi, ge\u00e7ti\u011fimiz ak\u015fam ATV ekranlar\u0131nda seyirciyle bulu\u015ftu. A\u015fk\u0131n, s\u0131rlar\u0131n ve b\u00fcy\u00fck hesapla\u015fmalar\u0131n i\u00e7 i\u00e7e ge\u00e7ti\u011fi hik\u00e2ye, izleyicisinden tam not ald\u0131.<\/p>\n<p><img loading=\"lazy\" decoding=\"async\" class=\"alignnone wp-image-230125\" src=\"https:\/\/www.tgrthaber.com\/mavikadin\/wp-content\/uploads\/gozleri-karadeniz-dizi-14-1024x576.jpg\" alt=\"G\u00f6zleri Karadeniz dizisi seyirciden tam not ald\u0131! Reytinglerde ba\u015far\u0131 yakalad\u0131\" width=\"1208\" height=\"680\" title=\"\" srcset=\"https:\/\/www.tgrthaber.com\/mavikadin\/wp-content\/uploads\/gozleri-karadeniz-dizi-14-1024x576.jpg 1024w, https:\/\/www.tgrthaber.com\/mavikadin\/wp-content\/uploads\/gozleri-karadeniz-dizi-14-300x169.jpg 300w, https:\/\/www.tgrthaber.com\/mavikadin\/wp-content\/uploads\/gozleri-karadeniz-dizi-14-768x432.jpg 768w, https:\/\/www.tgrthaber.com\/mavikadin\/wp-content\/uploads\/gozleri-karadeniz-dizi-14.jpg 1208w\" sizes=\"(max-width: 1208px) 100vw, 1208px\" \/><\/p>\n<hr \/>\n<p>Konusu ve g\u00fc\u00e7l\u00fc oyuncu kadrosuyla dikkatleri \u00fczerine \u00e7eken dizi, ATV ekranlar\u0131nda yay\u0131n hayat\u0131na ba\u015flad\u0131. Yap\u0131m\u0131n\u0131 O3 Medya\u2019n\u0131n, yap\u0131mc\u0131l\u0131\u011f\u0131n\u0131 ise Saner Ayar\u2019\u0131n \u00fcstlendi\u011fi G\u00f6zleri Karadeniz dizisi,\u00a0Altan D\u00f6nmez ve Orkun \u00c7atak y\u00f6netmenli\u011finde izleyici kar\u015f\u0131s\u0131na \u00e7\u0131kt\u0131. Senaryosunu Ayberk \u00c7\u0131nar, Ay\u015fin Akbulut, Simge Ayvazo\u011flu\u2019nun kaleme ald\u0131\u011f\u0131 dizi, ilk b\u00f6l\u00fcm\u00fcyle b\u00fcy\u00fck ses getirdi.<\/p>\n<p><img loading=\"lazy\" decoding=\"async\" class=\"alignnone wp-image-230126\" src=\"https:\/\/www.tgrthaber.com\/mavikadin\/wp-content\/uploads\/gozleri-karadeniz-dizi-15-1024x576.jpg\" alt=\"G\u00f6zleri Karadeniz dizisi seyirciden tam not ald\u0131! Reytinglerde ba\u015far\u0131 yakalad\u0131\" width=\"1208\" height=\"680\" title=\"\" srcset=\"https:\/\/www.tgrthaber.com\/mavikadin\/wp-content\/uploads\/gozleri-karadeniz-dizi-15-1024x576.jpg 1024w, https:\/\/www.tgrthaber.com\/mavikadin\/wp-content\/uploads\/gozleri-karadeniz-dizi-15-300x169.jpg 300w, https:\/\/www.tgrthaber.com\/mavikadin\/wp-content\/uploads\/gozleri-karadeniz-dizi-15-768x432.jpg 768w, https:\/\/www.tgrthaber.com\/mavikadin\/wp-content\/uploads\/gozleri-karadeniz-dizi-15.jpg 1208w\" sizes=\"(max-width: 1208px) 100vw, 1208px\" \/><\/p>\n<hr \/>\n<p>Aile i\u00e7indeki hesapla\u015fmalar\u0131n ve ku\u015faklar aras\u0131 \u00e7at\u0131\u015fmalar\u0131n ya\u015fanaca\u011f\u0131 bir hik\u00e2yeyi konu alan G\u00f6zleri Karadeniz dizisi, yeni sezonun iddial\u0131 dizileri aras\u0131nda yer ald\u0131. Dizinin ilk b\u00f6l\u00fcm\u00fc; Ma\u00e7ariler\u2019in kay\u0131p varisi olan ve annesi bildi\u011fi kad\u0131n\u0131n \u00f6l\u00fcm\u00fcyle sars\u0131lan Azil\u2019in, ger\u00e7ekleri \u00f6\u011frenmek i\u00e7in \u0130stanbul\u2019un karanl\u0131k d\u00fcnyas\u0131yla tan\u0131\u015fmas\u0131yla ekran maceras\u0131na ba\u015flad\u0131.<\/p>\n<p><img loading=\"lazy\" decoding=\"async\" class=\"alignnone wp-image-230124\" src=\"https:\/\/www.tgrthaber.com\/mavikadin\/wp-content\/uploads\/gozleri-karadeniz-dizi-13-1024x576.jpg\" alt=\"G\u00f6zleri Karadeniz dizisi seyirciden tam not ald\u0131! Reytinglerde ba\u015far\u0131 yakalad\u0131\" width=\"1208\" height=\"680\" title=\"\" srcset=\"https:\/\/www.tgrthaber.com\/mavikadin\/wp-content\/uploads\/gozleri-karadeniz-dizi-13-1024x576.jpg 1024w, https:\/\/www.tgrthaber.com\/mavikadin\/wp-content\/uploads\/gozleri-karadeniz-dizi-13-300x169.jpg 300w, https:\/\/www.tgrthaber.com\/mavikadin\/wp-content\/uploads\/gozleri-karadeniz-dizi-13-768x432.jpg 768w, https:\/\/www.tgrthaber.com\/mavikadin\/wp-content\/uploads\/gozleri-karadeniz-dizi-13.jpg 1208w\" sizes=\"(max-width: 1208px) 100vw, 1208px\" \/><\/p>\n<hr \/>\n<h3>G\u00d6ZLER\u0130 KARADEN\u0130Z REYT\u0130NGLERDE BA\u015eARI YAKALADI!<\/h3>\n<p>G\u00f6zleri Karadeniz ge\u00e7ti\u011fimiz ak\u015fam yay\u0131nlanan ilk b\u00f6l\u00fcm\u00fcyle reytinglerde ba\u015far\u0131 yakalad\u0131. Yeni sezonun ilk dizisi olarak ATV ekranlar\u0131nda izleyici kar\u015f\u0131s\u0131na \u00e7\u0131kan G\u00f6zleri Karadeniz dizisinin ilk b\u00f6l\u00fcm\u00fc t\u00fcm ki\u015filer\u2019de 3.35 reytingle 2. s\u0131rada yer ald\u0131. Dizi, AB&#8217;de 1.67 reytingle 5. s\u0131rada ABC1&#8217;de ise 2.78 reytingle 3. s\u0131rada yer almay\u0131 ba\u015fard\u0131.<\/p>\n<p><img loading=\"lazy\" decoding=\"async\" class=\"alignnone wp-image-230122\" src=\"https:\/\/www.tgrthaber.com\/mavikadin\/wp-content\/uploads\/gozleri-karadeniz-dizi-11-1024x576.jpg\" alt=\"G\u00f6zleri Karadeniz dizisi seyirciden tam not ald\u0131! Reytinglerde ba\u015far\u0131 yakalad\u0131\" width=\"1208\" height=\"680\" title=\"\" srcset=\"https:\/\/www.tgrthaber.com\/mavikadin\/wp-content\/uploads\/gozleri-karadeniz-dizi-11-1024x576.jpg 1024w, https:\/\/www.tgrthaber.com\/mavikadin\/wp-content\/uploads\/gozleri-karadeniz-dizi-11-300x169.jpg 300w, https:\/\/www.tgrthaber.com\/mavikadin\/wp-content\/uploads\/gozleri-karadeniz-dizi-11-768x432.jpg 768w, https:\/\/www.tgrthaber.com\/mavikadin\/wp-content\/uploads\/gozleri-karadeniz-dizi-11.jpg 1208w\" sizes=\"(max-width: 1208px) 100vw, 1208px\" \/><\/p>\n<hr \/>\n<p>G\u00f6zleri Karadeniz dizisinin ilk b\u00f6l\u00fcm\u00fcnde Azil\u2019in ger\u00e7eklerle y\u00fczle\u015fmesi ekranlara ta\u015f\u0131nd\u0131. Y\u0131llar sonra Osman Ma\u00e7ari\u2019nin babas\u0131 oldu\u011funu ve annesinin kim oldu\u011funu \u00f6\u011frenen Azil, ninesi Asiye\u2019ye tepki g\u00f6sterdi.<\/p>\n<p><img loading=\"lazy\" decoding=\"async\" class=\"alignnone wp-image-230127\" src=\"https:\/\/www.tgrthaber.com\/mavikadin\/wp-content\/uploads\/gozleri-karadeniz-dizi-9-1024x576.jpg\" alt=\"G\u00f6zleri Karadeniz dizisi seyirciden tam not ald\u0131! Reytinglerde ba\u015far\u0131 yakalad\u0131\" width=\"1208\" height=\"680\" title=\"\" srcset=\"https:\/\/www.tgrthaber.com\/mavikadin\/wp-content\/uploads\/gozleri-karadeniz-dizi-9-1024x576.jpg 1024w, https:\/\/www.tgrthaber.com\/mavikadin\/wp-content\/uploads\/gozleri-karadeniz-dizi-9-300x169.jpg 300w, https:\/\/www.tgrthaber.com\/mavikadin\/wp-content\/uploads\/gozleri-karadeniz-dizi-9-768x432.jpg 768w, https:\/\/www.tgrthaber.com\/mavikadin\/wp-content\/uploads\/gozleri-karadeniz-dizi-9.jpg 1208w\" sizes=\"(max-width: 1208px) 100vw, 1208px\" \/><\/p>\n<hr \/>\n<h3>G\u00d6ZLER\u0130 KARADEN\u0130Z D\u0130Z\u0130S\u0130 OYUNCU KADROSU!<\/h3>\n<p>Halit \u00d6zg\u00fcr Sar\u0131 (Azil)<\/p>\n<p>\u00d6zge Ya\u011f\u0131z (G\u00fcne\u015f)<\/p>\n<p>Mehmet \u00d6zg\u00fcr (Osman)<\/p>\n<p>Yonca \u015eahinba\u015f (Nermin)<\/p>\n<p>Mustafa A\u00e7\u0131lan (Mehmet)<\/p>\n<p>Erol Babao\u011flu (Sado)<\/p>\n<p>Ebru Ayka\u00e7 (Havva)<\/p>\n<p>Eren \u00d6ren (Dursun)<\/p>\n<p>Osman Albayrak (K\u0131nal\u0131)<\/p>\n<p>Onur \u00d6zayd\u0131n (Haki)<\/p>\n<p>Gizem Ar\u0131kan (Ayla)<\/p>\n<p>Berk Ali \u00c7atal (Sancar)<\/p>\n<p>T\u00fcrk\u00fc Su Demirel (Fato\u015f)<\/p>\n<p>\u00d6zg\u00fcr \u00c7\u0131nar Deveci (Yunus)<\/p>\n<p>Ayten Uncuo\u011flu (Asiye)<\/p>\n","protected":false},"excerpt":{"rendered":"<p>G\u00f6zleri Karadeniz dizisi, ge\u00e7ti\u011fimiz g\u00fcn ilk b\u00f6l\u00fcm\u00fcyle ATV ekranlar\u0131nda yay\u0131n hayat\u0131na ba\u015flad\u0131. Yay\u0131nlanan ilk b\u00f6l\u00fcm\u00fcyle seyirciden tam not alan dizi, reytinglerde ba\u015far\u0131 yakalad\u0131. <\/p>\n","protected":false},"author":26,"featured_media":230121,"comment_status":"closed","ping_status":"closed","sticky":false,"template":"","format":"standard","meta":{"rank_math_lock_modified_date":false,"footnotes":""},"categories":[602],"tags":[32159,2628,3602,25421,25423],"class_list":["post-230120","post","type-post","status-publish","format-standard","has-post-thumbnail","hentry","category-diziler","tag-dizi","tag-dizi-haberleri","tag-diziler","tag-gozleri-karadeniz","tag-gozleri-karadeniz-dizi"],"_links":{"self":[{"href":"https:\/\/www.tgrthaber.com\/mavikadin\/wp-json\/wp\/v2\/posts\/230120"}],"collection":[{"href":"https:\/\/www.tgrthaber.com\/mavikadin\/wp-json\/wp\/v2\/posts"}],"about":[{"href":"https:\/\/www.tgrthaber.com\/mavikadin\/wp-json\/wp\/v2\/types\/post"}],"author":[{"embeddable":true,"href":"https:\/\/www.tgrthaber.com\/mavikadin\/wp-json\/wp\/v2\/users\/26"}],"replies":[{"embeddable":true,"href":"https:\/\/www.tgrthaber.com\/mavikadin\/wp-json\/wp\/v2\/comments?post=230120"}],"version-history":[{"count":2,"href":"https:\/\/www.tgrthaber.com\/mavikadin\/wp-json\/wp\/v2\/posts\/230120\/revisions"}],"predecessor-version":[{"id":230129,"href":"https:\/\/www.tgrthaber.com\/mavikadin\/wp-json\/wp\/v2\/posts\/230120\/revisions\/230129"}],"wp:featuredmedia":[{"embeddable":true,"href":"https:\/\/www.tgrthaber.com\/mavikadin\/wp-json\/wp\/v2\/media\/230121"}],"wp:attachment":[{"href":"https:\/\/www.tgrthaber.com\/mavikadin\/wp-json\/wp\/v2\/media?parent=230120"}],"wp:term":[{"taxonomy":"category","embeddable":true,"href":"https:\/\/www.tgrthaber.com\/mavikadin\/wp-json\/wp\/v2\/categories?post=230120"},{"taxonomy":"post_tag","embeddable":true,"href":"https:\/\/www.tgrthaber.com\/mavikadin\/wp-json\/wp\/v2\/tags?post=230120"}],"curies":[{"name":"wp","href":"https:\/\/api.w.org\/{rel}","templated":true}]}}