{"id":230139,"date":"2025-09-03T14:13:50","date_gmt":"2025-09-03T11:13:50","guid":{"rendered":"https:\/\/www.tgrthaber.com\/mavikadin\/?p=230139"},"modified":"2025-09-03T14:13:51","modified_gmt":"2025-09-03T11:13:51","slug":"mevsim-gecislerine-dikkat-gribal-enfeksiyonlar-geliyor","status":"publish","type":"post","link":"https:\/\/www.tgrthaber.com\/mavikadin\/mevsim-gecislerine-dikkat-gribal-enfeksiyonlar-geliyor\/","title":{"rendered":"Mevsim ge\u00e7i\u015flerine dikkat! Gribal enfeksiyonlar geliyor"},"content":{"rendered":"<p>Mevsim ge\u00e7i\u015flerinde ba\u011f\u0131\u015f\u0131kl\u0131k sistemi zay\u0131flar ve grip gibi enfeksiyonlar da riskini art\u0131r\u0131r. Bizler de mevsimsel ge\u00e7i\u015flerde ya\u015fanan gribal enfeksiyonlar i\u00e7in \u00e7\u00f6z\u00fcmler ara\u015ft\u0131rd\u0131k. \u0130\u015fte detaylar\u2026<\/p>\n<h3>MEVS\u0130M GE\u00c7\u0130\u015eLER\u0130NE D\u0130KKAT!<\/h3>\n<p>Yaz aylar\u0131 yava\u015f yava\u015f yurdu terk ederken mevsim ge\u00e7i\u015fleri de bir\u00e7ok ki\u015fide gribal enfeksiyona neden oluyor. So\u011fuk alg\u0131nl\u0131\u011f\u0131 ve solunum yolu hastal\u0131klar\u0131ndan korunmak i\u00e7in de tedbir al\u0131nmas\u0131 gerekiyor. \u0130lk etapta bo\u011faz a\u011fr\u0131s\u0131, y\u00fcksek ate\u015f ve ba\u015f a\u011fr\u0131s\u0131 gibi belirtiler ortaya \u00e7\u0131k\u0131yor.<\/p>\n<p><img loading=\"lazy\" decoding=\"async\" class=\"alignnone size-full wp-image-230158\" src=\"https:\/\/www.tgrthaber.com\/mavikadin\/wp-content\/uploads\/ARZU-2025-09-03T141035.420.jpg\" alt=\"Mevsim ge\u00e7i\u015flerine dikkat! Gribal enfeksiyonlar geliyor\" width=\"1208\" height=\"680\" title=\"\" srcset=\"https:\/\/www.tgrthaber.com\/mavikadin\/wp-content\/uploads\/ARZU-2025-09-03T141035.420.jpg 1208w, https:\/\/www.tgrthaber.com\/mavikadin\/wp-content\/uploads\/ARZU-2025-09-03T141035.420-300x169.jpg 300w, https:\/\/www.tgrthaber.com\/mavikadin\/wp-content\/uploads\/ARZU-2025-09-03T141035.420-1024x576.jpg 1024w, https:\/\/www.tgrthaber.com\/mavikadin\/wp-content\/uploads\/ARZU-2025-09-03T141035.420-768x432.jpg 768w\" sizes=\"(max-width: 1208px) 100vw, 1208px\" \/><\/p>\n<hr \/>\n<p>S\u0131ras\u0131yla da belirtiler aras\u0131nda \u00f6ks\u00fcr\u00fck, halsizlik, kulak ve y\u00fcz b\u00f6lgesinde bas\u0131n\u00e7 gibi belirtiler de beraberinde geliyor. S\u00f6z konusu hastal\u0131klardan korunmak i\u00e7in ve mevsimsel ge\u00e7i\u015flerde daha sa\u011fl\u0131kl\u0131 olmak i\u00e7in yap\u0131lmas\u0131 gerekenler oluyor.<\/p>\n<p><img loading=\"lazy\" decoding=\"async\" class=\"alignnone size-full wp-image-230160\" src=\"https:\/\/www.tgrthaber.com\/mavikadin\/wp-content\/uploads\/ARZU-2025-09-03T141015.042.jpg\" alt=\"Mevsim ge\u00e7i\u015flerine dikkat! Gribal enfeksiyonlar geliyor\" width=\"1208\" height=\"680\" title=\"\" srcset=\"https:\/\/www.tgrthaber.com\/mavikadin\/wp-content\/uploads\/ARZU-2025-09-03T141015.042.jpg 1208w, https:\/\/www.tgrthaber.com\/mavikadin\/wp-content\/uploads\/ARZU-2025-09-03T141015.042-300x169.jpg 300w, https:\/\/www.tgrthaber.com\/mavikadin\/wp-content\/uploads\/ARZU-2025-09-03T141015.042-1024x576.jpg 1024w, https:\/\/www.tgrthaber.com\/mavikadin\/wp-content\/uploads\/ARZU-2025-09-03T141015.042-768x432.jpg 768w\" sizes=\"(max-width: 1208px) 100vw, 1208px\" \/><\/p>\n<hr \/>\n<p>Mevsim ge\u00e7i\u015flerinde gribal enfeksiyonlardan korunmak i\u00e7in ilk olarak hijyen kurallar\u0131na uyum olduk\u00e7a \u00f6nemlidir. Kalabal\u0131k ortamlarda \u00e7al\u0131\u015f\u0131lan bir yerse el temizli\u011fi olduk\u00e7a \u00f6nemlidir. \u00c7\u00fcnk\u00fc enfeksiyonlar en \u00e7ok kapal\u0131 ortamlarda bula\u015fma yapar.<\/p>\n<p><img loading=\"lazy\" decoding=\"async\" class=\"alignnone size-full wp-image-230161\" src=\"https:\/\/www.tgrthaber.com\/mavikadin\/wp-content\/uploads\/ARZU-2025-09-03T141010.377.jpg\" alt=\"Mevsim ge\u00e7i\u015flerine dikkat! Gribal enfeksiyonlar geliyor\" width=\"1208\" height=\"680\" title=\"\" srcset=\"https:\/\/www.tgrthaber.com\/mavikadin\/wp-content\/uploads\/ARZU-2025-09-03T141010.377.jpg 1208w, https:\/\/www.tgrthaber.com\/mavikadin\/wp-content\/uploads\/ARZU-2025-09-03T141010.377-300x169.jpg 300w, https:\/\/www.tgrthaber.com\/mavikadin\/wp-content\/uploads\/ARZU-2025-09-03T141010.377-1024x576.jpg 1024w, https:\/\/www.tgrthaber.com\/mavikadin\/wp-content\/uploads\/ARZU-2025-09-03T141010.377-768x432.jpg 768w\" sizes=\"(max-width: 1208px) 100vw, 1208px\" \/><\/p>\n<hr \/>\n<p>Bu d\u00f6nemde ba\u011f\u0131\u015f\u0131kl\u0131k sisteminin g\u00fc\u00e7l\u00fc kalmas\u0131 i\u00e7in g\u00fcnl\u00fck uyku s\u00fcresinin de en az 7 ya da 8 saat olmal\u0131d\u0131r. \u00d6zellikle de uyku \u00f6ncesinde oda iyice havaland\u0131r\u0131lmal\u0131d\u0131r. Elbette d\u00fczenli bir beslenme program\u0131 ile sa\u011fl\u0131kl\u0131 beslenerek mevsim ge\u00e7i\u015flerinde gribal enfeksiyonlara kar\u015f\u0131 tedbir al\u0131nmas\u0131 gerekir.<\/p>\n<p><img loading=\"lazy\" decoding=\"async\" class=\"alignnone size-full wp-image-230163\" src=\"https:\/\/www.tgrthaber.com\/mavikadin\/wp-content\/uploads\/ARZU-2025-09-03T141004.846.jpg\" alt=\"Mevsim ge\u00e7i\u015flerine dikkat! Gribal enfeksiyonlar geliyor\" width=\"1208\" height=\"680\" title=\"\" srcset=\"https:\/\/www.tgrthaber.com\/mavikadin\/wp-content\/uploads\/ARZU-2025-09-03T141004.846.jpg 1208w, https:\/\/www.tgrthaber.com\/mavikadin\/wp-content\/uploads\/ARZU-2025-09-03T141004.846-300x169.jpg 300w, https:\/\/www.tgrthaber.com\/mavikadin\/wp-content\/uploads\/ARZU-2025-09-03T141004.846-1024x576.jpg 1024w, https:\/\/www.tgrthaber.com\/mavikadin\/wp-content\/uploads\/ARZU-2025-09-03T141004.846-768x432.jpg 768w\" sizes=\"(max-width: 1208px) 100vw, 1208px\" \/><\/p>\n<hr \/>\n<p>\u00d6zellikle de gribal enfeksiyonlar tedavi edilmedi\u011finde menenjit ve zat\u00fcrre gibi hastal\u0131klar ortaya \u00e7\u0131kar. Bu sebeple te\u015fhisin ard\u0131ndan hastaya re\u00e7ete edilecek olan ila\u00e7lar\u0131n da kullan\u0131lmas\u0131 gerekir. Ancak alerji belirtileri ile enfeksiyon belirtileri kar\u0131\u015ft\u0131r\u0131lmamal\u0131d\u0131r.<\/p>\n<h3><img loading=\"lazy\" decoding=\"async\" class=\"alignnone size-full wp-image-230166\" src=\"https:\/\/www.tgrthaber.com\/mavikadin\/wp-content\/uploads\/ARZU-2025-09-03T140952.660.jpg\" alt=\"Mevsim ge\u00e7i\u015flerine dikkat! Gribal enfeksiyonlar geliyor\" width=\"1208\" height=\"680\" title=\"\" srcset=\"https:\/\/www.tgrthaber.com\/mavikadin\/wp-content\/uploads\/ARZU-2025-09-03T140952.660.jpg 1208w, https:\/\/www.tgrthaber.com\/mavikadin\/wp-content\/uploads\/ARZU-2025-09-03T140952.660-300x169.jpg 300w, https:\/\/www.tgrthaber.com\/mavikadin\/wp-content\/uploads\/ARZU-2025-09-03T140952.660-1024x576.jpg 1024w, https:\/\/www.tgrthaber.com\/mavikadin\/wp-content\/uploads\/ARZU-2025-09-03T140952.660-768x432.jpg 768w\" sizes=\"(max-width: 1208px) 100vw, 1208px\" \/><\/h3>\n<hr \/>\n<h3>GR\u0130BAL ENFEKS\u0130YONLAR GEL\u0130YOR<\/h3>\n<p>Yaz aylar\u0131n\u0131n yava\u015f yava\u015f gitti\u011fi bu g\u00fcnlerde sonbahar mevsimi de yurda giri\u015f yap\u0131yor. Havalar\u0131n bir s\u0131cak ve bir so\u011fuk olmas\u0131 mevsim ge\u00e7i\u015flerinde gribal enfeksiyonlara neden oluyor. Ancak bazen enfeksiyon belirtileri ile alerji belirtileri kar\u0131\u015ft\u0131rt\u0131labiliyor.<\/p>\n<p><img loading=\"lazy\" decoding=\"async\" class=\"alignnone size-full wp-image-230165\" src=\"https:\/\/www.tgrthaber.com\/mavikadin\/wp-content\/uploads\/ARZU-2025-09-03T140959.654.jpg\" alt=\"Mevsim ge\u00e7i\u015flerine dikkat! Gribal enfeksiyonlar geliyor\" width=\"1208\" height=\"680\" title=\"\" srcset=\"https:\/\/www.tgrthaber.com\/mavikadin\/wp-content\/uploads\/ARZU-2025-09-03T140959.654.jpg 1208w, https:\/\/www.tgrthaber.com\/mavikadin\/wp-content\/uploads\/ARZU-2025-09-03T140959.654-300x169.jpg 300w, https:\/\/www.tgrthaber.com\/mavikadin\/wp-content\/uploads\/ARZU-2025-09-03T140959.654-1024x576.jpg 1024w, https:\/\/www.tgrthaber.com\/mavikadin\/wp-content\/uploads\/ARZU-2025-09-03T140959.654-768x432.jpg 768w\" sizes=\"(max-width: 1208px) 100vw, 1208px\" \/><\/p>\n<hr \/>\n<p>Alerjiler ka\u015f\u0131nt\u0131, g\u00f6zlerde ya\u015farma, hap\u015f\u0131rma \u015feklinde olurken gribal enfeksiyonlar v\u00fccutta k\u0131rg\u0131nl\u0131k, ba\u015f a\u011fr\u0131s\u0131, halsizlik ve ate\u015f gribal enfeksiyonun belirtileri aras\u0131na giriyor. Havalar\u0131nda bir s\u0131cak bir so\u011fuk olmas\u0131 ile gribal enfeksiyonlar da kendini g\u00f6stermeye ba\u015fl\u0131yor.<\/p>\n<p><img loading=\"lazy\" decoding=\"async\" class=\"alignnone size-full wp-image-230159\" src=\"https:\/\/www.tgrthaber.com\/mavikadin\/wp-content\/uploads\/ARZU-2025-09-03T141021.717.jpg\" alt=\"Mevsim ge\u00e7i\u015flerine dikkat! Gribal enfeksiyonlar geliyor\" width=\"1208\" height=\"680\" title=\"\" srcset=\"https:\/\/www.tgrthaber.com\/mavikadin\/wp-content\/uploads\/ARZU-2025-09-03T141021.717.jpg 1208w, https:\/\/www.tgrthaber.com\/mavikadin\/wp-content\/uploads\/ARZU-2025-09-03T141021.717-300x169.jpg 300w, https:\/\/www.tgrthaber.com\/mavikadin\/wp-content\/uploads\/ARZU-2025-09-03T141021.717-1024x576.jpg 1024w, https:\/\/www.tgrthaber.com\/mavikadin\/wp-content\/uploads\/ARZU-2025-09-03T141021.717-768x432.jpg 768w\" sizes=\"(max-width: 1208px) 100vw, 1208px\" \/><\/p>\n<hr \/>\n<p>Bu gibi durumlarda ise yap\u0131lmas\u0131 gerekenler aras\u0131nda bol bol C vitamini t\u00fcketilmeli, ani \u0131s\u0131 de\u011fi\u015fimine uygun k\u0131yafetler giyilmeli ve art\u0131k k\u0131\u015fl\u0131klar \u00e7\u0131kart\u0131lmal\u0131d\u0131r. Toplu ta\u015f\u0131maya binildi\u011fi zaman ya da kalabal\u0131k bir ortamda olundu\u011fu zaman m\u00fcmk\u00fcn oldu\u011funca eller her zaman y\u0131kamal\u0131d\u0131r.<\/p>\n<p><img loading=\"lazy\" decoding=\"async\" class=\"alignnone size-full wp-image-230157\" src=\"https:\/\/www.tgrthaber.com\/mavikadin\/wp-content\/uploads\/ARZU-2025-09-03T141039.723.jpg\" alt=\"Mevsim ge\u00e7i\u015flerine dikkat! Gribal enfeksiyonlar geliyor\" width=\"1208\" height=\"680\" title=\"\" srcset=\"https:\/\/www.tgrthaber.com\/mavikadin\/wp-content\/uploads\/ARZU-2025-09-03T141039.723.jpg 1208w, https:\/\/www.tgrthaber.com\/mavikadin\/wp-content\/uploads\/ARZU-2025-09-03T141039.723-300x169.jpg 300w, https:\/\/www.tgrthaber.com\/mavikadin\/wp-content\/uploads\/ARZU-2025-09-03T141039.723-1024x576.jpg 1024w, https:\/\/www.tgrthaber.com\/mavikadin\/wp-content\/uploads\/ARZU-2025-09-03T141039.723-768x432.jpg 768w\" sizes=\"(max-width: 1208px) 100vw, 1208px\" \/><\/p>\n<hr \/>\n<p>Yaz aylar\u0131nda yap\u0131lan dondurma ve so\u011fuk su i\u00e7me gibi faaliyetler art\u0131k bu aylarda \u00e7ok yap\u0131lmamal\u0131d\u0131r. \u00d6zellikle grip a\u015f\u0131s\u0131 yapt\u0131rmak bu d\u00f6nemlerde olduk\u00e7a \u00f6nemli bir yer kapl\u0131yor. Mevsim ge\u00e7i\u015flerinde yap\u0131lacak olanlar\u0131 sizin i\u00e7in bu \u015fekilde ara\u015ft\u0131rd\u0131k.<\/p>\n<h3><img loading=\"lazy\" decoding=\"async\" class=\"alignnone size-full wp-image-230156\" src=\"https:\/\/www.tgrthaber.com\/mavikadin\/wp-content\/uploads\/ARZU-2025-09-03T141104.055.jpg\" alt=\"Mevsim ge\u00e7i\u015flerine dikkat! Gribal enfeksiyonlar geliyor\" width=\"1208\" height=\"680\" title=\"\" srcset=\"https:\/\/www.tgrthaber.com\/mavikadin\/wp-content\/uploads\/ARZU-2025-09-03T141104.055.jpg 1208w, https:\/\/www.tgrthaber.com\/mavikadin\/wp-content\/uploads\/ARZU-2025-09-03T141104.055-300x169.jpg 300w, https:\/\/www.tgrthaber.com\/mavikadin\/wp-content\/uploads\/ARZU-2025-09-03T141104.055-1024x576.jpg 1024w, https:\/\/www.tgrthaber.com\/mavikadin\/wp-content\/uploads\/ARZU-2025-09-03T141104.055-768x432.jpg 768w\" sizes=\"(max-width: 1208px) 100vw, 1208px\" \/><\/h3>\n<hr \/>\n<h3>SIK\u00c7A SORULAN SORULAR<\/h3>\n<ul>\n<li><strong>Mevsim de\u011fi\u015fikli\u011fine neler iyi gelir?<\/strong><\/li>\n<\/ul>\n<p>Ba\u011f\u0131\u015f\u0131kl\u0131k sisteminin kuvvetli olmas\u0131 i\u00e7in bol bol su t\u00fcketimi yap\u0131lmal\u0131d\u0131r.<\/p>\n<ul>\n<li><strong>Mevsim de\u011fi\u015fiklikleri insanlar\u0131 nas\u0131l etkiler?<\/strong><\/li>\n<\/ul>\n<p>Mevsim ge\u00e7i\u015flerinde asl\u0131nda bir\u00e7ok problem oluyor. Bunlar ise enerji azl\u0131\u011f\u0131, yorgunluk artar, sa\u00e7 s\u00f6k\u00fclmesi ya\u015fan\u0131r, uyku d\u00fczensizli\u011fi meydana gelir, bedende a\u011fr\u0131lar, yeme problemleri gibi problemler de ya\u015fan\u0131r.<\/p>\n<ul>\n<li><strong>Mevsim ge\u00e7i\u015flerinde v\u00fccudu ne bekler?<\/strong><\/li>\n<\/ul>\n<p>Grip, nezle ya da mevsimsel alerjikler, farenjit, sin\u00fczitler, bron\u015fit, ast\u0131m gibi pek \u00e7ok olay ger\u00e7ekle\u015fir.<\/p>\n","protected":false},"excerpt":{"rendered":"<p>Yaz aylar\u0131 yava\u015f yava\u015f yurdu terk ederken so\u011fuk havalar da geri geliyor. Mevsim ge\u00e7i\u015flerinde ya\u015fanan hastal\u0131klar da kap\u0131m\u0131za gelmi\u015f oluyor. Bizler de bu durum kar\u015f\u0131s\u0131nda yap\u0131lmas\u0131 gerekenleri ara\u015ft\u0131rd\u0131k. \u0130\u015fte detaylar\u2026<\/p>\n","protected":false},"author":34,"featured_media":230155,"comment_status":"closed","ping_status":"closed","sticky":false,"template":"","format":"standard","meta":{"rank_math_lock_modified_date":false,"footnotes":""},"categories":[1991],"tags":[15861,61355,40724,40985,16668],"class_list":["post-230139","post","type-post","status-publish","format-standard","has-post-thumbnail","hentry","category-saglik","tag-enfeksiyon","tag-gribal-enfeksiyon","tag-grip","tag-mevsim-gecisleri","tag-saglik-haberleri"],"_links":{"self":[{"href":"https:\/\/www.tgrthaber.com\/mavikadin\/wp-json\/wp\/v2\/posts\/230139"}],"collection":[{"href":"https:\/\/www.tgrthaber.com\/mavikadin\/wp-json\/wp\/v2\/posts"}],"about":[{"href":"https:\/\/www.tgrthaber.com\/mavikadin\/wp-json\/wp\/v2\/types\/post"}],"author":[{"embeddable":true,"href":"https:\/\/www.tgrthaber.com\/mavikadin\/wp-json\/wp\/v2\/users\/34"}],"replies":[{"embeddable":true,"href":"https:\/\/www.tgrthaber.com\/mavikadin\/wp-json\/wp\/v2\/comments?post=230139"}],"version-history":[{"count":2,"href":"https:\/\/www.tgrthaber.com\/mavikadin\/wp-json\/wp\/v2\/posts\/230139\/revisions"}],"predecessor-version":[{"id":230168,"href":"https:\/\/www.tgrthaber.com\/mavikadin\/wp-json\/wp\/v2\/posts\/230139\/revisions\/230168"}],"wp:featuredmedia":[{"embeddable":true,"href":"https:\/\/www.tgrthaber.com\/mavikadin\/wp-json\/wp\/v2\/media\/230155"}],"wp:attachment":[{"href":"https:\/\/www.tgrthaber.com\/mavikadin\/wp-json\/wp\/v2\/media?parent=230139"}],"wp:term":[{"taxonomy":"category","embeddable":true,"href":"https:\/\/www.tgrthaber.com\/mavikadin\/wp-json\/wp\/v2\/categories?post=230139"},{"taxonomy":"post_tag","embeddable":true,"href":"https:\/\/www.tgrthaber.com\/mavikadin\/wp-json\/wp\/v2\/tags?post=230139"}],"curies":[{"name":"wp","href":"https:\/\/api.w.org\/{rel}","templated":true}]}}