{"id":230143,"date":"2025-09-03T14:11:45","date_gmt":"2025-09-03T11:11:45","guid":{"rendered":"https:\/\/www.tgrthaber.com\/mavikadin\/?p=230143"},"modified":"2025-09-03T14:11:46","modified_gmt":"2025-09-03T11:11:46","slug":"gonul-dagi-6-sezon-tarihi-belli-oldu-yeni-sezon-icin-geri-sayim-basladi","status":"publish","type":"post","link":"https:\/\/www.tgrthaber.com\/mavikadin\/gonul-dagi-6-sezon-tarihi-belli-oldu-yeni-sezon-icin-geri-sayim-basladi\/","title":{"rendered":"G\u00f6n\u00fcl Da\u011f\u0131 6. sezon tarihi belli oldu! Yeni sezon i\u00e7in geri say\u0131m ba\u015flad\u0131"},"content":{"rendered":"<p>G\u00f6n\u00fcl Da\u011f\u0131 dizisi, 5 sezondur TRT1 ekranlar\u0131n\u0131n en \u00e7ok izlenen dizileri aras\u0131nda yer al\u0131yor. Yay\u0131nland\u0131\u011f\u0131 g\u00fcnden bu yana b\u00fcy\u00fck bir ilgiyle takip edilen dizi, 6. sezonuyla ekranlara gelmeye haz\u0131rlan\u0131yor. Yeni sezon i\u00e7in geri say\u0131ma ba\u015flayan dizinin yay\u0131n tarihi netle\u015fti. \u00c7ok yak\u0131nda ekranlara gelecek olan fenomen dizi, izleyici taraf\u0131ndan merak edildi. Peki, G\u00f6n\u00fcl Da\u011f\u0131 6. sezon ne zaman? G\u00f6n\u00fcl Da\u011f\u0131 yeni sezon tarihi belli oldu mu? \u0130\u015fte G\u00f6n\u00fcl Da\u011f\u0131 dizisinin yeni sezonuna dair merak edilenler\u2026<\/p>\n<h3>G\u00d6N\u00dcL DA\u011eI 6. SEZON TAR\u0130H\u0130 BELL\u0130 OLDU!<\/h3>\n<p>G\u00f6n\u00fcl Da\u011f\u0131, 6. sezon tarihi sonunda belli oldu. TRT1 ekranlar\u0131n\u0131n fenomen dizisi G\u00f6n\u00fcl Da\u011f\u0131\u2019n\u0131n, 6. sezona 6 Eyl\u00fcl Cumartesi ak\u015fam\u0131 ba\u015flayaca\u011f\u0131 \u00f6\u011frenildi. Yeni sezon i\u00e7in geri say\u0131ma ba\u015flayan dizinin yay\u0131n tarihi 6 Eyl\u00fcl Cumartesi olarak kesinle\u015fti. Yay\u0131nland\u0131\u011f\u0131 g\u00fcnden bu yana b\u00fcy\u00fck bir ilgiyle takip edilen dizi, ge\u00e7ti\u011fimiz sezonlara reyting rekorlar\u0131 k\u0131rarak imza atm\u0131\u015ft\u0131.<\/p>\n<p><img loading=\"lazy\" decoding=\"async\" class=\"alignnone wp-image-230146\" src=\"https:\/\/www.tgrthaber.com\/mavikadin\/wp-content\/uploads\/Gonul-Dagi-6-3-1024x576.jpg\" alt=\"G\u00f6n\u00fcl Da\u011f\u0131 6. sezon tarihi belli oldu! Yeni sezon i\u00e7in geri say\u0131m ba\u015flad\u0131\" width=\"1208\" height=\"680\" title=\"\" srcset=\"https:\/\/www.tgrthaber.com\/mavikadin\/wp-content\/uploads\/Gonul-Dagi-6-3-1024x576.jpg 1024w, https:\/\/www.tgrthaber.com\/mavikadin\/wp-content\/uploads\/Gonul-Dagi-6-3-300x169.jpg 300w, https:\/\/www.tgrthaber.com\/mavikadin\/wp-content\/uploads\/Gonul-Dagi-6-3-768x432.jpg 768w, https:\/\/www.tgrthaber.com\/mavikadin\/wp-content\/uploads\/Gonul-Dagi-6-3.jpg 1208w\" sizes=\"(max-width: 1208px) 100vw, 1208px\" \/><\/p>\n<hr \/>\n<p>Cumartesi ak\u015famlar\u0131n\u0131n fenomen dizisi G\u00f6n\u00fcl Da\u011f\u0131, \u00e7ok yak\u0131nda yeni sezon maceras\u0131na ba\u015fl\u0131yor. Hem konusu hem de g\u00fc\u00e7l\u00fc oyuncu kadrosuyla dikkatleri \u00fczerin \u00e7eken dizi, yeni oyuncular\u0131yla izleyicileri merakta b\u0131rakt\u0131. S\u0131cac\u0131k aile hikayeleriyle izleyiciyi ekran ba\u015f\u0131na kilitlemeye haz\u0131rlanan G\u00f6n\u00fcl Da\u011f\u0131, birbirinden ilgin\u00e7 maceralar\u0131yla TRT1 ekranlar\u0131nda seyirciyle bulu\u015facak.<\/p>\n<p><img loading=\"lazy\" decoding=\"async\" class=\"alignnone wp-image-230145\" src=\"https:\/\/www.tgrthaber.com\/mavikadin\/wp-content\/uploads\/Gonul-Dagi-6-2-1-1024x576.jpg\" alt=\"G\u00f6n\u00fcl Da\u011f\u0131 6. sezon tarihi belli oldu! Yeni sezon i\u00e7in geri say\u0131m ba\u015flad\u0131\" width=\"1208\" height=\"680\" title=\"\" srcset=\"https:\/\/www.tgrthaber.com\/mavikadin\/wp-content\/uploads\/Gonul-Dagi-6-2-1-1024x576.jpg 1024w, https:\/\/www.tgrthaber.com\/mavikadin\/wp-content\/uploads\/Gonul-Dagi-6-2-1-300x169.jpg 300w, https:\/\/www.tgrthaber.com\/mavikadin\/wp-content\/uploads\/Gonul-Dagi-6-2-1-768x432.jpg 768w, https:\/\/www.tgrthaber.com\/mavikadin\/wp-content\/uploads\/Gonul-Dagi-6-2-1.jpg 1208w\" sizes=\"(max-width: 1208px) 100vw, 1208px\" \/><\/p>\n<hr \/>\n<p>TRT 1 ekranlar\u0131n\u0131n reyting rekortmeni sevilen dizisi G\u00f6n\u00fcl Da\u011f\u0131, 5. sezonunda b\u00fcy\u00fck bir ilgiyle takip edilmi\u015f ve izlenme rekorlar\u0131 k\u0131rm\u0131\u015ft\u0131. Yeni b\u00f6l\u00fcmleriyle izleyiciyi ekran ba\u015f\u0131na kilitlemeye haz\u0131rlanan dizi, oyuncu kadrosundaki de\u011fi\u015fiklikleriyle dikkat \u00e7ekti. G\u00f6n\u00fcl Da\u011f\u0131 dizisinin yeni sezonuna B\u00fclent \u015eakrak, Emrah Kaman, Sercan Badur, G\u00f6k\u00e7e Aky\u0131ld\u0131z ve Hac\u0131 Konuk kat\u0131ld\u0131.<\/p>\n<p><img loading=\"lazy\" decoding=\"async\" class=\"alignnone wp-image-230147\" src=\"https:\/\/www.tgrthaber.com\/mavikadin\/wp-content\/uploads\/Gonul-Dagi-6-4-1024x576.jpg\" alt=\"G\u00f6n\u00fcl Da\u011f\u0131 6. sezon tarihi belli oldu! Yeni sezon i\u00e7in geri say\u0131m ba\u015flad\u0131\" width=\"1208\" height=\"680\" title=\"\" srcset=\"https:\/\/www.tgrthaber.com\/mavikadin\/wp-content\/uploads\/Gonul-Dagi-6-4-1024x576.jpg 1024w, https:\/\/www.tgrthaber.com\/mavikadin\/wp-content\/uploads\/Gonul-Dagi-6-4-300x169.jpg 300w, https:\/\/www.tgrthaber.com\/mavikadin\/wp-content\/uploads\/Gonul-Dagi-6-4-768x432.jpg 768w, https:\/\/www.tgrthaber.com\/mavikadin\/wp-content\/uploads\/Gonul-Dagi-6-4.jpg 1208w\" sizes=\"(max-width: 1208px) 100vw, 1208px\" \/><\/p>\n<hr \/>\n<h3>G\u00d6N\u00dcL DA\u011eI YEN\u0130 SEZON \u0130\u00c7\u0130N GER\u0130 SAYIM BA\u015eLADI!<\/h3>\n<p>Yeni sezonda yeniden f\u0131rt\u0131na gibi esecek olan G\u00f6n\u00fcl Da\u011f\u0131 i\u00e7in geri say\u0131m ba\u015flad\u0131. \u0130zleyiciyle bulu\u015fmak i\u00e7in g\u00fcn sayan G\u00f6n\u00fcl Da\u011f\u0131, yapt\u0131klar\u0131 icatlarla kasaba halk\u0131n\u0131n ilgi oda\u011f\u0131 olan Taner ve Veysel, Gedelli\u2019nin yeni e\u011flenceli simas\u0131 teyzeo\u011flu Kadir ve S\u00fcleyman\u2019\u0131n \u00e7ocuklar\u0131n\u0131n birbirinden ilgin\u00e7 maceralar\u0131 6. sezonda da b\u00fcy\u00fck be\u011feni toplayacak.<\/p>\n<p><img loading=\"lazy\" decoding=\"async\" class=\"alignnone wp-image-230148\" src=\"https:\/\/www.tgrthaber.com\/mavikadin\/wp-content\/uploads\/Gonul-Dagi-6-5-1024x576.jpg\" alt=\"G\u00f6n\u00fcl Da\u011f\u0131 6. sezon tarihi belli oldu! Yeni sezon i\u00e7in geri say\u0131m ba\u015flad\u0131\" width=\"1208\" height=\"680\" title=\"\" srcset=\"https:\/\/www.tgrthaber.com\/mavikadin\/wp-content\/uploads\/Gonul-Dagi-6-5-1024x576.jpg 1024w, https:\/\/www.tgrthaber.com\/mavikadin\/wp-content\/uploads\/Gonul-Dagi-6-5-300x169.jpg 300w, https:\/\/www.tgrthaber.com\/mavikadin\/wp-content\/uploads\/Gonul-Dagi-6-5-768x432.jpg 768w, https:\/\/www.tgrthaber.com\/mavikadin\/wp-content\/uploads\/Gonul-Dagi-6-5.jpg 1208w\" sizes=\"(max-width: 1208px) 100vw, 1208px\" \/><\/p>\n<hr \/>\n<p>6 Eyl\u00fcl Cumartesi g\u00fcn\u00fc TRT1 ekranlar\u0131nda yeni sezon yay\u0131n d\u00f6nemine ba\u015flayacak olan G\u00f6n\u00fcl Da\u011f\u0131 dizisi, izleyiciler taraf\u0131ndan merakla bekleniyor. Birbirinden g\u00fczel hikayeleri ve g\u00fc\u00e7l\u00fc oyuncu kadrosuyla yeni yay\u0131n hayat\u0131na ba\u015flayacak olan dizi, izleyicilere hem g\u00f6zya\u015f\u0131 hem de kahkaha dolu anlar ya\u015fatacak. Berk Atan, Semih Ert\u00fcrk, Eser Ey\u00fcbo\u011flu, Hazal \u00c7a\u011flar, Erdal Cindoruk gibi ba\u015far\u0131l\u0131 oyuncular\u0131n yer ald\u0131\u011f\u0131 dizi TRT1 ekranlar\u0131nda seyirciyle bulu\u015facak.<\/p>\n<p><img loading=\"lazy\" decoding=\"async\" class=\"alignnone wp-image-230150\" src=\"https:\/\/www.tgrthaber.com\/mavikadin\/wp-content\/uploads\/Gonul-Dagi-6-7-1024x576.jpg\" alt=\"G\u00f6n\u00fcl Da\u011f\u0131 6. sezon tarihi belli oldu! Yeni sezon i\u00e7in geri say\u0131m ba\u015flad\u0131\" width=\"1208\" height=\"680\" title=\"\" srcset=\"https:\/\/www.tgrthaber.com\/mavikadin\/wp-content\/uploads\/Gonul-Dagi-6-7-1024x576.jpg 1024w, https:\/\/www.tgrthaber.com\/mavikadin\/wp-content\/uploads\/Gonul-Dagi-6-7-300x169.jpg 300w, https:\/\/www.tgrthaber.com\/mavikadin\/wp-content\/uploads\/Gonul-Dagi-6-7-768x432.jpg 768w, https:\/\/www.tgrthaber.com\/mavikadin\/wp-content\/uploads\/Gonul-Dagi-6-7.jpg 1208w\" sizes=\"(max-width: 1208px) 100vw, 1208px\" \/><\/p>\n<hr \/>\n<h3>G\u00d6N\u00dcL DA\u011eI 183. B\u00d6L\u00dcM\u00dc NE ZAMAN YAYINLANACAK?<\/h3>\n<p>G\u00f6n\u00fcl Da\u011f\u0131 dizisi 183. b\u00f6l\u00fcm\u00fc 6 Eyl\u00fcl Cumartesi TRT1 ekranlar\u0131nda yay\u0131nlanacak. Yeni sezon maceras\u0131nda bu hafta ad\u0131m atacak olan dizi, 183. b\u00f6l\u00fcm\u00fcyle izleyiciyi ekran ba\u015f\u0131na kilitleyecek. Ayn\u0131 g\u00fcn ve saatinde ekranlara gelecek olan G\u00f6n\u00fcl Da\u011f\u0131 dizisi hikayesine kald\u0131\u011f\u0131 yerden devam edecek.<\/p>\n<p><img loading=\"lazy\" decoding=\"async\" class=\"alignnone wp-image-230151\" src=\"https:\/\/www.tgrthaber.com\/mavikadin\/wp-content\/uploads\/Gonul-Dagi-6-8-1024x576.jpg\" alt=\"G\u00f6n\u00fcl Da\u011f\u0131 6. sezon tarihi belli oldu! Yeni sezon i\u00e7in geri say\u0131m ba\u015flad\u0131\" width=\"1208\" height=\"680\" title=\"\" srcset=\"https:\/\/www.tgrthaber.com\/mavikadin\/wp-content\/uploads\/Gonul-Dagi-6-8-1024x576.jpg 1024w, https:\/\/www.tgrthaber.com\/mavikadin\/wp-content\/uploads\/Gonul-Dagi-6-8-300x169.jpg 300w, https:\/\/www.tgrthaber.com\/mavikadin\/wp-content\/uploads\/Gonul-Dagi-6-8-768x432.jpg 768w, https:\/\/www.tgrthaber.com\/mavikadin\/wp-content\/uploads\/Gonul-Dagi-6-8.jpg 1208w\" sizes=\"(max-width: 1208px) 100vw, 1208px\" \/><\/p>\n<hr \/>\n<p>G\u00f6n\u00fcl Da\u011f\u0131 dizisi 183. b\u00f6l\u00fcm\u00fcnde heyecan dolu anlar ya\u015fanacak. Gedelli\u2019de Ramazan\u2019\u0131n gidi\u015finin ard\u0131ndan aylar ge\u00e7ecek ve amcao\u011fullar\u0131, TVR i\u00e7in \u00e7al\u0131\u015fmaya devam edecek. S\u00fcleyman\u2019\u0131n beklenmedik bir iyili\u011fi herkesi \u015fa\u015f\u0131rtacak. Bu iyilik, neleri de\u011fi\u015ftirecektir? Kasabaya intikam ate\u015fiyle gelen S\u00fcleyman\u2019\u0131n \u00e7ocuklar\u0131, amcao\u011fullar\u0131n\u0131 b\u00fcy\u00fck bir tehlikenin i\u00e7ine s\u00fcr\u00fckleyecek.<\/p>\n<p><img loading=\"lazy\" decoding=\"async\" class=\"alignnone wp-image-230149\" src=\"https:\/\/www.tgrthaber.com\/mavikadin\/wp-content\/uploads\/Gonul-Dagi-6-6-1024x576.jpg\" alt=\"G\u00f6n\u00fcl Da\u011f\u0131 6. sezon tarihi belli oldu! Yeni sezon i\u00e7in geri say\u0131m ba\u015flad\u0131\" width=\"1208\" height=\"680\" title=\"\" srcset=\"https:\/\/www.tgrthaber.com\/mavikadin\/wp-content\/uploads\/Gonul-Dagi-6-6-1024x576.jpg 1024w, https:\/\/www.tgrthaber.com\/mavikadin\/wp-content\/uploads\/Gonul-Dagi-6-6-300x169.jpg 300w, https:\/\/www.tgrthaber.com\/mavikadin\/wp-content\/uploads\/Gonul-Dagi-6-6-768x432.jpg 768w, https:\/\/www.tgrthaber.com\/mavikadin\/wp-content\/uploads\/Gonul-Dagi-6-6.jpg 1208w\" sizes=\"(max-width: 1208px) 100vw, 1208px\" \/><\/p>\n<hr \/>\n<p>S\u00fcleyman\u2019\u0131n \u00e7ocuklar\u0131n\u0131n plan\u0131 nedir? Kasabaya Taner\u2019in teyzeo\u011flu Kadir gelecektir. Selami\u2019ler, Kadir\u2019i ba\u015fkas\u0131 zannedince i\u015fler kar\u0131\u015facakt\u0131r. Yanl\u0131\u015f anlamalar nelere sebep olacakt\u0131r? Veysel ve Cemile aras\u0131nda gerilim gittik\u00e7e b\u00fcy\u00fcyecek. Kenan bu k\u0131rg\u0131nl\u0131\u011fa son ermek i\u00e7in harekete ge\u00e7ecek. Kenan ne yapacakt\u0131r? Bu sorular\u0131n hepsi ve daha fazlas\u0131 6 Eyl\u00fcl Cumartesi TRT1 ekranlar\u0131nda saat 20.00\u2019da izleyiciyle bulu\u015facak.<\/p>\n<p><img loading=\"lazy\" decoding=\"async\" class=\"alignnone wp-image-230152\" src=\"https:\/\/www.tgrthaber.com\/mavikadin\/wp-content\/uploads\/Gonul-Dagi-6-9-1024x576.jpg\" alt=\"G\u00f6n\u00fcl Da\u011f\u0131 6. sezon tarihi belli oldu! Yeni sezon i\u00e7in geri say\u0131m ba\u015flad\u0131\" width=\"1208\" height=\"680\" title=\"\" srcset=\"https:\/\/www.tgrthaber.com\/mavikadin\/wp-content\/uploads\/Gonul-Dagi-6-9-1024x576.jpg 1024w, https:\/\/www.tgrthaber.com\/mavikadin\/wp-content\/uploads\/Gonul-Dagi-6-9-300x169.jpg 300w, https:\/\/www.tgrthaber.com\/mavikadin\/wp-content\/uploads\/Gonul-Dagi-6-9-768x432.jpg 768w, https:\/\/www.tgrthaber.com\/mavikadin\/wp-content\/uploads\/Gonul-Dagi-6-9.jpg 1208w\" sizes=\"(max-width: 1208px) 100vw, 1208px\" \/><\/p>\n","protected":false},"excerpt":{"rendered":"<p>G\u00f6n\u00fcl Da\u011f\u0131 dizisi g\u00fcmb\u00fcr g\u00fcmb\u00fcr geliyor. TRT1 ekranlar\u0131n\u0131n fenomen dizisi G\u00f6n\u00fcl Da\u011f\u0131\u2019n\u0131n 6. sezon tarihi belli oldu. Reyting rekortmeni dizi i\u00e7in geri say\u0131m ba\u015flad\u0131. <\/p>\n","protected":false},"author":26,"featured_media":230144,"comment_status":"closed","ping_status":"closed","sticky":false,"template":"","format":"standard","meta":{"rank_math_lock_modified_date":false,"footnotes":""},"categories":[602],"tags":[32159,2628,3602,3687,60472,11664],"class_list":["post-230143","post","type-post","status-publish","format-standard","has-post-thumbnail","hentry","category-diziler","tag-dizi","tag-dizi-haberleri","tag-diziler","tag-gonul-dagi","tag-gonul-dagi-6-sezon-ne-zaman","tag-gonul-dagi-dizi"],"_links":{"self":[{"href":"https:\/\/www.tgrthaber.com\/mavikadin\/wp-json\/wp\/v2\/posts\/230143"}],"collection":[{"href":"https:\/\/www.tgrthaber.com\/mavikadin\/wp-json\/wp\/v2\/posts"}],"about":[{"href":"https:\/\/www.tgrthaber.com\/mavikadin\/wp-json\/wp\/v2\/types\/post"}],"author":[{"embeddable":true,"href":"https:\/\/www.tgrthaber.com\/mavikadin\/wp-json\/wp\/v2\/users\/26"}],"replies":[{"embeddable":true,"href":"https:\/\/www.tgrthaber.com\/mavikadin\/wp-json\/wp\/v2\/comments?post=230143"}],"version-history":[{"count":2,"href":"https:\/\/www.tgrthaber.com\/mavikadin\/wp-json\/wp\/v2\/posts\/230143\/revisions"}],"predecessor-version":[{"id":230164,"href":"https:\/\/www.tgrthaber.com\/mavikadin\/wp-json\/wp\/v2\/posts\/230143\/revisions\/230164"}],"wp:featuredmedia":[{"embeddable":true,"href":"https:\/\/www.tgrthaber.com\/mavikadin\/wp-json\/wp\/v2\/media\/230144"}],"wp:attachment":[{"href":"https:\/\/www.tgrthaber.com\/mavikadin\/wp-json\/wp\/v2\/media?parent=230143"}],"wp:term":[{"taxonomy":"category","embeddable":true,"href":"https:\/\/www.tgrthaber.com\/mavikadin\/wp-json\/wp\/v2\/categories?post=230143"},{"taxonomy":"post_tag","embeddable":true,"href":"https:\/\/www.tgrthaber.com\/mavikadin\/wp-json\/wp\/v2\/tags?post=230143"}],"curies":[{"name":"wp","href":"https:\/\/api.w.org\/{rel}","templated":true}]}}