{"id":230188,"date":"2025-09-03T15:06:25","date_gmt":"2025-09-03T12:06:25","guid":{"rendered":"https:\/\/www.tgrthaber.com\/mavikadin\/?p=230188"},"modified":"2025-09-03T15:06:25","modified_gmt":"2025-09-03T12:06:25","slug":"mehmed-fetihler-sultani-dizisinin-kadrosuna-ali-berge-dahil-oluyor-dizi-yeni-sezona-surprizlerle-girecek","status":"publish","type":"post","link":"https:\/\/www.tgrthaber.com\/mavikadin\/mehmed-fetihler-sultani-dizisinin-kadrosuna-ali-berge-dahil-oluyor-dizi-yeni-sezona-surprizlerle-girecek\/","title":{"rendered":"Mehmed Fetihler Sultan\u0131 dizisinin kadrosuna Ali Berge dahil oluyor! Dizi yeni sezona s\u00fcrprizlerle girecek"},"content":{"rendered":"<p>Sal\u0131 ak\u015famlar\u0131n\u0131n vazge\u00e7ilmez dizileri aras\u0131nda yer alan Mehmed Fetihler Sultan\u0131 \u00fc\u00e7\u00fcnc\u00fc sezonu ile tekrardan izleyici kar\u015f\u0131s\u0131na \u00e7\u0131kmaya haz\u0131rlan\u0131yor. Yeni sezonda dizinin oyuncu kadrosuna ba\u015far\u0131l\u0131 oyuncu Ali Berge\u2019de dahil oluyor.<\/p>\n<h3>MEHMED FET\u0130HLER SULTANI D\u0130Z\u0130S\u0130N\u0130N KADROSUNA AL\u0130 BERGE DAH\u0130L OLUYOR!<\/h3>\n<p>Yeni sezon dizileri yava\u015f yava\u015f izleyici kar\u015f\u0131s\u0131na \u00e7\u0131karken sezon finali ile ara veren <a href=\"https:\/\/www.tgrthaber.com\/mavikadin\/mehmed-fetihler-sultani-yeni-sezon-okuma-provasindan-ilk-kareler-guclu-oyuncu-kadrosuyla-yeni-sezona-damga-vuracak\/\">Mehmed Fetihler Sultan\u0131<\/a> dizisi, \u00fc\u00e7\u00fcnc\u00fc sezonu ile dikkat \u00e7ekmeye haz\u0131rlan\u0131yor. Dev prod\u00fcksiyonu ve g\u00fc\u00e7l\u00fc oyuncu kadrosu ile Sal\u0131 ak\u015famlar\u0131n\u0131n vazge\u00e7ilmez dizilerinden biri olan Mehmed Fetihler Sultan\u0131, yeni bir oyuncu transferi ile g\u00fcndeme geldi.<\/p>\n<p><img loading=\"lazy\" decoding=\"async\" class=\"alignnone size-full wp-image-230197\" src=\"https:\/\/www.tgrthaber.com\/mavikadin\/wp-content\/uploads\/ARZU-2025-09-03T150228.950.jpg\" alt=\"Mehmed Fetihler Sultan\u0131 dizisinin kadrosuna Ali Berge dahil oluyor! Dizi yeni sezona s\u00fcrprizlerle girecek\" width=\"1208\" height=\"680\" title=\"\" srcset=\"https:\/\/www.tgrthaber.com\/mavikadin\/wp-content\/uploads\/ARZU-2025-09-03T150228.950.jpg 1208w, https:\/\/www.tgrthaber.com\/mavikadin\/wp-content\/uploads\/ARZU-2025-09-03T150228.950-300x169.jpg 300w, https:\/\/www.tgrthaber.com\/mavikadin\/wp-content\/uploads\/ARZU-2025-09-03T150228.950-1024x576.jpg 1024w, https:\/\/www.tgrthaber.com\/mavikadin\/wp-content\/uploads\/ARZU-2025-09-03T150228.950-768x432.jpg 768w\" sizes=\"(max-width: 1208px) 100vw, 1208px\" \/><\/p>\n<hr \/>\n<p>Gazeteci Birsen Altunta\u015f\u2019\u0131n haberine g\u00f6re, kadroya ge\u00e7en y\u0131l \u201cDeha\u201d dizisindeki rol\u00fc ile dikkat \u00e7eken isim, Ali Berge dahil oldu. Serkan \u00c7ayo\u011flu\u2019nun Fatih Sultan Mehmet rol\u00fcn\u00fc oynad\u0131\u011f\u0131 dizi, yeni oyuncular\u0131 ve senaryosuyla dikkat \u00e7ekmeye devam ediyor.<\/p>\n<p><img loading=\"lazy\" decoding=\"async\" class=\"alignnone size-full wp-image-230193\" src=\"https:\/\/www.tgrthaber.com\/mavikadin\/wp-content\/uploads\/ARZU-2025-09-03T150200.542.jpg\" alt=\"Mehmed Fetihler Sultan\u0131 dizisinin kadrosuna Ali Berge dahil oluyor! Dizi yeni sezona s\u00fcrprizlerle girecek\" width=\"1208\" height=\"680\" title=\"\" srcset=\"https:\/\/www.tgrthaber.com\/mavikadin\/wp-content\/uploads\/ARZU-2025-09-03T150200.542.jpg 1208w, https:\/\/www.tgrthaber.com\/mavikadin\/wp-content\/uploads\/ARZU-2025-09-03T150200.542-300x169.jpg 300w, https:\/\/www.tgrthaber.com\/mavikadin\/wp-content\/uploads\/ARZU-2025-09-03T150200.542-1024x576.jpg 1024w, https:\/\/www.tgrthaber.com\/mavikadin\/wp-content\/uploads\/ARZU-2025-09-03T150200.542-768x432.jpg 768w\" sizes=\"(max-width: 1208px) 100vw, 1208px\" \/><\/p>\n<hr \/>\n<p>Ba\u015far\u0131l\u0131 oyuncu bu sal\u0131 ak\u015famlar\u0131n\u0131n fenomen dizisi olan Mehmed Fetihler Sultan\u0131 dizisinde Karamano\u011fullar\u0131n\u0131n \u015eehzadesi S\u00fcleyman karakterini oynayacak. Yeni sezonda nefes kesen bir m\u00fccadele ise izleyici dizinin ba\u015f\u0131na kilitlenecek.<\/p>\n<h3><img loading=\"lazy\" decoding=\"async\" class=\"alignnone size-full wp-image-230195\" src=\"https:\/\/www.tgrthaber.com\/mavikadin\/wp-content\/uploads\/ARZU-2025-09-03T150136.495.jpg\" alt=\"Mehmed Fetihler Sultan\u0131 dizisinin kadrosuna Ali Berge dahil oluyor! Dizi yeni sezona s\u00fcrprizlerle girecek\" width=\"1208\" height=\"680\" title=\"\" srcset=\"https:\/\/www.tgrthaber.com\/mavikadin\/wp-content\/uploads\/ARZU-2025-09-03T150136.495.jpg 1208w, https:\/\/www.tgrthaber.com\/mavikadin\/wp-content\/uploads\/ARZU-2025-09-03T150136.495-300x169.jpg 300w, https:\/\/www.tgrthaber.com\/mavikadin\/wp-content\/uploads\/ARZU-2025-09-03T150136.495-1024x576.jpg 1024w, https:\/\/www.tgrthaber.com\/mavikadin\/wp-content\/uploads\/ARZU-2025-09-03T150136.495-768x432.jpg 768w\" sizes=\"(max-width: 1208px) 100vw, 1208px\" \/><\/h3>\n<hr \/>\n<h3>D\u0130Z\u0130 YEN\u0130 SEZONA S\u00dcRPR\u0130ZLERLE G\u0130RECEK<\/h3>\n<p>TRT\u2019nin iddial\u0131 yap\u0131mlar\u0131 aras\u0131nda yer alan Mehmet Fetihler Sultan\u0131 yeni oyuncular\u0131 ve konusu ile dikkatleri \u00fczerine \u00e7ekmeyi ba\u015far\u0131yor. Birbirinden yetenekli isimler bir bir dizinin kadrosuna dahil oluyorlar.<\/p>\n<p><img loading=\"lazy\" decoding=\"async\" class=\"alignnone size-full wp-image-230194\" src=\"https:\/\/www.tgrthaber.com\/mavikadin\/wp-content\/uploads\/ARZU-2025-09-03T150141.833.jpg\" alt=\"Mehmed Fetihler Sultan\u0131 dizisinin kadrosuna Ali Berge dahil oluyor! Dizi yeni sezona s\u00fcrprizlerle girecek\" width=\"1208\" height=\"680\" title=\"\" srcset=\"https:\/\/www.tgrthaber.com\/mavikadin\/wp-content\/uploads\/ARZU-2025-09-03T150141.833.jpg 1208w, https:\/\/www.tgrthaber.com\/mavikadin\/wp-content\/uploads\/ARZU-2025-09-03T150141.833-300x169.jpg 300w, https:\/\/www.tgrthaber.com\/mavikadin\/wp-content\/uploads\/ARZU-2025-09-03T150141.833-1024x576.jpg 1024w, https:\/\/www.tgrthaber.com\/mavikadin\/wp-content\/uploads\/ARZU-2025-09-03T150141.833-768x432.jpg 768w\" sizes=\"(max-width: 1208px) 100vw, 1208px\" \/><\/p>\n<hr \/>\n<p>Osmanl\u0131 \u0130mparatorlu\u011fu\u2019nun y\u00fckseli\u015fini destans\u0131 bir \u015feklide ekranlara ta\u015f\u0131nmaya geliyor. \u00a0Selahattin Sancakl\u0131 ve Y\u0131ld\u0131ray Y\u0131ld\u0131r\u0131m\u2019\u0131n y\u00f6netmenli\u011fini \u00fcstlendi\u011fi senaryosunu Ozan Bodur\u2019un kaleme ald\u0131\u011f\u0131 Mehmed Fetihler Sultan\u0131 yeni sezon \u00e7ekimlerine ba\u015flad\u0131lar.<\/p>\n<p><img loading=\"lazy\" decoding=\"async\" class=\"alignnone size-full wp-image-230192\" src=\"https:\/\/www.tgrthaber.com\/mavikadin\/wp-content\/uploads\/ARZU-2025-09-03T150207.154.jpg\" alt=\"Mehmed Fetihler Sultan\u0131 dizisinin kadrosuna Ali Berge dahil oluyor! Dizi yeni sezona s\u00fcrprizlerle girecek\" width=\"1208\" height=\"680\" title=\"\" srcset=\"https:\/\/www.tgrthaber.com\/mavikadin\/wp-content\/uploads\/ARZU-2025-09-03T150207.154.jpg 1208w, https:\/\/www.tgrthaber.com\/mavikadin\/wp-content\/uploads\/ARZU-2025-09-03T150207.154-300x169.jpg 300w, https:\/\/www.tgrthaber.com\/mavikadin\/wp-content\/uploads\/ARZU-2025-09-03T150207.154-1024x576.jpg 1024w, https:\/\/www.tgrthaber.com\/mavikadin\/wp-content\/uploads\/ARZU-2025-09-03T150207.154-768x432.jpg 768w\" sizes=\"(max-width: 1208px) 100vw, 1208px\" \/><\/p>\n<hr \/>\n<p>Ge\u00e7ti\u011fimiz g\u00fcnlerde \u00e7ekimleri i\u00e7in sete \u00e7\u0131kan dizinin \u00fc\u00e7\u00fcnc\u00fc sezon \u00e7ekimleri de ba\u015flad\u0131. Yeni sezonu ile de \u00e7ok konu\u015fulacak olan Mehmed Fetihler Sultan\u0131, Eyl\u00fcl ay\u0131n\u0131n ortalar\u0131 gibi ekranlara geri d\u00f6nmesi planlan\u0131yor.<\/p>\n<p><img loading=\"lazy\" decoding=\"async\" class=\"alignnone size-full wp-image-230191\" src=\"https:\/\/www.tgrthaber.com\/mavikadin\/wp-content\/uploads\/ARZU-2025-09-03T150213.686.jpg\" alt=\"Mehmed Fetihler Sultan\u0131 dizisinin kadrosuna Ali Berge dahil oluyor! Dizi yeni sezona s\u00fcrprizlerle girecek\" width=\"1208\" height=\"680\" title=\"\" srcset=\"https:\/\/www.tgrthaber.com\/mavikadin\/wp-content\/uploads\/ARZU-2025-09-03T150213.686.jpg 1208w, https:\/\/www.tgrthaber.com\/mavikadin\/wp-content\/uploads\/ARZU-2025-09-03T150213.686-300x169.jpg 300w, https:\/\/www.tgrthaber.com\/mavikadin\/wp-content\/uploads\/ARZU-2025-09-03T150213.686-1024x576.jpg 1024w, https:\/\/www.tgrthaber.com\/mavikadin\/wp-content\/uploads\/ARZU-2025-09-03T150213.686-768x432.jpg 768w\" sizes=\"(max-width: 1208px) 100vw, 1208px\" \/><\/p>\n<hr \/>\n<p>Birbirinden de\u011ferli oyuncular\u0131nda yer ald\u0131\u011f\u0131 Mehmed Fetihler Sultan\u0131 dizisine Ali Berge\u2019nin kat\u0131lmas\u0131 ile de dengeler \u015fa\u015facak. Ba\u015far\u0131l\u0131 Ali Berge\u2019nin Mehmed Fetihler Sultan\u0131 dizisinde nas\u0131l bir oyunculuk sergileyece\u011fi ise \u015fimdiden merak konusu olmaya ba\u015flad\u0131.<\/p>\n","protected":false},"excerpt":{"rendered":"<p>TRT 1 ekranlar\u0131nda yay\u0131nlanan Mehmed Fetihler Sultan\u0131 dizisine ba\u015far\u0131l\u0131 oyuncu Ali Berge dahil oluyor. Bu sezon \u00fc\u00e7\u00fcnc\u00fc sezonu ile izleyici kar\u015f\u0131s\u0131na \u00e7\u0131kan Mehmed Fetihler Sultan\u0131 yeni izleyiciyi ekrana kilitlemeyi ama\u00e7l\u0131yor.<\/p>\n","protected":false},"author":34,"featured_media":230196,"comment_status":"closed","ping_status":"closed","sticky":false,"template":"","format":"standard","meta":{"rank_math_lock_modified_date":false,"footnotes":""},"categories":[602],"tags":[61356,61357,32159,2628,3832],"class_list":["post-230188","post","type-post","status-publish","format-standard","has-post-thumbnail","hentry","category-diziler","tag-ali-berge","tag-ali-berge-suleyman","tag-dizi","tag-dizi-haberleri","tag-mehmed-fetihler-sultani"],"_links":{"self":[{"href":"https:\/\/www.tgrthaber.com\/mavikadin\/wp-json\/wp\/v2\/posts\/230188"}],"collection":[{"href":"https:\/\/www.tgrthaber.com\/mavikadin\/wp-json\/wp\/v2\/posts"}],"about":[{"href":"https:\/\/www.tgrthaber.com\/mavikadin\/wp-json\/wp\/v2\/types\/post"}],"author":[{"embeddable":true,"href":"https:\/\/www.tgrthaber.com\/mavikadin\/wp-json\/wp\/v2\/users\/34"}],"replies":[{"embeddable":true,"href":"https:\/\/www.tgrthaber.com\/mavikadin\/wp-json\/wp\/v2\/comments?post=230188"}],"version-history":[{"count":1,"href":"https:\/\/www.tgrthaber.com\/mavikadin\/wp-json\/wp\/v2\/posts\/230188\/revisions"}],"predecessor-version":[{"id":230198,"href":"https:\/\/www.tgrthaber.com\/mavikadin\/wp-json\/wp\/v2\/posts\/230188\/revisions\/230198"}],"wp:featuredmedia":[{"embeddable":true,"href":"https:\/\/www.tgrthaber.com\/mavikadin\/wp-json\/wp\/v2\/media\/230196"}],"wp:attachment":[{"href":"https:\/\/www.tgrthaber.com\/mavikadin\/wp-json\/wp\/v2\/media?parent=230188"}],"wp:term":[{"taxonomy":"category","embeddable":true,"href":"https:\/\/www.tgrthaber.com\/mavikadin\/wp-json\/wp\/v2\/categories?post=230188"},{"taxonomy":"post_tag","embeddable":true,"href":"https:\/\/www.tgrthaber.com\/mavikadin\/wp-json\/wp\/v2\/tags?post=230188"}],"curies":[{"name":"wp","href":"https:\/\/api.w.org\/{rel}","templated":true}]}}