{"id":230212,"date":"2025-09-03T15:59:17","date_gmt":"2025-09-03T12:59:17","guid":{"rendered":"https:\/\/www.tgrthaber.com\/mavikadin\/?p=230212"},"modified":"2025-09-03T15:59:17","modified_gmt":"2025-09-03T12:59:17","slug":"mevlana-mest-i-ask-konusu-nedir-arap-ve-turk-oyunculari-bulusturan-film","status":"publish","type":"post","link":"https:\/\/www.tgrthaber.com\/mavikadin\/mevlana-mest-i-ask-konusu-nedir-arap-ve-turk-oyunculari-bulusturan-film\/","title":{"rendered":"Mevlana Mest-i A\u015fk konusu nedir? Arap ve T\u00fcrk oyuncular\u0131 bulu\u015fturan film"},"content":{"rendered":"<p>Mevlana Mest-i A\u015fk konusu merak konusu oldu. \u0130brahim \u00c7elikkol, Hande Er\u00e7el, Bensu Soral, Boran Kuzum, Selma Erge\u00e7, Burak Tozkoparan ve Halit Ergen\u00e7 ve Shahab Hosse\u0131n\u0131\u2019yi bir araya getiren film \u015fimdiden heyecanla bekleniyor.<\/p>\n<h3>MEVLANA MEST-\u0130 A\u015eK KONUSU NED\u0130R?<\/h3>\n<p>\u015eems-i Tebrizi\u2019nin esrarengiz kaybolu\u015funu ve bu olay\u0131n Mevlana&#8217;n\u0131n hayat\u0131ndaki derin yank\u0131lar\u0131n\u0131 beyazperdeye ta\u015f\u0131yan Mest-i A\u015fk filmi uzun s\u00fcre sonra g\u00f6sterine girecek.<br \/>\nHande Er\u00e7el, Bensu Soral, \u0130brahim \u00c7elikkol, Boran Kuzum, Burak Tozkoparan, Halit Ergen\u00e7, Selma Erge\u00e7, Burak Tozkoparan, Shahab Hosse\u0131n\u0131\u2019yi bulu\u015fturan \u201cMevlana: Mest-i A\u015fk\u201d filmi sonunda vizyona girecek.<\/p>\n<p><img loading=\"lazy\" decoding=\"async\" class=\"aligncenter size-full wp-image-230213\" src=\"https:\/\/www.tgrthaber.com\/mavikadin\/wp-content\/uploads\/Mevlana-Mesti-Ask-1.jpg\" alt=\"\" width=\"1200\" height=\"510\" title=\"\" srcset=\"https:\/\/www.tgrthaber.com\/mavikadin\/wp-content\/uploads\/Mevlana-Mesti-Ask-1.jpg 1200w, https:\/\/www.tgrthaber.com\/mavikadin\/wp-content\/uploads\/Mevlana-Mesti-Ask-1-300x128.jpg 300w, https:\/\/www.tgrthaber.com\/mavikadin\/wp-content\/uploads\/Mevlana-Mesti-Ask-1-1024x435.jpg 1024w, https:\/\/www.tgrthaber.com\/mavikadin\/wp-content\/uploads\/Mevlana-Mesti-Ask-1-768x326.jpg 768w\" sizes=\"(max-width: 1200px) 100vw, 1200px\" \/><\/p>\n<hr \/>\n<p>Content Turkey taraf\u0131ndan 17 Ekim\u2019de g\u00f6sterime girecek projemin y\u00f6netmeni Hassan Fathi oluyor. Mevlana Mest-i A\u015fk filminde Mevlana\u2019n\u0131n g\u00f6n\u00fcl yolda\u015f\u0131 \u015eems-i Tebrizi\u2019nin esrarengiz kaybolu\u015funu ve bu olay\u0131n Mevlana\u2019n\u0131n hayat\u0131ndaki derin yank\u0131lar\u0131 konu al\u0131n\u0131yor.<\/p>\n<p><img loading=\"lazy\" decoding=\"async\" class=\"aligncenter size-full wp-image-230214\" src=\"https:\/\/www.tgrthaber.com\/mavikadin\/wp-content\/uploads\/Mevlana-Mesti-Ask-2.jpg\" alt=\"\" width=\"1200\" height=\"679\" title=\"\" srcset=\"https:\/\/www.tgrthaber.com\/mavikadin\/wp-content\/uploads\/Mevlana-Mesti-Ask-2.jpg 1200w, https:\/\/www.tgrthaber.com\/mavikadin\/wp-content\/uploads\/Mevlana-Mesti-Ask-2-300x170.jpg 300w, https:\/\/www.tgrthaber.com\/mavikadin\/wp-content\/uploads\/Mevlana-Mesti-Ask-2-1024x579.jpg 1024w, https:\/\/www.tgrthaber.com\/mavikadin\/wp-content\/uploads\/Mevlana-Mesti-Ask-2-768x435.jpg 768w\" sizes=\"(max-width: 1200px) 100vw, 1200px\" \/><\/p>\n<hr \/>\n<p>Fahir Atako\u011flu imzal\u0131 m\u00fczikleriyle de seyirciyi duygu y\u00fckl\u00fc bir yolculu\u011fa \u00e7\u0131karan filmin \u00e7ekimleri \u0130stanbul, Konya, \u0130zmit, Gebze kurulan platolarda 4 ayda yap\u0131ld\u0131.<\/p>\n<p><img loading=\"lazy\" decoding=\"async\" class=\"aligncenter size-full wp-image-230228\" src=\"https:\/\/www.tgrthaber.com\/mavikadin\/wp-content\/uploads\/Mevlana-Mesti-Ask-3.png\" alt=\"\" width=\"1208\" height=\"680\" title=\"\" srcset=\"https:\/\/www.tgrthaber.com\/mavikadin\/wp-content\/uploads\/Mevlana-Mesti-Ask-3.png 1208w, https:\/\/www.tgrthaber.com\/mavikadin\/wp-content\/uploads\/Mevlana-Mesti-Ask-3-300x169.png 300w, https:\/\/www.tgrthaber.com\/mavikadin\/wp-content\/uploads\/Mevlana-Mesti-Ask-3-1024x576.png 1024w, https:\/\/www.tgrthaber.com\/mavikadin\/wp-content\/uploads\/Mevlana-Mesti-Ask-3-768x432.png 768w\" sizes=\"(max-width: 1208px) 100vw, 1208px\" \/><\/p>\n<hr \/>\n<h3>SHAHAB HOSSE\u0130N\u0130 K\u0130MD\u0130R?<\/h3>\n<p>\u015eahab H\u00fcseyni 3 \u015eubat 1974 \u0130ranl\u0131 oyuncu, senarist ve y\u00f6netmendir. Asgar Ferhadi&#8217;nin y\u00f6netti\u011fi Darbareye Elly, Jodaeiye Nader az Simin ve Forushande filmlerindeki oyunculu\u011fuyla dikkat \u00e7eken ba\u015far\u0131l\u0131 isim 2016&#8217;da En \u0130yi Erkek Oyuncu Cannes Film Festivali \u00d6d\u00fcl\u00fc&#8217;n\u00fc kazand\u0131.<\/p>\n<p><img loading=\"lazy\" decoding=\"async\" class=\"aligncenter size-full wp-image-230215\" src=\"https:\/\/www.tgrthaber.com\/mavikadin\/wp-content\/uploads\/Mevlana-Mesti-Ask-3.jpg\" alt=\"\" width=\"1200\" height=\"800\" title=\"\" srcset=\"https:\/\/www.tgrthaber.com\/mavikadin\/wp-content\/uploads\/Mevlana-Mesti-Ask-3.jpg 1200w, https:\/\/www.tgrthaber.com\/mavikadin\/wp-content\/uploads\/Mevlana-Mesti-Ask-3-300x200.jpg 300w, https:\/\/www.tgrthaber.com\/mavikadin\/wp-content\/uploads\/Mevlana-Mesti-Ask-3-1024x683.jpg 1024w, https:\/\/www.tgrthaber.com\/mavikadin\/wp-content\/uploads\/Mevlana-Mesti-Ask-3-768x512.jpg 768w\" sizes=\"(max-width: 1200px) 100vw, 1200px\" \/><\/p>\n<hr \/>\n<p>61. Berlin Uluslararas\u0131 Film Festivali&#8217;nde Hosseini, The Salesman&#8217;daki rol\u00fcyle A Separation ile En \u0130yi Erkek Oyuncu dal\u0131nda G\u00fcm\u00fc\u015f Ay\u0131 ve 2016 Cannes Film Festivali&#8217;nde En \u0130yi Erkek Oyuncu \u00d6d\u00fcl\u00fc&#8217;n\u00fc kazand\u0131.<\/p>\n<p><img loading=\"lazy\" decoding=\"async\" class=\"aligncenter size-full wp-image-230224\" src=\"https:\/\/www.tgrthaber.com\/mavikadin\/wp-content\/uploads\/Mevlana-Mesti-Ask.png\" alt=\"\" width=\"1208\" height=\"680\" title=\"\" srcset=\"https:\/\/www.tgrthaber.com\/mavikadin\/wp-content\/uploads\/Mevlana-Mesti-Ask.png 1208w, https:\/\/www.tgrthaber.com\/mavikadin\/wp-content\/uploads\/Mevlana-Mesti-Ask-300x169.png 300w, https:\/\/www.tgrthaber.com\/mavikadin\/wp-content\/uploads\/Mevlana-Mesti-Ask-1024x576.png 1024w, https:\/\/www.tgrthaber.com\/mavikadin\/wp-content\/uploads\/Mevlana-Mesti-Ask-768x432.png 768w\" sizes=\"(max-width: 1208px) 100vw, 1208px\" \/><\/p>\n<hr \/>\n<p>2009&#8217;da Superstar i\u00e7in ilk \u00f6d\u00fcl\u00fc olan Crystal Simorgh&#8217;u kazand\u0131. 2020&#8217;de ise y\u00f6netmen Kourosh Ahari ve \u0130ran sanat\u0131, k\u00fclt\u00fcr\u00fc ve sinemas\u0131 ile \u0130ran sanat\u0131, k\u00fclt\u00fcr\u00fc ve sinemas\u0131 aras\u0131ndaki &#8220;bo\u015flu\u011fu kapatmay\u0131&#8221; ama\u00e7layan bir da\u011f\u0131t\u0131m ve prod\u00fcksiyon \u015firketi olan yap\u0131mc\u0131 Alex Bretow ile birlikte Pol Media&#8217;y\u0131 kurdu.<\/p>\n","protected":false},"excerpt":{"rendered":"<p>Y\u0131llar sonra vizyona giren Mevlana Mest-i A\u015fk konusu nedir? merak ediliyor. \u0130brahim \u00c7elikkol, Hande Er\u00e7el, Bensu Soral gibi isimlerin oynad\u0131\u011f\u0131 film 17 Ekim\u2019de g\u00f6sterime girecek.<\/p>\n","protected":false},"author":5,"featured_media":230235,"comment_status":"closed","ping_status":"closed","sticky":false,"template":"","format":"standard","meta":{"rank_math_lock_modified_date":false,"footnotes":""},"categories":[602],"tags":[2391,6642,19147,61360],"class_list":["post-230212","post","type-post","status-publish","format-standard","has-post-thumbnail","hentry","category-diziler","tag-hande-ercel","tag-ibrahim-celikkol","tag-mevlana","tag-mevlana-mest-i-ask"],"_links":{"self":[{"href":"https:\/\/www.tgrthaber.com\/mavikadin\/wp-json\/wp\/v2\/posts\/230212"}],"collection":[{"href":"https:\/\/www.tgrthaber.com\/mavikadin\/wp-json\/wp\/v2\/posts"}],"about":[{"href":"https:\/\/www.tgrthaber.com\/mavikadin\/wp-json\/wp\/v2\/types\/post"}],"author":[{"embeddable":true,"href":"https:\/\/www.tgrthaber.com\/mavikadin\/wp-json\/wp\/v2\/users\/5"}],"replies":[{"embeddable":true,"href":"https:\/\/www.tgrthaber.com\/mavikadin\/wp-json\/wp\/v2\/comments?post=230212"}],"version-history":[{"count":1,"href":"https:\/\/www.tgrthaber.com\/mavikadin\/wp-json\/wp\/v2\/posts\/230212\/revisions"}],"predecessor-version":[{"id":230236,"href":"https:\/\/www.tgrthaber.com\/mavikadin\/wp-json\/wp\/v2\/posts\/230212\/revisions\/230236"}],"wp:featuredmedia":[{"embeddable":true,"href":"https:\/\/www.tgrthaber.com\/mavikadin\/wp-json\/wp\/v2\/media\/230235"}],"wp:attachment":[{"href":"https:\/\/www.tgrthaber.com\/mavikadin\/wp-json\/wp\/v2\/media?parent=230212"}],"wp:term":[{"taxonomy":"category","embeddable":true,"href":"https:\/\/www.tgrthaber.com\/mavikadin\/wp-json\/wp\/v2\/categories?post=230212"},{"taxonomy":"post_tag","embeddable":true,"href":"https:\/\/www.tgrthaber.com\/mavikadin\/wp-json\/wp\/v2\/tags?post=230212"}],"curies":[{"name":"wp","href":"https:\/\/api.w.org\/{rel}","templated":true}]}}