{"id":230216,"date":"2025-09-03T16:11:42","date_gmt":"2025-09-03T13:11:42","guid":{"rendered":"https:\/\/www.tgrthaber.com\/mavikadin\/?p=230216"},"modified":"2025-09-16T17:47:59","modified_gmt":"2025-09-16T14:47:59","slug":"jocelyn-chew-kimdir-hakan-sabanci-ile-iliskisi-nedir","status":"publish","type":"post","link":"https:\/\/www.tgrthaber.com\/mavikadin\/jocelyn-chew-kimdir-hakan-sabanci-ile-iliskisi-nedir\/","title":{"rendered":"Jocelyn chew kimdir? Hakan Sabanc\u0131 ile ili\u015fkisi nedir"},"content":{"rendered":"<p>\u00dcnl\u00fc oyuncu Hande Er\u00e7el ve i\u015f insan\u0131 Hakan Sabanc\u0131\u2019n\u0131n 3 y\u0131l s\u00fcren b\u00fcy\u00fck a\u015fk\u0131 s\u00fcrpriz bir \u015fekilde sona erdi. Ayr\u0131l\u0131\u011f\u0131n ard\u0131ndan ayr\u0131l\u0131k iddialar\u0131n\u0131n \u00fc\u00e7\u00fcnc\u00fc bir isim oldu\u011fu iddialar\u0131 sosyal medyada g\u00fcndem oldu. Ayr\u0131l\u0131k sonras\u0131 ihanet iddialar\u0131 ile ilgili Hakan Sabanc\u0131, kendisine y\u00f6neltilen iddialar\u0131 yalanlam\u0131\u015ft\u0131. Peki, Hakan Sabanc\u0131 ile ad\u0131 an\u0131lan Jocelyn Chew kimdir? Hakan Sabanc\u0131 ile ili\u015fkisi nedir? \u0130\u015fte detaylar\u0131 sizin i\u00e7in bir araya getirdik\u2026<\/p>\n<h3>JOCELYN CHEW K\u0130MD\u0130R?<\/h3>\n<p>Jocelyn Chew 15 May\u0131s,1992&#8217;de Kanada&#8217;da do\u011fdu. Aslen \u00c7in ve \u0130zlandal\u0131 melezdir. E\u011fitim hayat\u0131 s\u0131ras\u0131nda modelli\u011fe merak sard\u0131. 16 ya\u015f\u0131ndayken Singapur, Hong Kong ve Yunanistan olamak \u00fczere pek \u00e7ok farkl\u0131 \u00fclkelerde podyuma \u00e7\u0131kt\u0131.\u00a0<img loading=\"lazy\" decoding=\"async\" class=\"alignnone size-full wp-image-230219\" src=\"https:\/\/www.tgrthaber.com\/mavikadin\/wp-content\/uploads\/Adsiz-tasarim-15-30.png\" alt=\"\" width=\"1208\" height=\"680\" title=\"\" srcset=\"https:\/\/www.tgrthaber.com\/mavikadin\/wp-content\/uploads\/Adsiz-tasarim-15-30.png 1208w, https:\/\/www.tgrthaber.com\/mavikadin\/wp-content\/uploads\/Adsiz-tasarim-15-30-300x169.png 300w, https:\/\/www.tgrthaber.com\/mavikadin\/wp-content\/uploads\/Adsiz-tasarim-15-30-1024x576.png 1024w, https:\/\/www.tgrthaber.com\/mavikadin\/wp-content\/uploads\/Adsiz-tasarim-15-30-768x432.png 768w\" sizes=\"(max-width: 1208px) 100vw, 1208px\" \/><\/p>\n<hr \/>\n<p>Kariyerini profesyonel modellik \u00fczerine kurdu. Daha sonra Jocelyn Chew, ad\u0131n\u0131 kat\u0131ld\u0131\u011f\u0131 moda program\u0131 &#8216;The Face&#8217; yar\u0131\u015fmas\u0131yla ad\u0131n\u0131 geni\u015f kitlelere duyurdu duyurdu.<\/p>\n<p><img loading=\"lazy\" decoding=\"async\" class=\"alignnone size-full wp-image-230220\" src=\"https:\/\/www.tgrthaber.com\/mavikadin\/wp-content\/uploads\/Adsiz-tasarim-16-30.png\" alt=\"\" width=\"1208\" height=\"680\" title=\"\" srcset=\"https:\/\/www.tgrthaber.com\/mavikadin\/wp-content\/uploads\/Adsiz-tasarim-16-30.png 1208w, https:\/\/www.tgrthaber.com\/mavikadin\/wp-content\/uploads\/Adsiz-tasarim-16-30-300x169.png 300w, https:\/\/www.tgrthaber.com\/mavikadin\/wp-content\/uploads\/Adsiz-tasarim-16-30-1024x576.png 1024w, https:\/\/www.tgrthaber.com\/mavikadin\/wp-content\/uploads\/Adsiz-tasarim-16-30-768x432.png 768w\" sizes=\"(max-width: 1208px) 100vw, 1208px\" \/><\/p>\n<p>Uzun bir s\u00fcre ad\u0131 \u015fu s\u0131ralar skandallar\u0131 ile g\u00fcndemde olan <strong>Amerikal\u0131 rap\u00e7i Diddy (Sean Combs)<\/strong>\u00a0ile ya\u015fad\u0131\u011f\u0131 ili\u015fki, magazin d\u00fcnyas\u0131nda s\u0131k\u00e7a konu\u015fuldu. Diddy ile olan birlikteli\u011fi hem bas\u0131nda g\u00fcndem olmu\u015ftu.<\/p>\n<hr \/>\n<h3>JOCELYN CHEW \u0130LE HAKAN SABANCI BA\u011eLANTISI NED\u0130R?<\/h3>\n<p>2025 y\u0131l\u0131nda, <a href=\"https:\/\/www.tgrthaber.com\/mavikadin\/hande-ercelden-sok-hareket-unlu-oyuncu-hakan-sabanciyla-ayrildi-mi\/\">Hakan Sabanc\u0131<\/a> ve <a href=\"https:\/\/www.tgrthaber.com\/mavikadin\/hande-ercelden-sok-hareket-unlu-oyuncu-hakan-sabanciyla-ayrildi-mi\/\">Hande Er\u00e7el<\/a> ayr\u0131l\u0131\u011f\u0131 sonras\u0131 Jocelyn Chew\u2019un ismi tekrar g\u00fcndeme geldi.<\/p>\n<p>\u201cAyr\u0131l\u0131\u011f\u0131n nedeni Chew olabilir mi?\u201d sorusu sosyal medyada b\u00fcy\u00fck yank\u0131 uyand\u0131rd\u0131. Jocelyn Chew da sessizli\u011fini bozup; \u201cBu iddia, ger\u00e7eklerden \u00e7ok uzak. L\u00fctfen beni bu hik\u00e2yeyle taciz etmeyi b\u0131rak\u0131n. Yoktan bir \u015fey yaratmaya \u00e7al\u0131\u015f\u0131yorsunuz. Benim hi\u00e7bir ilgim yok.\u201d diyerek ihanet iddialar\u0131n\u0131 kesin bir dille yalanlam\u0131\u015ft\u0131. Hen\u00fcz Hande Er\u00e7el ve Hakan Sabanc\u0131&#8217;dan bir a\u00e7\u0131klama yap\u0131lmad\u0131!<\/p>\n<p><img loading=\"lazy\" decoding=\"async\" class=\"alignnone size-full wp-image-230221\" src=\"https:\/\/www.tgrthaber.com\/mavikadin\/wp-content\/uploads\/Adsiz-tasarim-17-30.png\" alt=\"\" width=\"1208\" height=\"680\" title=\"\" srcset=\"https:\/\/www.tgrthaber.com\/mavikadin\/wp-content\/uploads\/Adsiz-tasarim-17-30.png 1208w, https:\/\/www.tgrthaber.com\/mavikadin\/wp-content\/uploads\/Adsiz-tasarim-17-30-300x169.png 300w, https:\/\/www.tgrthaber.com\/mavikadin\/wp-content\/uploads\/Adsiz-tasarim-17-30-1024x576.png 1024w, https:\/\/www.tgrthaber.com\/mavikadin\/wp-content\/uploads\/Adsiz-tasarim-17-30-768x432.png 768w\" sizes=\"(max-width: 1208px) 100vw, 1208px\" \/><\/p>\n<hr \/>\n<h3><strong>HAKAN SABANCI VE HANDE ER\u00c7EL NEDEN AYRILDI?<\/strong><\/h3>\n<p>\u00dcnl\u00fc oyuncu Hande Er\u00e7el ve i\u015f insan\u0131 Hakan Sabanc\u0131\u2019n\u0131n 3 y\u0131l s\u00fcren, s\u0131k\u00e7a g\u00fcndeme gelen g\u00f6zde birliktelikleri vard\u0131. Daha yak\u0131n zamanda haklar\u0131nda \u00e7\u0131kan ayr\u0131l\u0131k iddialar\u0131n\u0131 yalanlam\u0131\u015f, \u0130talya tatillerinden pe\u015f pe\u015fe g\u00f6r\u00fcnt\u00fcler payla\u015farak adeta bu iddialar\u0131 \u00e7\u00fcr\u00fctm\u00fc\u015flerdi.<\/p>\n<p><img loading=\"lazy\" decoding=\"async\" class=\"alignnone size-full wp-image-230217\" src=\"https:\/\/www.tgrthaber.com\/mavikadin\/wp-content\/uploads\/Adsiz-tasarim-13-37.png\" alt=\"\" width=\"1208\" height=\"680\" title=\"\" srcset=\"https:\/\/www.tgrthaber.com\/mavikadin\/wp-content\/uploads\/Adsiz-tasarim-13-37.png 1208w, https:\/\/www.tgrthaber.com\/mavikadin\/wp-content\/uploads\/Adsiz-tasarim-13-37-300x169.png 300w, https:\/\/www.tgrthaber.com\/mavikadin\/wp-content\/uploads\/Adsiz-tasarim-13-37-1024x576.png 1024w, https:\/\/www.tgrthaber.com\/mavikadin\/wp-content\/uploads\/Adsiz-tasarim-13-37-768x432.png 768w\" sizes=\"(max-width: 1208px) 100vw, 1208px\" \/><\/p>\n<p>Ancak yak\u0131n zamanda Hande Er\u00e7el\u2019in, Hakan Sabanc\u0131 ile olan foto\u011fraflar\u0131n\u0131 sosyal medya hesab\u0131ndan kald\u0131rmas\u0131n\u0131n ard\u0131ndan ayn\u0131 hareket Hakan Sabanc\u0131\u2019dan da gelmi\u015fti. \u00c7iftin bu hamleleri, ayr\u0131l\u0131k iddialar\u0131n\u0131 do\u011frulam\u0131\u015f oldu. Arzu Sabanc\u0131\u2019n\u0131n ise \u201cCehalet de uyku gibidir. Seni uyand\u0131ran ki\u015fiye ilk tepki k\u0131zg\u0131nl\u0131kt\u0131r.\u201d payla\u015f\u0131m\u0131 dikkat \u00e7ekmi\u015fti.<\/p>\n","protected":false},"excerpt":{"rendered":"<p>Son g\u00fcnlerde s\u0131k\u00e7a g\u00fcndemde olan Hande Er\u00e7el ve Hakan Sabanc\u0131 \u00e7iftinin ayr\u0131l\u0131\u011f\u0131 konu\u015fulmaya devam ediyor. Hande Er\u00e7el ve Hakan Sabanc\u0131\u2019n\u0131n evlili\u011fe yak\u0131n oldu\u011funu d\u00fc\u015f\u00fcnen hayranlar\u0131n\u0131 ise \u00e7iftin bu karar\u0131 \u015fa\u015f\u0131rtt\u0131. Ayr\u0131l\u0131k hakk\u0131nda ortaya at\u0131lan iddialar magazin g\u00fcndemine damga vururken, Hakan Sabanc\u0131 ile ad\u0131 an\u0131lan Jocelyn Chew merak konusu oldu.<\/p>\n","protected":false},"author":37,"featured_media":230238,"comment_status":"closed","ping_status":"closed","sticky":false,"template":"","format":"standard","meta":{"rank_math_lock_modified_date":false,"footnotes":""},"categories":[491],"tags":[3374,2738,11361,2391,61363],"class_list":["post-230216","post","type-post","status-publish","format-standard","has-post-thumbnail","hentry","category-biyografi","tag-biyografi","tag-hakan-sabanci","tag-hakan-sabanci-hande-ercel-ayrildi-mi","tag-hande-ercel","tag-jocelyn-chew-kimdir"],"_links":{"self":[{"href":"https:\/\/www.tgrthaber.com\/mavikadin\/wp-json\/wp\/v2\/posts\/230216"}],"collection":[{"href":"https:\/\/www.tgrthaber.com\/mavikadin\/wp-json\/wp\/v2\/posts"}],"about":[{"href":"https:\/\/www.tgrthaber.com\/mavikadin\/wp-json\/wp\/v2\/types\/post"}],"author":[{"embeddable":true,"href":"https:\/\/www.tgrthaber.com\/mavikadin\/wp-json\/wp\/v2\/users\/37"}],"replies":[{"embeddable":true,"href":"https:\/\/www.tgrthaber.com\/mavikadin\/wp-json\/wp\/v2\/comments?post=230216"}],"version-history":[{"count":4,"href":"https:\/\/www.tgrthaber.com\/mavikadin\/wp-json\/wp\/v2\/posts\/230216\/revisions"}],"predecessor-version":[{"id":230289,"href":"https:\/\/www.tgrthaber.com\/mavikadin\/wp-json\/wp\/v2\/posts\/230216\/revisions\/230289"}],"wp:featuredmedia":[{"embeddable":true,"href":"https:\/\/www.tgrthaber.com\/mavikadin\/wp-json\/wp\/v2\/media\/230238"}],"wp:attachment":[{"href":"https:\/\/www.tgrthaber.com\/mavikadin\/wp-json\/wp\/v2\/media?parent=230216"}],"wp:term":[{"taxonomy":"category","embeddable":true,"href":"https:\/\/www.tgrthaber.com\/mavikadin\/wp-json\/wp\/v2\/categories?post=230216"},{"taxonomy":"post_tag","embeddable":true,"href":"https:\/\/www.tgrthaber.com\/mavikadin\/wp-json\/wp\/v2\/tags?post=230216"}],"curies":[{"name":"wp","href":"https:\/\/api.w.org\/{rel}","templated":true}]}}