{"id":230243,"date":"2025-09-03T16:44:26","date_gmt":"2025-09-03T13:44:26","guid":{"rendered":"https:\/\/www.tgrthaber.com\/mavikadin\/?p=230243"},"modified":"2025-09-03T16:44:39","modified_gmt":"2025-09-03T13:44:39","slug":"kerem-akturkoglunun-kac-kardesi-var-kardesleri-kim","status":"publish","type":"post","link":"https:\/\/www.tgrthaber.com\/mavikadin\/kerem-akturkoglunun-kac-kardesi-var-kardesleri-kim\/","title":{"rendered":"Kerem Akt\u00fcrko\u011flu\u2019nun ka\u00e7 karde\u015fi var? Karde\u015fleri kim?"},"content":{"rendered":"<p>Fenerbah\u00e7eye transfer olmas\u0131ndan sonra uzun bir s\u00fcre g\u00fcndemi me\u015fgul eden <a href=\"https:\/\/www.tgrthaber.com\/mavikadin\/giray-altinoktan-fenerbahceye-transfer-ola-kerem-akturkogluna-buyuk-gonderme\/\">Kerem Akt\u00fcrko\u011flu<\/a>\u2019nun ailesi merak edildi. Peki Kerem Akt\u00fcrko\u011flu\u2019nun ka\u00e7 karde\u015fi var? Karde\u015fleri kim?<\/p>\n<h3>KEREM AKT\u00dcRKO\u011eLU\u2019NUN KA\u00c7 KARDE\u015e\u0130 VAR?<\/h3>\n<p>Kerem Akt\u00fcrko\u011flu&#8217;nun karde\u015fi baz\u0131 ma\u00e7larda ve \u015fampiyonluk kutlamalar\u0131nda g\u00f6r\u00fcnm\u00fc\u015ft\u00fc. \u015eampiyonluk kutlamalr\u0131na abisiyle kat\u0131lan Reyyan g\u00fczelli\u011fi ile herkesi kendisine hayran b\u0131rakm\u0131\u015ft\u0131.<br \/>\nFenerbah\u00e7e ve A Milli Futbol Tak\u0131m\u0131&#8217;m\u0131z\u0131n y\u0131ld\u0131z isimlerinden <a href=\"https:\/\/www.tgrthaber.com\/mavikadin\/kerem-akturkoglunun-kendisine-mesaj-attigini-iddia-eden-sumru-ozden-kimdir-sumru-ozden-kac-yasinda-meslegi-ne\/\">Kerem Akt\u00fcrko\u011flu<\/a> futbolculu\u011funun d\u0131\u015f\u0131nda, ki\u015fili\u011fi ve karakteriyle de olduk\u00e7a sevilmi\u015fti.<\/p>\n<p><img loading=\"lazy\" decoding=\"async\" class=\"aligncenter size-full wp-image-230244\" src=\"https:\/\/www.tgrthaber.com\/mavikadin\/wp-content\/uploads\/Kerem-Akturkoglu-2.png\" alt=\"\" width=\"1208\" height=\"680\" title=\"\" srcset=\"https:\/\/www.tgrthaber.com\/mavikadin\/wp-content\/uploads\/Kerem-Akturkoglu-2.png 1208w, https:\/\/www.tgrthaber.com\/mavikadin\/wp-content\/uploads\/Kerem-Akturkoglu-2-300x169.png 300w, https:\/\/www.tgrthaber.com\/mavikadin\/wp-content\/uploads\/Kerem-Akturkoglu-2-1024x576.png 1024w, https:\/\/www.tgrthaber.com\/mavikadin\/wp-content\/uploads\/Kerem-Akturkoglu-2-768x432.png 768w\" sizes=\"(max-width: 1208px) 100vw, 1208px\" \/><\/p>\n<hr \/>\n<h3>KEREM AKT\u00dcRKO\u011eLU K\u0130MD\u0130R?<\/h3>\n<p>Muhammed Kerem Akt\u00fcrko\u011flu, 21 Ekim 1998 tarihinde \u0130zmit&#8217;te d\u00fcnyaya geldi. Trabzonlu babas\u0131 \u00d6mer Faruk ve Rizeli annesi Filiz Akt\u00fcrko\u011flu&#8217;nun o\u011flu olan Kerem, d\u00f6rt \u00e7ocuklu ailenin \u00fc\u00e7\u00fcnc\u00fc \u00e7ocu\u011fudur.<\/p>\n<p>1991 do\u011fumlu R\u0131dvan ve 1994 do\u011fumlu Selim adl\u0131 abileri ve kendisinden k\u00fc\u00e7\u00fck bir k\u0131z karde\u015fi vard\u0131r.<\/p>\n<p><img loading=\"lazy\" decoding=\"async\" class=\"aligncenter size-full wp-image-230245\" src=\"https:\/\/www.tgrthaber.com\/mavikadin\/wp-content\/uploads\/Kerem-Akturkoglu-3.png\" alt=\"\" width=\"1208\" height=\"680\" title=\"\" srcset=\"https:\/\/www.tgrthaber.com\/mavikadin\/wp-content\/uploads\/Kerem-Akturkoglu-3.png 1208w, https:\/\/www.tgrthaber.com\/mavikadin\/wp-content\/uploads\/Kerem-Akturkoglu-3-300x169.png 300w, https:\/\/www.tgrthaber.com\/mavikadin\/wp-content\/uploads\/Kerem-Akturkoglu-3-1024x576.png 1024w, https:\/\/www.tgrthaber.com\/mavikadin\/wp-content\/uploads\/Kerem-Akturkoglu-3-768x432.png 768w\" sizes=\"(max-width: 1208px) 100vw, 1208px\" \/><\/p>\n<hr \/>\n<h3>KEREM AKT\u00dcRKO\u011eLU&#8217;NUN DEPREM H\u0130KAYES\u0130<\/h3>\n<p>18 A\u011fustos 1999&#8217;da ger\u00e7ekle\u015fen b\u00fcy\u00fck depremde enkaz alt\u0131nda kalan Kerem Akt\u00fcrko\u011flu bu hikayesiyle dikkat \u00e7ekiyor. G\u00f6lc\u00fck Belediye Ba\u015fkan\u0131 olan dedesi \u015eaban Akt\u00fcrko\u011flu taraf\u0131ndan enkazdan kurtar\u0131lm\u0131\u015ft\u0131r. Kerem Akt\u00fcrko\u011flu ilk\u00f6\u011frenimini G\u00f6lc\u00fck&#8217;teki Karak\u00f6pr\u00fc \u0130lkokulu&#8217;nda tamamlam\u0131\u015ft\u0131r.<\/p>\n<p><img loading=\"lazy\" decoding=\"async\" class=\"aligncenter size-full wp-image-229356\" src=\"https:\/\/www.tgrthaber.com\/mavikadin\/wp-content\/uploads\/Kerem-Akturkoglu-6.webp\" alt=\"\" width=\"1280\" height=\"720\" title=\"\" srcset=\"https:\/\/www.tgrthaber.com\/mavikadin\/wp-content\/uploads\/Kerem-Akturkoglu-6.webp 1280w, https:\/\/www.tgrthaber.com\/mavikadin\/wp-content\/uploads\/Kerem-Akturkoglu-6-300x169.webp 300w, https:\/\/www.tgrthaber.com\/mavikadin\/wp-content\/uploads\/Kerem-Akturkoglu-6-1024x576.webp 1024w, https:\/\/www.tgrthaber.com\/mavikadin\/wp-content\/uploads\/Kerem-Akturkoglu-6-768x432.webp 768w\" sizes=\"(max-width: 1280px) 100vw, 1280px\" \/><\/p>\n<hr \/>\n<h3>KEREM AKT\u00dcRKO\u011eLU HANG\u0130 TAKIMDA YET\u0130\u015eT\u0130?<\/h3>\n<p>21 Ekim 1998&#8217;de \u0130zmit&#8217;te d\u00fcnyaya gelen Kerem Akt\u00fcrko\u011flu, 2011 y\u0131l\u0131nda 13 ya\u015f\u0131ndayken do\u011fdu\u011fu \u015fehirdeki G\u00f6lc\u00fckspor altyap\u0131s\u0131na girdi. Akt\u00fcrko\u011flu burada ge\u00e7irdi\u011fi ge\u00e7irdi\u011fi iki y\u0131l\u0131n ard\u0131ndan Hisareynspor altyap\u0131s\u0131na transfer oldu.<\/p>\n<p><img loading=\"lazy\" decoding=\"async\" class=\"aligncenter size-full wp-image-229355\" src=\"https:\/\/www.tgrthaber.com\/mavikadin\/wp-content\/uploads\/Kerem-Akturkoglu-4.webp\" alt=\"\" width=\"750\" height=\"422\" title=\"\" srcset=\"https:\/\/www.tgrthaber.com\/mavikadin\/wp-content\/uploads\/Kerem-Akturkoglu-4.webp 750w, https:\/\/www.tgrthaber.com\/mavikadin\/wp-content\/uploads\/Kerem-Akturkoglu-4-300x169.webp 300w\" sizes=\"(max-width: 750px) 100vw, 750px\" \/><\/p>\n<hr \/>\n<p>2015&#8217;te \u0130stanbul Ba\u015fak\u015fehir altyap\u0131s\u0131na ge\u00e7i\u015f yapt\u0131. 2016&#8217;da bir y\u0131ll\u0131\u011f\u0131na Bodrumspor&#8217;a kiraland\u0131, 2018&#8217;de Ba\u015fak\u015fehir&#8217;den ayr\u0131larak Karacabey Belediyespor&#8217;a transfer oldu. 2019 yaz\u0131nda bedelsiz olarak 24 Erzincanspor&#8217;a ge\u00e7ti ve 2 Ekim 2020&#8217;de Galatasaray&#8217;a transfer olmu\u015ftur.<\/p>\n<p><img loading=\"lazy\" decoding=\"async\" class=\"aligncenter size-full wp-image-175876\" src=\"https:\/\/www.tgrthaber.com\/mavikadin\/wp-content\/uploads\/haber-gorselleri-fotoshop-3-10.jpg\" alt=\"Kerem Akt\u00fcrko\u011flu\u2019ndan ni\u015fanl\u0131s\u0131 ile aile saadeti!\" width=\"1600\" height=\"900\" title=\"\" srcset=\"https:\/\/www.tgrthaber.com\/mavikadin\/wp-content\/uploads\/haber-gorselleri-fotoshop-3-10.jpg 1600w, https:\/\/www.tgrthaber.com\/mavikadin\/wp-content\/uploads\/haber-gorselleri-fotoshop-3-10-300x169.jpg 300w, https:\/\/www.tgrthaber.com\/mavikadin\/wp-content\/uploads\/haber-gorselleri-fotoshop-3-10-1024x576.jpg 1024w, https:\/\/www.tgrthaber.com\/mavikadin\/wp-content\/uploads\/haber-gorselleri-fotoshop-3-10-768x432.jpg 768w, https:\/\/www.tgrthaber.com\/mavikadin\/wp-content\/uploads\/haber-gorselleri-fotoshop-3-10-1536x864.jpg 1536w\" sizes=\"(max-width: 1600px) 100vw, 1600px\" \/><\/p>\n<hr \/>\n<h3>A\u0130LES\u0130 VE KARDE\u015eLER\u0130 YALNIZ BIRAKMIYOR<\/h3>\n<p>Kerem Akt\u00fcrko\u011flu\u2019nun ailesi Kerem\u2019i asla yaln\u0131z b\u0131rakm\u0131yor. Bir zamanlar Galatasaray\u2019da oynayan Kerem Akt\u00fcrko\u011flu\u2019nun ailesi de onu yaln\u0131z b\u0131rakmam\u0131\u015ft\u0131r. Kerem Akt\u00fcrko\u011flu\u2019nun k\u0131z karde\u015fi Reyyan, ailesiyle birlikte Galatasaray ma\u00e7lar\u0131nda s\u0131k s\u0131k trib\u00fcnlerde g\u00f6r\u00fclm\u00fc\u015ft\u00fcr. Akt\u00fcrko\u011flu ailesi, o\u011fullar\u0131 Kerem\u2019in ba\u015far\u0131lar\u0131na tan\u0131kl\u0131k etmek ve ona destek vermek i\u00e7in trib\u00fcnlerde daima yerlerini alm\u0131\u015ft\u0131r.<\/p>\n","protected":false},"excerpt":{"rendered":"<p>Kerem Akt\u00fcrko\u011flu\u2019nun ka\u00e7 karde\u015fi var? merak edildi. Fenerbah\u00e7e\u2019ye transfer olan ba\u015far\u0131l\u0131 futbolcunun ailesi ve karde\u015fleri de ara\u015ft\u0131r\u0131lmaya ba\u015fland\u0131.<\/p>\n","protected":false},"author":5,"featured_media":230246,"comment_status":"closed","ping_status":"closed","sticky":false,"template":"","format":"standard","meta":{"rank_math_lock_modified_date":false,"footnotes":""},"categories":[491],"tags":[5916,61365,61364],"class_list":["post-230243","post","type-post","status-publish","format-standard","has-post-thumbnail","hentry","category-biyografi","tag-kerem-akturkoglu","tag-kerem-akturkoglu-fenerbahce","tag-kerem-akturkoglu-kardesleri"],"_links":{"self":[{"href":"https:\/\/www.tgrthaber.com\/mavikadin\/wp-json\/wp\/v2\/posts\/230243"}],"collection":[{"href":"https:\/\/www.tgrthaber.com\/mavikadin\/wp-json\/wp\/v2\/posts"}],"about":[{"href":"https:\/\/www.tgrthaber.com\/mavikadin\/wp-json\/wp\/v2\/types\/post"}],"author":[{"embeddable":true,"href":"https:\/\/www.tgrthaber.com\/mavikadin\/wp-json\/wp\/v2\/users\/5"}],"replies":[{"embeddable":true,"href":"https:\/\/www.tgrthaber.com\/mavikadin\/wp-json\/wp\/v2\/comments?post=230243"}],"version-history":[{"count":2,"href":"https:\/\/www.tgrthaber.com\/mavikadin\/wp-json\/wp\/v2\/posts\/230243\/revisions"}],"predecessor-version":[{"id":230248,"href":"https:\/\/www.tgrthaber.com\/mavikadin\/wp-json\/wp\/v2\/posts\/230243\/revisions\/230248"}],"wp:featuredmedia":[{"embeddable":true,"href":"https:\/\/www.tgrthaber.com\/mavikadin\/wp-json\/wp\/v2\/media\/230246"}],"wp:attachment":[{"href":"https:\/\/www.tgrthaber.com\/mavikadin\/wp-json\/wp\/v2\/media?parent=230243"}],"wp:term":[{"taxonomy":"category","embeddable":true,"href":"https:\/\/www.tgrthaber.com\/mavikadin\/wp-json\/wp\/v2\/categories?post=230243"},{"taxonomy":"post_tag","embeddable":true,"href":"https:\/\/www.tgrthaber.com\/mavikadin\/wp-json\/wp\/v2\/tags?post=230243"}],"curies":[{"name":"wp","href":"https:\/\/api.w.org\/{rel}","templated":true}]}}