{"id":230249,"date":"2025-09-03T16:59:58","date_gmt":"2025-09-03T13:59:58","guid":{"rendered":"https:\/\/www.tgrthaber.com\/mavikadin\/?p=230249"},"modified":"2025-09-03T16:59:58","modified_gmt":"2025-09-03T13:59:58","slug":"mevlana-mest-i-ask-nereden-izlenir-mevlana-mest-i-ask-kimler-oynuyor","status":"publish","type":"post","link":"https:\/\/www.tgrthaber.com\/mavikadin\/mevlana-mest-i-ask-nereden-izlenir-mevlana-mest-i-ask-kimler-oynuyor\/","title":{"rendered":"Mevl\u00e2na: Mest-i A\u015fk nereden izlenir? Mevl\u00e2na: Mest-i A\u015fk kimler oynuyor?"},"content":{"rendered":"<p>T\u00fcrk-\u0130ran ortak yap\u0131m\u0131 olan Mevl\u00e2na: Mest-i A\u015fk, y\u0131llar sonra vizyona giriyor. Merakla beklenen yap\u0131m t\u00fcm dikkatleri \u00fczerine \u00e7ekecek gibi g\u00f6r\u00fcn\u00fcyor. Peki, Mevl\u00e2na: Mest-i A\u015fk nereden izlenir? Mevl\u00e2na: Mest-i A\u015fk kimler oynuyor? \u0130\u015fte detaylar\u2026<\/p>\n<h3>MEVL\u00c2NA: MEST-\u0130 A\u015eK NEREDEN \u0130ZLEN\u0130R?<\/h3>\n<p><a href=\"https:\/\/www.tgrthaber.com\/mavikadin\/mevlana-mest-i-ask-konusu-nedir-arap-ve-turk-oyunculari-bulusturan-film\/\">Mevl\u00e2na: Mest-i A\u015fk<\/a> filmi, T\u00fcrkiye-\u0130ran ortak yap\u0131m\u0131 olarak kar\u015f\u0131m\u0131za \u00e7\u0131k\u0131yor. Tarihi bir dram filmi olan Mevl\u00e2na: Mest-i A\u015fk \u015eems-i Tebriz\u2019in esrarengiz kaybolmas\u0131 ve ya\u015fana olaylar\u0131n Mevlana\u2019n\u0131n hayat\u0131ndaki derin ya\u015fanm\u0131\u015fl\u0131klar sinemalara ta\u015f\u0131n\u0131yor.<\/p>\n<p><img loading=\"lazy\" decoding=\"async\" class=\"alignnone size-full wp-image-230255\" src=\"https:\/\/www.tgrthaber.com\/mavikadin\/wp-content\/uploads\/ARZU-2025-09-03T165607.351.jpg\" alt=\"Mevl\u00e2na: Mest-i A\u015fk nereden izlenir? Mevl\u00e2na: Mest-i A\u015fk kimler oynuyor?\" width=\"1208\" height=\"680\" title=\"\" srcset=\"https:\/\/www.tgrthaber.com\/mavikadin\/wp-content\/uploads\/ARZU-2025-09-03T165607.351.jpg 1208w, https:\/\/www.tgrthaber.com\/mavikadin\/wp-content\/uploads\/ARZU-2025-09-03T165607.351-300x169.jpg 300w, https:\/\/www.tgrthaber.com\/mavikadin\/wp-content\/uploads\/ARZU-2025-09-03T165607.351-1024x576.jpg 1024w, https:\/\/www.tgrthaber.com\/mavikadin\/wp-content\/uploads\/ARZU-2025-09-03T165607.351-768x432.jpg 768w\" sizes=\"(max-width: 1208px) 100vw, 1208px\" \/><\/p>\n<hr \/>\n<p>Uzun s\u00fcredir beklenen Mevl\u00e2na: Mest-i A\u015fk 17 Ekim 2025 tarihinde vizyona girecek. Projenin y\u00f6netmeni Hassan Fathi olurken Mevl\u00e2na: Mest-i A\u015fk filminde Mevlana\u2019n\u0131n g\u00f6n\u00fcl yolda\u015f\u0131 olan ve esrarengiz kaybolu\u015fu ile derin yank\u0131lar b\u0131rakan \u015eems-i Tebrizi\u2019nin hikayesi konu al\u0131n\u0131yor.<\/p>\n<p><img loading=\"lazy\" decoding=\"async\" class=\"alignnone size-full wp-image-230261\" src=\"https:\/\/www.tgrthaber.com\/mavikadin\/wp-content\/uploads\/ARZU-2025-09-03T165720.281.jpg\" alt=\"Mevl\u00e2na: Mest-i A\u015fk nereden izlenir? Mevl\u00e2na: Mest-i A\u015fk kimler oynuyor?\" width=\"1208\" height=\"680\" title=\"\" srcset=\"https:\/\/www.tgrthaber.com\/mavikadin\/wp-content\/uploads\/ARZU-2025-09-03T165720.281.jpg 1208w, https:\/\/www.tgrthaber.com\/mavikadin\/wp-content\/uploads\/ARZU-2025-09-03T165720.281-300x169.jpg 300w, https:\/\/www.tgrthaber.com\/mavikadin\/wp-content\/uploads\/ARZU-2025-09-03T165720.281-1024x576.jpg 1024w, https:\/\/www.tgrthaber.com\/mavikadin\/wp-content\/uploads\/ARZU-2025-09-03T165720.281-768x432.jpg 768w\" sizes=\"(max-width: 1208px) 100vw, 1208px\" \/><\/p>\n<hr \/>\n<p>Ba\u015ftan a\u015fa\u011f\u0131 bir ba\u015f yap\u0131t olan Mevl\u00e2na: Mest-i A\u015fk filmi, seyirciyi adeta duygu y\u00fckl\u00fc bir yolculu\u011fa \u00e7\u0131karan bir film olacak. Filmin \u00e7ekimleri genellikle \u0130stanbul, Konya, \u0130zmit, Gebze de kurulan d\u00f6rt tane ayr\u0131 platolarda ger\u00e7ekle\u015fti.<\/p>\n<p><img loading=\"lazy\" decoding=\"async\" class=\"alignnone size-full wp-image-230253\" src=\"https:\/\/www.tgrthaber.com\/mavikadin\/wp-content\/uploads\/ARZU-2025-09-03T165638.732.jpg\" alt=\"Mevl\u00e2na: Mest-i A\u015fk nereden izlenir? Mevl\u00e2na: Mest-i A\u015fk kimler oynuyor?\" width=\"1208\" height=\"680\" title=\"\" srcset=\"https:\/\/www.tgrthaber.com\/mavikadin\/wp-content\/uploads\/ARZU-2025-09-03T165638.732.jpg 1208w, https:\/\/www.tgrthaber.com\/mavikadin\/wp-content\/uploads\/ARZU-2025-09-03T165638.732-300x169.jpg 300w, https:\/\/www.tgrthaber.com\/mavikadin\/wp-content\/uploads\/ARZU-2025-09-03T165638.732-1024x576.jpg 1024w, https:\/\/www.tgrthaber.com\/mavikadin\/wp-content\/uploads\/ARZU-2025-09-03T165638.732-768x432.jpg 768w\" sizes=\"(max-width: 1208px) 100vw, 1208px\" \/><\/p>\n<hr \/>\n<p>Mevl\u00e2na: Mest-i A\u015fk filminin bekleyenleri nereden izleyebileceklerini de ara\u015ft\u0131rmaya ba\u015flad\u0131. 17 Ekim 2025 tarihinde vizyonlara girecek olan film, \u015fimdilik sinemalarda izlenecek.<\/p>\n<h3><img loading=\"lazy\" decoding=\"async\" class=\"alignnone size-full wp-image-230256\" src=\"https:\/\/www.tgrthaber.com\/mavikadin\/wp-content\/uploads\/ARZU-2025-09-03T165600.578.jpg\" alt=\"Mevl\u00e2na: Mest-i A\u015fk nereden izlenir? Mevl\u00e2na: Mest-i A\u015fk kimler oynuyor?\" width=\"1208\" height=\"680\" title=\"\" srcset=\"https:\/\/www.tgrthaber.com\/mavikadin\/wp-content\/uploads\/ARZU-2025-09-03T165600.578.jpg 1208w, https:\/\/www.tgrthaber.com\/mavikadin\/wp-content\/uploads\/ARZU-2025-09-03T165600.578-300x169.jpg 300w, https:\/\/www.tgrthaber.com\/mavikadin\/wp-content\/uploads\/ARZU-2025-09-03T165600.578-1024x576.jpg 1024w, https:\/\/www.tgrthaber.com\/mavikadin\/wp-content\/uploads\/ARZU-2025-09-03T165600.578-768x432.jpg 768w\" sizes=\"(max-width: 1208px) 100vw, 1208px\" \/><\/h3>\n<hr \/>\n<h3>MEVL\u00c2NA: MEST-\u0130 A\u015eK K\u0130MLER OYNUYOR?<\/h3>\n<p>T\u00fcrkiye-\u0130ran ortak yap\u0131m olan Mevl\u00e2na: Mest-i A\u015fk filmi sadece konusu ile de\u011fil oyuncular\u0131 ile de dikkatleri \u00fczerine \u00e7ekiyor. Birbirinden ba\u015far\u0131l\u0131 oyuncular karakterleri ile g\u00fcndeme geliyor. Ba\u015frollerinde Shahab Hosseini ve Parsa Pirouzfar gibi oyuncular\u0131n\u0131n yan\u0131 s\u0131ra T\u00fcrk oyuncular\u0131n da olmas\u0131 dikkatlerden ka\u00e7mad\u0131.<\/p>\n<p><img loading=\"lazy\" decoding=\"async\" class=\"alignnone size-full wp-image-230254\" src=\"https:\/\/www.tgrthaber.com\/mavikadin\/wp-content\/uploads\/ARZU-2025-09-03T165615.005.jpg\" alt=\"Mevl\u00e2na: Mest-i A\u015fk nereden izlenir? Mevl\u00e2na: Mest-i A\u015fk kimler oynuyor?\" width=\"1208\" height=\"680\" title=\"\" srcset=\"https:\/\/www.tgrthaber.com\/mavikadin\/wp-content\/uploads\/ARZU-2025-09-03T165615.005.jpg 1208w, https:\/\/www.tgrthaber.com\/mavikadin\/wp-content\/uploads\/ARZU-2025-09-03T165615.005-300x169.jpg 300w, https:\/\/www.tgrthaber.com\/mavikadin\/wp-content\/uploads\/ARZU-2025-09-03T165615.005-1024x576.jpg 1024w, https:\/\/www.tgrthaber.com\/mavikadin\/wp-content\/uploads\/ARZU-2025-09-03T165615.005-768x432.jpg 768w\" sizes=\"(max-width: 1208px) 100vw, 1208px\" \/><\/p>\n<hr \/>\n<p>\u0130brahim \u00c7elikkol \u2018\u0130skender\u2019 rol\u00fcnde, Hande Er\u00e7el \u2018Kimya Hatun\u2019, Boran Kuzum ise \u2018Alaeddin\u2019 karakteri ile beyazperdeye \u00e7\u0131k\u0131yor. Selma Erge\u00e7, Bensu Soral, Burak Tozkoporan gibi \u00fcnl\u00fc oyuncular da Mevl\u00e2na: Mest-i A\u015fk filminde oynuyor.<\/p>\n<p><img loading=\"lazy\" decoding=\"async\" class=\"alignnone size-full wp-image-230252\" src=\"https:\/\/www.tgrthaber.com\/mavikadin\/wp-content\/uploads\/ARZU-2025-09-03T165649.718.jpg\" alt=\"Mevl\u00e2na: Mest-i A\u015fk nereden izlenir? Mevl\u00e2na: Mest-i A\u015fk kimler oynuyor?\" width=\"1208\" height=\"680\" title=\"\" srcset=\"https:\/\/www.tgrthaber.com\/mavikadin\/wp-content\/uploads\/ARZU-2025-09-03T165649.718.jpg 1208w, https:\/\/www.tgrthaber.com\/mavikadin\/wp-content\/uploads\/ARZU-2025-09-03T165649.718-300x169.jpg 300w, https:\/\/www.tgrthaber.com\/mavikadin\/wp-content\/uploads\/ARZU-2025-09-03T165649.718-1024x576.jpg 1024w, https:\/\/www.tgrthaber.com\/mavikadin\/wp-content\/uploads\/ARZU-2025-09-03T165649.718-768x432.jpg 768w\" sizes=\"(max-width: 1208px) 100vw, 1208px\" \/><\/p>\n<hr \/>\n<p>\u0130ran ve T\u00fcrkiye\u2019deki oyuncular\u0131 bir araya getiren yap\u0131m genellikle T\u00fcrkiye\u2019de kurulan bir platolarda \u00e7ekildi. Fahir Atako\u011flu imzal\u0131 m\u00fczikleri ile seyirciyi ba\u015fka diyarlara g\u00f6t\u00fcrecek olan film merakla yay\u0131nlanaca\u011f\u0131 g\u00fcn bekleniyor.<\/p>\n","protected":false},"excerpt":{"rendered":"<p>Uzun zamand\u0131r merakla beklenen Mevl\u00e2na: Mest-i A\u015fk, izleyici ile bulu\u015fmaya geliyor. T\u00fcrk-\u0130ran ortak \u00e7al\u0131\u015fmas\u0131 olan bu film 17 Ekim\u2019de sevenleri ile bulu\u015fuyor. Peki, Mevl\u00e2na: Mest-i A\u015fk nereden izlenir? Mevl\u00e2na: Mest-i A\u015fk kimler oynuyor? \u0130\u015fte detaylar\u2026<\/p>\n","protected":false},"author":34,"featured_media":230257,"comment_status":"closed","ping_status":"closed","sticky":false,"template":"","format":"standard","meta":{"rank_math_lock_modified_date":false,"footnotes":""},"categories":[602],"tags":[61360,61366,61367],"class_list":["post-230249","post","type-post","status-publish","format-standard","has-post-thumbnail","hentry","category-diziler","tag-mevlana-mest-i-ask","tag-mevlana-mest-i-ask-film","tag-mevlana-mest-i-ask-oyunculari"],"_links":{"self":[{"href":"https:\/\/www.tgrthaber.com\/mavikadin\/wp-json\/wp\/v2\/posts\/230249"}],"collection":[{"href":"https:\/\/www.tgrthaber.com\/mavikadin\/wp-json\/wp\/v2\/posts"}],"about":[{"href":"https:\/\/www.tgrthaber.com\/mavikadin\/wp-json\/wp\/v2\/types\/post"}],"author":[{"embeddable":true,"href":"https:\/\/www.tgrthaber.com\/mavikadin\/wp-json\/wp\/v2\/users\/34"}],"replies":[{"embeddable":true,"href":"https:\/\/www.tgrthaber.com\/mavikadin\/wp-json\/wp\/v2\/comments?post=230249"}],"version-history":[{"count":2,"href":"https:\/\/www.tgrthaber.com\/mavikadin\/wp-json\/wp\/v2\/posts\/230249\/revisions"}],"predecessor-version":[{"id":230266,"href":"https:\/\/www.tgrthaber.com\/mavikadin\/wp-json\/wp\/v2\/posts\/230249\/revisions\/230266"}],"wp:featuredmedia":[{"embeddable":true,"href":"https:\/\/www.tgrthaber.com\/mavikadin\/wp-json\/wp\/v2\/media\/230257"}],"wp:attachment":[{"href":"https:\/\/www.tgrthaber.com\/mavikadin\/wp-json\/wp\/v2\/media?parent=230249"}],"wp:term":[{"taxonomy":"category","embeddable":true,"href":"https:\/\/www.tgrthaber.com\/mavikadin\/wp-json\/wp\/v2\/categories?post=230249"},{"taxonomy":"post_tag","embeddable":true,"href":"https:\/\/www.tgrthaber.com\/mavikadin\/wp-json\/wp\/v2\/tags?post=230249"}],"curies":[{"name":"wp","href":"https:\/\/api.w.org\/{rel}","templated":true}]}}