{"id":230250,"date":"2025-09-03T17:10:15","date_gmt":"2025-09-03T14:10:15","guid":{"rendered":"https:\/\/www.tgrthaber.com\/mavikadin\/?p=230250"},"modified":"2025-09-16T17:48:14","modified_gmt":"2025-09-16T14:48:14","slug":"engin-akyureki-mutlu-eden-hareket-hayranlarinin-dogum-gunu-hediyesi","status":"publish","type":"post","link":"https:\/\/www.tgrthaber.com\/mavikadin\/engin-akyureki-mutlu-eden-hareket-hayranlarinin-dogum-gunu-hediyesi\/","title":{"rendered":"Engin Aky\u00fcrek&#8217;i mutlu eden hareket! Hayranlar\u0131n\u0131n do\u011fum g\u00fcn\u00fc hediyesi"},"content":{"rendered":"<p>Bereketli Topraklar dizisine haz\u0131rlanan sevilen oyuncu Engin Aky\u00fcrek\u2019in d\u00fcnyan\u0131n d\u00f6rt bir yan\u0131ndaki hayranlar\u0131, sanat\u00e7\u0131n\u0131n do\u011fum g\u00fcn\u00fc i\u00e7in \u00e7ok \u00f6zel bir uluslararas\u0131 ba\u011f\u0131\u015f kampanyas\u0131 d\u00fczenledi\u2026<\/p>\n<h3>ENG\u0130N AKY\u00dcREK\u2019\u0130N \u015eA\u015eIRTAN DO\u011eUM G\u00dcN\u00dc HED\u0130YES\u0130<\/h3>\n<p>Oyuncu Engin Aky\u00fcrek, 8 dile \u00e7evrilen \u201cSessizlik\u201d kitab\u0131n\u0131n hem yurti\u00e7i hem de yurtd\u0131\u015f\u0131 telif gelirini Dar\u00fc\u015f\u015fafaka\u2019ya ba\u011f\u0131\u015flam\u0131\u015ft\u0131.<\/p>\n<p><img loading=\"lazy\" decoding=\"async\" class=\"alignnone size-full wp-image-230262\" src=\"https:\/\/www.tgrthaber.com\/mavikadin\/wp-content\/uploads\/Adsiz-tasarim-20-23.png\" alt=\"\" width=\"1208\" height=\"680\" title=\"\" srcset=\"https:\/\/www.tgrthaber.com\/mavikadin\/wp-content\/uploads\/Adsiz-tasarim-20-23.png 1208w, https:\/\/www.tgrthaber.com\/mavikadin\/wp-content\/uploads\/Adsiz-tasarim-20-23-300x169.png 300w, https:\/\/www.tgrthaber.com\/mavikadin\/wp-content\/uploads\/Adsiz-tasarim-20-23-1024x576.png 1024w, https:\/\/www.tgrthaber.com\/mavikadin\/wp-content\/uploads\/Adsiz-tasarim-20-23-768x432.png 768w\" sizes=\"(max-width: 1208px) 100vw, 1208px\" \/><\/p>\n<hr \/>\n<p>\u00dcnl\u00fc akt\u00f6r\u00fcn hayranlar\u0131 ise sanat\u00e7\u0131n\u0131n do\u011fum g\u00fcn\u00fc i\u00e7in yine \u00e7ok \u00f6zel bir kampanyaya imza att\u0131.<\/p>\n<p><img loading=\"lazy\" decoding=\"async\" class=\"alignnone size-full wp-image-230263\" src=\"https:\/\/www.tgrthaber.com\/mavikadin\/wp-content\/uploads\/Adsiz-tasarim-19-29.png\" alt=\"\" width=\"1208\" height=\"680\" title=\"\" srcset=\"https:\/\/www.tgrthaber.com\/mavikadin\/wp-content\/uploads\/Adsiz-tasarim-19-29.png 1208w, https:\/\/www.tgrthaber.com\/mavikadin\/wp-content\/uploads\/Adsiz-tasarim-19-29-300x169.png 300w, https:\/\/www.tgrthaber.com\/mavikadin\/wp-content\/uploads\/Adsiz-tasarim-19-29-1024x576.png 1024w, https:\/\/www.tgrthaber.com\/mavikadin\/wp-content\/uploads\/Adsiz-tasarim-19-29-768x432.png 768w\" sizes=\"(max-width: 1208px) 100vw, 1208px\" \/><\/p>\n<hr \/>\n<p>Hayranlar\u0131, Aky\u00fcrek\u2019in yeni ya\u015f\u0131n\u0131 kutlamak amac\u0131yla, onun ad\u0131na Dar\u00fc\u015f\u015fafakal\u0131 \u00f6\u011frenciler i\u00e7in uluslararas\u0131 bir ba\u011f\u0131\u015f kampanyas\u0131 d\u00fczenledi.<\/p>\n<p><img loading=\"lazy\" decoding=\"async\" class=\"alignnone size-full wp-image-230259\" src=\"https:\/\/www.tgrthaber.com\/mavikadin\/wp-content\/uploads\/Adsiz-tasarim-22-20.png\" alt=\"\" width=\"1208\" height=\"680\" title=\"\" srcset=\"https:\/\/www.tgrthaber.com\/mavikadin\/wp-content\/uploads\/Adsiz-tasarim-22-20.png 1208w, https:\/\/www.tgrthaber.com\/mavikadin\/wp-content\/uploads\/Adsiz-tasarim-22-20-300x169.png 300w, https:\/\/www.tgrthaber.com\/mavikadin\/wp-content\/uploads\/Adsiz-tasarim-22-20-1024x576.png 1024w, https:\/\/www.tgrthaber.com\/mavikadin\/wp-content\/uploads\/Adsiz-tasarim-22-20-768x432.png 768w\" sizes=\"(max-width: 1208px) 100vw, 1208px\" \/><\/p>\n<hr \/>\n<p>Kampanyaya ABD, Kanada, Almanya, \u0130ngiltere, Fransa, \u0130talya ve \u0130spanya\u2019n\u0131n yan\u0131 s\u0131ra; Arjantin, Brezilya, Venezuela, Paraguay, Peru, \u015eili, Uruguay, Kolombiya, Romanya, Macaristan, \u00c7ekya, Endonezya, Katar ve \u0130ran\u2019dan pek \u00e7ok Engin Aky\u00fcrek hayran\u0131 katk\u0131da bulundu. Kampanyadan elde edilen gelir, 1.000\u2019i a\u015fk\u0131n \u00f6\u011frencinin nitelikli e\u011fitimi i\u00e7in ba\u011f\u0131\u015fland\u0131.<\/p>\n<p><img loading=\"lazy\" decoding=\"async\" class=\"alignnone size-full wp-image-230260\" src=\"https:\/\/www.tgrthaber.com\/mavikadin\/wp-content\/uploads\/Adsiz-tasarim-21-23.png\" alt=\"\" width=\"1208\" height=\"680\" title=\"\" srcset=\"https:\/\/www.tgrthaber.com\/mavikadin\/wp-content\/uploads\/Adsiz-tasarim-21-23.png 1208w, https:\/\/www.tgrthaber.com\/mavikadin\/wp-content\/uploads\/Adsiz-tasarim-21-23-300x169.png 300w, https:\/\/www.tgrthaber.com\/mavikadin\/wp-content\/uploads\/Adsiz-tasarim-21-23-1024x576.png 1024w, https:\/\/www.tgrthaber.com\/mavikadin\/wp-content\/uploads\/Adsiz-tasarim-21-23-768x432.png 768w\" sizes=\"(max-width: 1208px) 100vw, 1208px\" \/><\/p>\n<hr \/>\n<h3>Dar\u00fc\u015f\u015fafaka\u2019dan konuyla ilgili a\u00e7\u0131klama:<\/h3>\n<p>\u201c2015 y\u0131l\u0131nda \u2018Haydi Gel Sen de Bize Kat\u0131l\u2019 ad\u0131yla kurulan hayran grubu, ge\u00e7ti\u011fimiz y\u0131l da Fonzip \u00fczerinden Aky\u00fcrek\u2019in do\u011fum g\u00fcn\u00fcn\u00fc kutlamak i\u00e7in a\u00e7t\u0131klar\u0131 kampanya ile \u2018E\u011fitimde F\u0131rsat E\u015fitli\u011fi\u2019 misyonumuza katk\u0131da bulunmu\u015ftu.\u201d<\/p>\n<p>Kampanyan\u0131n tamamlanmas\u0131n\u0131n ard\u0131ndan sanat\u00e7\u0131 Engin Aky\u00fcrek, 1 Eyl\u00fcl\u2019de dijital ortamda d\u00fczenlenen do\u011fum g\u00fcn\u00fc kutlamas\u0131nda d\u00fcnyan\u0131n d\u00f6rt bir yan\u0131ndaki hayranlar\u0131yla bir araya geldi. Aky\u00fcrek, b\u00f6ylesi anlaml\u0131 bir ba\u011f\u0131\u015f kampanyas\u0131na imza att\u0131klar\u0131 i\u00e7in hayranlar\u0131na te\u015fekk\u00fcr ederek \u015fu ifadeleri kulland\u0131:<\/p>\n<p>\u201cB\u00f6yle g\u00fczel i\u015flere vesile olabilmek benim i\u00e7in b\u00fcy\u00fck bir mutluluk. Dar\u00fc\u015f\u015fafaka\u2019y\u0131 tan\u0131mama, tarihini bilmeme ra\u011fmen ba\u015flad\u0131\u011f\u0131m bu yolculuk sizlerin sayesinde devam etti ve ard\u0131ndan da kitaplar\u0131m\u0131n telifini Dar\u00fc\u015f\u015fafaka\u2019ya ba\u011f\u0131\u015flama f\u0131rsat\u0131 buldum. D\u00fcnyan\u0131n farkl\u0131 k\u00f6\u015felerinden insanlar\u0131n \u00fclkemizdeki bir okula ba\u011f\u0131\u015f yapmas\u0131 bence son derece k\u0131ymetli ve \u00fczerine konu\u015fulmas\u0131 gereken bir de\u011fer.\u201d<\/p>\n<h3>ENG\u0130N AKY\u00dcREK\u2019\u0130N BEREKETL\u0130 TOPRAKLAR D\u0130Z\u0130S\u0130NDEK\u0130 PARTNER\u0130 G\u00dcLS\u0130M AL\u0130 OLDU<\/h3>\n<p>Ya\u011f\u0131z Alp Akayd\u0131n\u2019\u0131n y\u00f6netmenli\u011fini \u00fcstlendi\u011fi Bereketli Topraklar dizisi, Adana\u2019n\u0131n iki k\u00f6kl\u00fc ailesi Bereketo\u011fullar\u0131 ve Karahanl\u0131lar aras\u0131ndaki k\u0131yas\u0131ya sava\u015f\u0131 ekran ba\u015f\u0131ndaki seyircilerle bulu\u015fturacak.<\/p>\n<p><img loading=\"lazy\" decoding=\"async\" class=\"alignnone size-full wp-image-230258\" src=\"https:\/\/www.tgrthaber.com\/mavikadin\/wp-content\/uploads\/Adsiz-tasarim-23-18.png\" alt=\"\" width=\"1208\" height=\"680\" title=\"\" srcset=\"https:\/\/www.tgrthaber.com\/mavikadin\/wp-content\/uploads\/Adsiz-tasarim-23-18.png 1208w, https:\/\/www.tgrthaber.com\/mavikadin\/wp-content\/uploads\/Adsiz-tasarim-23-18-300x169.png 300w, https:\/\/www.tgrthaber.com\/mavikadin\/wp-content\/uploads\/Adsiz-tasarim-23-18-1024x576.png 1024w, https:\/\/www.tgrthaber.com\/mavikadin\/wp-content\/uploads\/Adsiz-tasarim-23-18-768x432.png 768w\" sizes=\"(max-width: 1208px) 100vw, 1208px\" \/><\/p>\n<p>Dizinin ba\u015frol oyuncular\u0131 <a href=\"https:\/\/www.tgrthaber.com\/mavikadin\/engin-akyurek-ve-gulsim-alinin-yeni-dizisi-bereketli-topraklar-sete-cikiyor-dev-kadro-okuma-provasinda-bulustu\/\">Engin Aky\u00fcrek<\/a> ve <a href=\"https:\/\/www.tgrthaber.com\/mavikadin\/berk-oktay-ve-yildiz-cagri-atiksoyun-evliliginde-gulsim-ali-krizi-mesajlari-kimseyle-paylasma\/\">G\u00fclsim Ali<\/a> olarak a\u00e7\u0131kland\u0131. Dizinin ba\u015frol \u00e7iftinden ilk kare de payla\u015f\u0131ld\u0131.<\/p>\n<p>S\u00fcre\u00e7 Film imzal\u0131 yap\u0131m, Adana\u2019da sete \u00e7\u0131kacak. Dizinin senaryosunu ise Hasan Tolga Pulat, Ozan A\u011fa\u00e7 ve Se\u00e7il \u00c7\u00f6mlek\u00e7i kaleme al\u0131yor.<\/p>\n","protected":false},"excerpt":{"rendered":"<p>Sevilen oyuncu Engin Aky\u00fcrek\u2019in do\u011fum g\u00fcn\u00fc s\u00fcrprizi \u015fa\u015f\u0131rtt\u0131, hayranlar\u0131n\u0131n d\u00fczenledi\u011fi uluslararas\u0131 bir ba\u011f\u0131\u015f kampanyas\u0131yla kutland\u0131. ABD, Avrupa ve Asya\u2019dan bir\u00e7ok \u00fclkeden kat\u0131l\u0131m\u0131n oldu\u011fu kampanyadan elde edilen gelir, Dar\u00fc\u015f\u015fafaka\u2019da e\u011fitim g\u00f6ren \u00f6\u011frenciler i\u00e7in ba\u011f\u0131\u015fland\u0131.<\/p>\n","protected":false},"author":37,"featured_media":230279,"comment_status":"closed","ping_status":"closed","sticky":false,"template":"","format":"standard","meta":{"rank_math_lock_modified_date":false,"footnotes":""},"categories":[76],"tags":[20476,7042,11850,133],"class_list":["post-230250","post","type-post","status-publish","format-standard","has-post-thumbnail","hentry","category-magazin","tag-bereketli-topraklar-dizisi","tag-engin-akyurek","tag-gulsim-ali","tag-magazin"],"_links":{"self":[{"href":"https:\/\/www.tgrthaber.com\/mavikadin\/wp-json\/wp\/v2\/posts\/230250"}],"collection":[{"href":"https:\/\/www.tgrthaber.com\/mavikadin\/wp-json\/wp\/v2\/posts"}],"about":[{"href":"https:\/\/www.tgrthaber.com\/mavikadin\/wp-json\/wp\/v2\/types\/post"}],"author":[{"embeddable":true,"href":"https:\/\/www.tgrthaber.com\/mavikadin\/wp-json\/wp\/v2\/users\/37"}],"replies":[{"embeddable":true,"href":"https:\/\/www.tgrthaber.com\/mavikadin\/wp-json\/wp\/v2\/comments?post=230250"}],"version-history":[{"count":1,"href":"https:\/\/www.tgrthaber.com\/mavikadin\/wp-json\/wp\/v2\/posts\/230250\/revisions"}],"predecessor-version":[{"id":230285,"href":"https:\/\/www.tgrthaber.com\/mavikadin\/wp-json\/wp\/v2\/posts\/230250\/revisions\/230285"}],"wp:featuredmedia":[{"embeddable":true,"href":"https:\/\/www.tgrthaber.com\/mavikadin\/wp-json\/wp\/v2\/media\/230279"}],"wp:attachment":[{"href":"https:\/\/www.tgrthaber.com\/mavikadin\/wp-json\/wp\/v2\/media?parent=230250"}],"wp:term":[{"taxonomy":"category","embeddable":true,"href":"https:\/\/www.tgrthaber.com\/mavikadin\/wp-json\/wp\/v2\/categories?post=230250"},{"taxonomy":"post_tag","embeddable":true,"href":"https:\/\/www.tgrthaber.com\/mavikadin\/wp-json\/wp\/v2\/tags?post=230250"}],"curies":[{"name":"wp","href":"https:\/\/api.w.org\/{rel}","templated":true}]}}