{"id":230294,"date":"2025-09-03T17:49:10","date_gmt":"2025-09-03T14:49:10","guid":{"rendered":"https:\/\/www.tgrthaber.com\/mavikadin\/?p=230294"},"modified":"2025-09-04T22:15:08","modified_gmt":"2025-09-04T19:15:08","slug":"masterchef-3-eylul-2025-dokunulmazlik-oyununu-kim-kazandi-masterchef-eleme-adayi-kim-oldu","status":"publish","type":"post","link":"https:\/\/www.tgrthaber.com\/mavikadin\/masterchef-3-eylul-2025-dokunulmazlik-oyununu-kim-kazandi-masterchef-eleme-adayi-kim-oldu\/","title":{"rendered":"MasterChef 3 Eyl\u00fcl 2025 dokunulmazl\u0131k oyununu kim kazand\u0131? MasterChef eleme aday\u0131 kim oldu?"},"content":{"rendered":"<p class=\"p1\">TV8 ekranlar\u0131n\u0131n sevilerek seyredilen yar\u0131\u015fma program\u0131 MasterChef T\u00fcrkiye\u2019de heyecan dorukta! Haftan\u0131n kaptanlar\u0131n\u0131n a\u00e7\u0131kland\u0131\u011f\u0131 programda bu ak\u015fam 2. dokunulmazl\u0131k oyunu oynanacak. D\u00fcn ak\u015fam yay\u0131nlanan b\u00f6l\u00fcmde yar\u0131\u015fmac\u0131lardan istenen yemek Kilis Tava oldu. Bu ak\u015fam ise d\u00fcnya mutfa\u011f\u0131ndan pek \u00e7ok farkl\u0131 yeme\u011fin yap\u0131laca\u011f\u0131 yar\u0131\u015fmada yar\u0131\u015fmac\u0131lar yine dokunulmazl\u0131k kazanabilmek i\u00e7in ve eleme potas\u0131nda yer almamak i\u00e7in k\u0131yas\u0131ya m\u00fccadele edecek. Peki MasterChef 3 Eyl\u00fcl 2025 dokunulmazl\u0131k oyununu kim kazand\u0131? MasterChef 3 Eyl\u00fcl 2025 eleme aday\u0131 kim oldu? \u0130\u015fte detaylar\u2026<\/p>\n<h3>MASTERCHEF T\u00dcRK\u0130YE DOKUNULMAZLIK OYUNU HEYECANI DEVAM ED\u0130YOR<\/h3>\n<p class=\"p1\"><a href=\"https:\/\/www.tgrthaber.com\/mavikadin\/masterchef-2025-irem-tugrulun-sabotaj-olayinin-gercek-yuzu-ortaya-cikti-yarismacilar-ikiye-bolundu\/\">MasterChef<\/a> T\u00fcrkiye&#8217;de haftan\u0131n ilk dokunulmazl\u0131k oyunu geride kald\u0131. Yeni mavi ve k\u0131rm\u0131z\u0131 tak\u0131m yar\u0131\u015fmac\u0131lar\u0131 hayallerine devam edebilmek i\u00e7in k\u0131yas\u0131ya m\u00fccadele etti. Bu ak\u015fam ise oynanan dokunulmazl\u0131k oyununun sonu\u00e7lar\u0131 merakla bekleniyor. \u0130\u015fte MasterChef 3 Eyl\u00fcl 2025 ak\u015fam\u0131 ya\u015fananlar\u2026<\/p>\n<p><img loading=\"lazy\" decoding=\"async\" class=\"alignnone wp-image-230309 \" src=\"https:\/\/www.tgrthaber.com\/mavikadin\/wp-content\/uploads\/Ekran-Resmi-2025-09-03-17.41.42.png\" alt=\"\" width=\"995\" height=\"656\" title=\"\" srcset=\"https:\/\/www.tgrthaber.com\/mavikadin\/wp-content\/uploads\/Ekran-Resmi-2025-09-03-17.41.42.png 974w, https:\/\/www.tgrthaber.com\/mavikadin\/wp-content\/uploads\/Ekran-Resmi-2025-09-03-17.41.42-300x198.png 300w, https:\/\/www.tgrthaber.com\/mavikadin\/wp-content\/uploads\/Ekran-Resmi-2025-09-03-17.41.42-768x506.png 768w\" sizes=\"(max-width: 995px) 100vw, 995px\" \/><\/p>\n<hr \/>\n<h3 class=\"p1\">MATERCHEF T\u00dcRK\u0130YE 3 EYL\u00dcL 2025 DOKUNULMAZLIK OYUNUNU K\u0130M KAZANDI?<\/h3>\n<p class=\"p1\">MasterChef T\u00fcrkiye 3 Eyl\u00fcl 2025 dokunulmazl\u0131k oyununu kazanan Mavi tak\u0131m oldu.<\/p>\n<h3 class=\"p1\">MASTERCHEF 3 EYL\u00dcL 2025 ELEME ADAYI K\u0130M OLDU?<\/h3>\n<p class=\"p1\">MasterChef 3. ve 4. eleme aday\u0131 \u00c7a\u011flar ve Ayten oldu.<\/p>\n<p><img loading=\"lazy\" decoding=\"async\" class=\"alignnone wp-image-230316 \" src=\"https:\/\/www.tgrthaber.com\/mavikadin\/wp-content\/uploads\/Ekran-Resmi-2025-09-03-17.41.50.png\" alt=\"\" width=\"1007\" height=\"573\" title=\"\" srcset=\"https:\/\/www.tgrthaber.com\/mavikadin\/wp-content\/uploads\/Ekran-Resmi-2025-09-03-17.41.50.png 858w, https:\/\/www.tgrthaber.com\/mavikadin\/wp-content\/uploads\/Ekran-Resmi-2025-09-03-17.41.50-300x171.png 300w, https:\/\/www.tgrthaber.com\/mavikadin\/wp-content\/uploads\/Ekran-Resmi-2025-09-03-17.41.50-768x437.png 768w\" sizes=\"(max-width: 1007px) 100vw, 1007px\" \/><\/p>\n<hr \/>\n<h3 class=\"p1\">MASTERHCEF T\u00dcRK\u0130YE DOKUNULMAZLIK OYUNUNU K\u0130M KAZANDI? (2 Eyl\u00fcl)<\/h3>\n<p class=\"p1\">MasterChef T\u00fcrkiye&#8217;de haftan\u0131n ilk dokunulmazl\u0131k oyununu\u00a0<b>KIRMIZI<\/b>\u00a0tak\u0131m kazand\u0131.<\/p>\n<p class=\"p1\">K\u0131rm\u0131z\u0131 tak\u0131m aras\u0131nda oynanan bireysel dokunulmazl\u0131\u011f\u0131 kazanan isim ise\u00a0<b>S\u00fcmeyye<\/b>\u00a0oldu.<\/p>\n<h3 class=\"p1\">MASTERCHEF ELEME ADAYI K\u0130M OLDU?<\/h3>\n<p class=\"p1\">Yap\u0131lan oylaman\u0131n sonucunda MasterChef T\u00fcrkiye 2025&#8217;te haftan\u0131n ilk eleme adaylar\u0131 Sercan ve \u00d6zkan oldu.<\/p>\n<p><img loading=\"lazy\" decoding=\"async\" class=\"alignnone wp-image-230319 \" src=\"https:\/\/www.tgrthaber.com\/mavikadin\/wp-content\/uploads\/Ekran-Resmi-2025-09-03-17.41.57.png\" alt=\"\" width=\"1000\" height=\"593\" title=\"\" srcset=\"https:\/\/www.tgrthaber.com\/mavikadin\/wp-content\/uploads\/Ekran-Resmi-2025-09-03-17.41.57.png 968w, https:\/\/www.tgrthaber.com\/mavikadin\/wp-content\/uploads\/Ekran-Resmi-2025-09-03-17.41.57-300x178.png 300w, https:\/\/www.tgrthaber.com\/mavikadin\/wp-content\/uploads\/Ekran-Resmi-2025-09-03-17.41.57-768x455.png 768w\" sizes=\"(max-width: 1000px) 100vw, 1000px\" \/><\/p>\n<hr \/>\n<h3 class=\"p1\">MASTERCHEF T\u00dcRK\u0130YE 2025 KAPTANLIK OYUNU TAKIMLARI (5.HAFTA)<\/h3>\n<p class=\"p3\"><b>Mavi tak\u0131m<\/b><\/p>\n<ul class=\"ul1\">\n<li class=\"li1\">Ayla ( kaptan)<\/li>\n<li class=\"li1\">Hakan<\/li>\n<li class=\"li1\">S\u00fcmeyye<\/li>\n<li class=\"li1\">Onur<\/li>\n<li class=\"li1\">Eyl\u00fcl<\/li>\n<li class=\"li1\">\u00d6zkan<\/li>\n<li class=\"li1\">Sercan<\/li>\n<li class=\"li1\">\u0130hsan<\/li>\n<li class=\"li1\">Cansu<\/li>\n<li class=\"li1\">\u0130rem<\/li>\n<\/ul>\n<p class=\"p1\">K\u0131rm\u0131z\u0131 tak\u0131m<\/p>\n<p><img loading=\"lazy\" decoding=\"async\" class=\"alignnone wp-image-230320 size-large\" src=\"https:\/\/www.tgrthaber.com\/mavikadin\/wp-content\/uploads\/Ekran-Resmi-2025-09-03-17.41.03-1024x568.png\" alt=\"\" width=\"1024\" height=\"568\" title=\"\" srcset=\"https:\/\/www.tgrthaber.com\/mavikadin\/wp-content\/uploads\/Ekran-Resmi-2025-09-03-17.41.03-1024x568.png 1024w, https:\/\/www.tgrthaber.com\/mavikadin\/wp-content\/uploads\/Ekran-Resmi-2025-09-03-17.41.03-300x166.png 300w, https:\/\/www.tgrthaber.com\/mavikadin\/wp-content\/uploads\/Ekran-Resmi-2025-09-03-17.41.03-768x426.png 768w, https:\/\/www.tgrthaber.com\/mavikadin\/wp-content\/uploads\/Ekran-Resmi-2025-09-03-17.41.03-1536x852.png 1536w, https:\/\/www.tgrthaber.com\/mavikadin\/wp-content\/uploads\/Ekran-Resmi-2025-09-03-17.41.03.png 1622w\" sizes=\"(max-width: 1024px) 100vw, 1024px\" \/><\/p>\n<hr \/>\n<ul class=\"ul1\">\n<li class=\"li1\">\u00c7a\u011flar(kaptan)<\/li>\n<li class=\"li1\">\u00c7a\u011fatay<\/li>\n<li class=\"li1\">Furkan<\/li>\n<li class=\"li1\">Gizem<\/li>\n<li class=\"li1\">Sezer<\/li>\n<li class=\"li1\">Mert<\/li>\n<li class=\"li1\">Ayten<\/li>\n<li class=\"li1\">\u0130lhan<\/li>\n<li class=\"li1\">Bar\u0131\u015f<\/li>\n<\/ul>\n<h3 class=\"p1\">MASTERCHEF T\u00dcRK\u0130YE 2025 ANA KADRO L\u0130STES\u0130<\/h3>\n<p class=\"p1\">MasterChef T\u00fcrkiye 2025 ana kadro g\u00fcncel listesi:<\/p>\n<p class=\"p1\">MasterChef T\u00fcrkiye Ana Kadroya Giren 1. Yar\u0131\u015fmac\u0131: Furkan<\/p>\n<p class=\"p1\">MasterChef T\u00fcrkiye Ana Kadroya Giren 2. Yar\u0131\u015fmac\u0131: Eyl\u00fcl<\/p>\n<p class=\"p1\">MasterChef T\u00fcrkiye Ana Kadroya Giren 3. Yar\u0131\u015fmac\u0131: \u00c7a\u011fatay<\/p>\n<p class=\"p1\">MasterChef T\u00fcrkiye Ana Kadroya Giren 4. Yar\u0131\u015fmac\u0131: Onur<\/p>\n<p><img loading=\"lazy\" decoding=\"async\" class=\"alignnone wp-image-230323 size-large\" src=\"https:\/\/www.tgrthaber.com\/mavikadin\/wp-content\/uploads\/Ekran-Resmi-2025-09-03-17.41.09-1024x608.png\" alt=\"\" width=\"1024\" height=\"608\" title=\"\" srcset=\"https:\/\/www.tgrthaber.com\/mavikadin\/wp-content\/uploads\/Ekran-Resmi-2025-09-03-17.41.09-1024x608.png 1024w, https:\/\/www.tgrthaber.com\/mavikadin\/wp-content\/uploads\/Ekran-Resmi-2025-09-03-17.41.09-300x178.png 300w, https:\/\/www.tgrthaber.com\/mavikadin\/wp-content\/uploads\/Ekran-Resmi-2025-09-03-17.41.09-768x456.png 768w, https:\/\/www.tgrthaber.com\/mavikadin\/wp-content\/uploads\/Ekran-Resmi-2025-09-03-17.41.09-1536x913.png 1536w, https:\/\/www.tgrthaber.com\/mavikadin\/wp-content\/uploads\/Ekran-Resmi-2025-09-03-17.41.09.png 1656w\" sizes=\"(max-width: 1024px) 100vw, 1024px\" \/><\/p>\n<hr \/>\n<p class=\"p1\">MasterChef T\u00fcrkiye Ana kadroya giren 5. Yar\u0131\u015fmac\u0131: Nisa Nur ( yedeklerden dahil oldu)<\/p>\n<p class=\"p1\">MasterChef T\u00fcrkiye Ana kadroya giren 6. Yar\u0131\u015fmac\u0131: Sercan<\/p>\n<p class=\"p1\">MasterChef T\u00fcrkiye Ana kadroya giren 7. Yar\u0131\u015fmac\u0131: Ayla<\/p>\n<p class=\"p1\">MasterChef T\u00fcrkiye Ana kadroya giren 8. Yar\u0131\u015fmac\u0131: \u0130hsan<\/p>\n<p class=\"p1\">MasterChef T\u00fcrkiye Ana kadroya giren 9. Yar\u0131\u015fmac\u0131: Ayten<\/p>\n<p class=\"p1\">MasterChef T\u00fcrkiye Ana kadroya giren 10. Yar\u0131\u015fmac\u0131: \u00c7a\u011flar<\/p>\n<p class=\"p1\">MasterChef T\u00fcrkiye Ana kadroya giren 11. Yar\u0131\u015fmac\u0131: Sezer<\/p>\n<p class=\"p1\">MasterChef T\u00fcrkiye Ana kadroya giren 12. Yar\u0131\u015fmac\u0131: Cansu<\/p>\n<p><img loading=\"lazy\" decoding=\"async\" class=\"alignnone wp-image-230324 size-large\" src=\"https:\/\/www.tgrthaber.com\/mavikadin\/wp-content\/uploads\/Ekran-Resmi-2025-09-03-17.40.59-1024x589.png\" alt=\"\" width=\"1024\" height=\"589\" title=\"\" srcset=\"https:\/\/www.tgrthaber.com\/mavikadin\/wp-content\/uploads\/Ekran-Resmi-2025-09-03-17.40.59-1024x589.png 1024w, https:\/\/www.tgrthaber.com\/mavikadin\/wp-content\/uploads\/Ekran-Resmi-2025-09-03-17.40.59-300x173.png 300w, https:\/\/www.tgrthaber.com\/mavikadin\/wp-content\/uploads\/Ekran-Resmi-2025-09-03-17.40.59-768x442.png 768w, https:\/\/www.tgrthaber.com\/mavikadin\/wp-content\/uploads\/Ekran-Resmi-2025-09-03-17.40.59-1536x884.png 1536w, https:\/\/www.tgrthaber.com\/mavikadin\/wp-content\/uploads\/Ekran-Resmi-2025-09-03-17.40.59.png 1686w\" sizes=\"(max-width: 1024px) 100vw, 1024px\" \/><\/p>\n<hr \/>\n<p class=\"p1\">MasterChef T\u00fcrkiye Ana kadroya giren 13. Yar\u0131\u015fmac\u0131: \u00d6zkan<\/p>\n<p class=\"p1\">MasterChef T\u00fcrkiye Ana kadroya giren 14. yar\u0131\u015fmac\u0131: Gizem<\/p>\n<p class=\"p1\">MasterChef T\u00fcrkiye Ana kadroya giren 15. yar\u0131\u015fmac\u0131: \u0130rem<\/p>\n<p class=\"p1\">MasterChef T\u00fcrkiye Ana kadroya giren 16. yar\u0131\u015fmac\u0131: Hakan<\/p>\n<p class=\"p1\">MasterChef T\u00fcrkiye Ana kadroya giren 17. yar\u0131\u015fmac\u0131: Mert ( yedeklerden dahil oldu)<\/p>\n<p class=\"p1\">MasterChef T\u00fcrkiye Ana kadroya giren 18. yar\u0131\u015fmac\u0131: S\u00fcmeyye<\/p>\n<p class=\"p1\">MasterChef T\u00fcrkiye Ana kadroya giren 19. yar\u0131\u015fmac\u0131: Bar\u0131\u015f Kaya ( yedeklerden dahil oldu)<\/p>\n<p class=\"p1\">MasterChef T\u00fcrkiye Ana kadroya giren 20. yar\u0131\u015fmac\u0131 \u0130lhan<\/p>\n","protected":false},"excerpt":{"rendered":"<p>MasterChef T\u00fcrkiye&#8217;de heyecan h\u0131z kesmeden devam ediyor. Bu ak\u015fam ekranlara gelen b\u00f6l\u00fcmde 3. dokunulmazl\u0131k oyunu oynanacak. \u0130zleyiciler, &#8216;MasterChef 3 Eyl\u00fcl 2025 dokunulmazl\u0131k oyununu kim kazand\u0131? MasterChef eleme aday\u0131 kim oldu?&#8217; sorular\u0131n\u0131n cevab\u0131n\u0131 merak ediyor. \u0130\u015fte detaylar.. <\/p>\n","protected":false},"author":16,"featured_media":230335,"comment_status":"closed","ping_status":"closed","sticky":false,"template":"","format":"standard","meta":{"rank_math_lock_modified_date":false,"footnotes":""},"categories":[76],"tags":[133,2218,61375,61376,61374],"class_list":["post-230294","post","type-post","status-publish","format-standard","has-post-thumbnail","hentry","category-magazin","tag-magazin","tag-magazin-haberleri","tag-masterchef-3-eylul-2025-dokunulmazlik-kazanan-takim","tag-masterchef-3-eylul-2025-eleme-adayi","tag-masterchef-turkiye-dokunulmazlik-oyunu-kazanani"],"_links":{"self":[{"href":"https:\/\/www.tgrthaber.com\/mavikadin\/wp-json\/wp\/v2\/posts\/230294"}],"collection":[{"href":"https:\/\/www.tgrthaber.com\/mavikadin\/wp-json\/wp\/v2\/posts"}],"about":[{"href":"https:\/\/www.tgrthaber.com\/mavikadin\/wp-json\/wp\/v2\/types\/post"}],"author":[{"embeddable":true,"href":"https:\/\/www.tgrthaber.com\/mavikadin\/wp-json\/wp\/v2\/users\/16"}],"replies":[{"embeddable":true,"href":"https:\/\/www.tgrthaber.com\/mavikadin\/wp-json\/wp\/v2\/comments?post=230294"}],"version-history":[{"count":5,"href":"https:\/\/www.tgrthaber.com\/mavikadin\/wp-json\/wp\/v2\/posts\/230294\/revisions"}],"predecessor-version":[{"id":231083,"href":"https:\/\/www.tgrthaber.com\/mavikadin\/wp-json\/wp\/v2\/posts\/230294\/revisions\/231083"}],"wp:featuredmedia":[{"embeddable":true,"href":"https:\/\/www.tgrthaber.com\/mavikadin\/wp-json\/wp\/v2\/media\/230335"}],"wp:attachment":[{"href":"https:\/\/www.tgrthaber.com\/mavikadin\/wp-json\/wp\/v2\/media?parent=230294"}],"wp:term":[{"taxonomy":"category","embeddable":true,"href":"https:\/\/www.tgrthaber.com\/mavikadin\/wp-json\/wp\/v2\/categories?post=230294"},{"taxonomy":"post_tag","embeddable":true,"href":"https:\/\/www.tgrthaber.com\/mavikadin\/wp-json\/wp\/v2\/tags?post=230294"}],"curies":[{"name":"wp","href":"https:\/\/api.w.org\/{rel}","templated":true}]}}