{"id":230308,"date":"2025-09-03T17:44:50","date_gmt":"2025-09-03T14:44:50","guid":{"rendered":"https:\/\/www.tgrthaber.com\/mavikadin\/?p=230308"},"modified":"2025-09-03T17:44:51","modified_gmt":"2025-09-03T14:44:51","slug":"zuhal-topalla-yemekteyiz-odulu-ne-kadar-zuhal-topal-yemekteyiz-birincisi-ne-aliyor","status":"publish","type":"post","link":"https:\/\/www.tgrthaber.com\/mavikadin\/zuhal-topalla-yemekteyiz-odulu-ne-kadar-zuhal-topal-yemekteyiz-birincisi-ne-aliyor\/","title":{"rendered":"Zuhal Topal\u2019la Yemekteyiz \u00f6d\u00fcl\u00fc ne kadar? Zuhal Topal Yemekteyiz birincisi ne al\u0131yor?"},"content":{"rendered":"<p>Yemekteyiz program\u0131 yeni sezonu ile ekranlara geliyor. Zuhal Topal\u2019\u0131n sunumu ile keyifli anlara ev sahipli\u011fi yapan program \u00f6d\u00fcl\u00fc ile de merak ediliyor. Peki, Zuhal Topal\u2019la Yemekteyiz \u00f6d\u00fcl\u00fc ne kadar? Zuhal Topal Yemekteyiz birincisi ne al\u0131yor? Sorular\u0131n\u0131 sizin i\u00e7in ara\u015ft\u0131rd\u0131k. \u0130\u015fte detaylar\u2026<\/p>\n<h3>ZUHAL TOPAL\u2019LA YEMEKTEY\u0130Z \u00d6D\u00dcL\u00dc NE KADAR?<\/h3>\n<p>TV 8 ekranlar\u0131nda yay\u0131nlanan yemek program\u0131 Zuhal Topal\u2019la Yemekteyiz, yeni sezonu ile ekranlara d\u00f6nd\u00fc. \u0130lk haftas\u0131nda izleyicilere keyifli anlar ya\u015fatan Zuhal Topal\u2019la Yemekteyiz, be\u015f yar\u0131\u015fmac\u0131n\u0131n k\u0131yas\u0131ya m\u00fccadelesini seyirciye aktar\u0131yor.<\/p>\n<p><img loading=\"lazy\" decoding=\"async\" class=\"alignnone size-full wp-image-230310\" src=\"https:\/\/www.tgrthaber.com\/mavikadin\/wp-content\/uploads\/ARZU-2025-09-03T174216.329.jpg\" alt=\"Zuhal Topal\u2019la Yemekteyiz \u00f6d\u00fcl\u00fc ne kadar? Zuhal Topal Yemekteyiz birincisi ne al\u0131yor? \" width=\"1208\" height=\"680\" title=\"\" srcset=\"https:\/\/www.tgrthaber.com\/mavikadin\/wp-content\/uploads\/ARZU-2025-09-03T174216.329.jpg 1208w, https:\/\/www.tgrthaber.com\/mavikadin\/wp-content\/uploads\/ARZU-2025-09-03T174216.329-300x169.jpg 300w, https:\/\/www.tgrthaber.com\/mavikadin\/wp-content\/uploads\/ARZU-2025-09-03T174216.329-1024x576.jpg 1024w, https:\/\/www.tgrthaber.com\/mavikadin\/wp-content\/uploads\/ARZU-2025-09-03T174216.329-768x432.jpg 768w\" sizes=\"(max-width: 1208px) 100vw, 1208px\" \/><\/p>\n<hr \/>\n<p>Zuhal Topal\u2019\u0131n sunumu ile 29 A\u011fustos 2025 tarihinde ekranlara geri d\u00f6nen Yemekteyiz program\u0131, haftan\u0131n finali ile dikkatleri \u00fczerine \u00e7ekti. Hafta i\u00e7i her g\u00fcn yay\u0131nlanan program haftan\u0131n sonunda final heyecan\u0131n ya\u015f\u0131yor.<\/p>\n<p><img loading=\"lazy\" decoding=\"async\" class=\"alignnone size-full wp-image-230311\" src=\"https:\/\/www.tgrthaber.com\/mavikadin\/wp-content\/uploads\/ARZU-2025-09-03T174152.227.jpg\" alt=\"Zuhal Topal\u2019la Yemekteyiz \u00f6d\u00fcl\u00fc ne kadar? Zuhal Topal Yemekteyiz birincisi ne al\u0131yor? \" width=\"1208\" height=\"680\" title=\"\" srcset=\"https:\/\/www.tgrthaber.com\/mavikadin\/wp-content\/uploads\/ARZU-2025-09-03T174152.227.jpg 1208w, https:\/\/www.tgrthaber.com\/mavikadin\/wp-content\/uploads\/ARZU-2025-09-03T174152.227-300x169.jpg 300w, https:\/\/www.tgrthaber.com\/mavikadin\/wp-content\/uploads\/ARZU-2025-09-03T174152.227-1024x576.jpg 1024w, https:\/\/www.tgrthaber.com\/mavikadin\/wp-content\/uploads\/ARZU-2025-09-03T174152.227-768x432.jpg 768w\" sizes=\"(max-width: 1208px) 100vw, 1208px\" \/><\/p>\n<hr \/>\n<p>Ekranlara yeni sezonu ile geri d\u00f6nen Zuhal Topal\u2019la Yemekteyiz program\u0131 ge\u00e7ti\u011fimiz hafta yar\u0131\u015fan 5 ki\u015fiden biri b\u00fcy\u00fck \u00f6d\u00fcl\u00fc ald\u0131. Yeni sezon da b\u00fcy\u00fck \u00f6d\u00fcl ise 200 bin TL oldu.<\/p>\n<h3><img loading=\"lazy\" decoding=\"async\" class=\"alignnone size-full wp-image-230313\" src=\"https:\/\/www.tgrthaber.com\/mavikadin\/wp-content\/uploads\/ARZU-2025-09-03T174129.732.jpg\" alt=\"Zuhal Topal\u2019la Yemekteyiz \u00f6d\u00fcl\u00fc ne kadar? Zuhal Topal Yemekteyiz birincisi ne al\u0131yor? \" width=\"1208\" height=\"680\" title=\"\" srcset=\"https:\/\/www.tgrthaber.com\/mavikadin\/wp-content\/uploads\/ARZU-2025-09-03T174129.732.jpg 1208w, https:\/\/www.tgrthaber.com\/mavikadin\/wp-content\/uploads\/ARZU-2025-09-03T174129.732-300x169.jpg 300w, https:\/\/www.tgrthaber.com\/mavikadin\/wp-content\/uploads\/ARZU-2025-09-03T174129.732-1024x576.jpg 1024w, https:\/\/www.tgrthaber.com\/mavikadin\/wp-content\/uploads\/ARZU-2025-09-03T174129.732-768x432.jpg 768w\" sizes=\"(max-width: 1208px) 100vw, 1208px\" \/><\/h3>\n<hr \/>\n<h3>ZUHAL TOPAL YEMEKTEY\u0130Z B\u0130R\u0130NC\u0130S\u0130 NE ALIYOR?<\/h3>\n<p>Ge\u00e7ti\u011fimiz haftalarda TV 8 ekranlar\u0131nda yay\u0131n hayat\u0131na ba\u015flayan Zuhal Topal\u2019la Yemekteyiz program\u0131, k\u0131yas\u0131ya m\u00fccadele ile ekranlara geliyor. G\u00fcnd\u00fcz ku\u015fa\u011f\u0131nda en \u00e7ok izlenen programlardan biri olan Yemekteyiz program\u0131 sevilerek ve be\u011fenilerek takip ediliyor.<\/p>\n<p><img loading=\"lazy\" decoding=\"async\" class=\"alignnone size-full wp-image-230314\" src=\"https:\/\/www.tgrthaber.com\/mavikadin\/wp-content\/uploads\/ARZU-2025-09-03T174101.539.jpg\" alt=\"Zuhal Topal\u2019la Yemekteyiz \u00f6d\u00fcl\u00fc ne kadar? Zuhal Topal Yemekteyiz birincisi ne al\u0131yor? \" width=\"1208\" height=\"680\" title=\"\" srcset=\"https:\/\/www.tgrthaber.com\/mavikadin\/wp-content\/uploads\/ARZU-2025-09-03T174101.539.jpg 1208w, https:\/\/www.tgrthaber.com\/mavikadin\/wp-content\/uploads\/ARZU-2025-09-03T174101.539-300x169.jpg 300w, https:\/\/www.tgrthaber.com\/mavikadin\/wp-content\/uploads\/ARZU-2025-09-03T174101.539-1024x576.jpg 1024w, https:\/\/www.tgrthaber.com\/mavikadin\/wp-content\/uploads\/ARZU-2025-09-03T174101.539-768x432.jpg 768w\" sizes=\"(max-width: 1208px) 100vw, 1208px\" \/><\/p>\n<hr \/>\n<p>Yeni yay\u0131n hayat\u0131na ba\u015flayan Yemekteyiz program\u0131 bu sezon verdi\u011fi \u00f6d\u00fcl ile \u00e7ok konu\u015fulmaya ba\u015fland\u0131. Ba\u015far\u0131l\u0131 sunucu Zuhal Topal\u2019\u0131n sunumu ile y\u0131llard\u0131r sevilen ve be\u011fenilerek izlenen yemek yar\u0131\u015fmas\u0131n\u0131n birincisi ne kadar al\u0131yor merak konusu oldu.<\/p>\n<p><img loading=\"lazy\" decoding=\"async\" class=\"alignnone size-full wp-image-230315\" src=\"https:\/\/www.tgrthaber.com\/mavikadin\/wp-content\/uploads\/ARZU-2025-09-03T174056.634.jpg\" alt=\"Zuhal Topal\u2019la Yemekteyiz \u00f6d\u00fcl\u00fc ne kadar? Zuhal Topal Yemekteyiz birincisi ne al\u0131yor? \" width=\"1208\" height=\"680\" title=\"\" srcset=\"https:\/\/www.tgrthaber.com\/mavikadin\/wp-content\/uploads\/ARZU-2025-09-03T174056.634.jpg 1208w, https:\/\/www.tgrthaber.com\/mavikadin\/wp-content\/uploads\/ARZU-2025-09-03T174056.634-300x169.jpg 300w, https:\/\/www.tgrthaber.com\/mavikadin\/wp-content\/uploads\/ARZU-2025-09-03T174056.634-1024x576.jpg 1024w, https:\/\/www.tgrthaber.com\/mavikadin\/wp-content\/uploads\/ARZU-2025-09-03T174056.634-768x432.jpg 768w\" sizes=\"(max-width: 1208px) 100vw, 1208px\" \/><\/p>\n<hr \/>\n<p>29 A\u011fustos 2025 tarihinde haftan\u0131n finali oynarken Zuhal Topal\u2019la Yemekteyiz yar\u0131\u015fmas\u0131n\u0131n b\u00fcy\u00fck \u00f6d\u00fcl sahibi \u00dcnal Bey oldu. B\u00fcy\u00fck \u00f6d\u00fcl ise 200 bin TL oldu. Ge\u00e7ti\u011fimiz sezonlarda b\u00fcy\u00fck tepki alan \u00f6d\u00fcl bu sene g\u00fcndeme gelmedi.<\/p>\n<p><img loading=\"lazy\" decoding=\"async\" class=\"alignnone size-full wp-image-230317\" src=\"https:\/\/www.tgrthaber.com\/mavikadin\/wp-content\/uploads\/ARZU-2025-09-03T174249.272.jpg\" alt=\"Zuhal Topal\u2019la Yemekteyiz \u00f6d\u00fcl\u00fc ne kadar? Zuhal Topal Yemekteyiz birincisi ne al\u0131yor? \" width=\"1208\" height=\"680\" title=\"\" srcset=\"https:\/\/www.tgrthaber.com\/mavikadin\/wp-content\/uploads\/ARZU-2025-09-03T174249.272.jpg 1208w, https:\/\/www.tgrthaber.com\/mavikadin\/wp-content\/uploads\/ARZU-2025-09-03T174249.272-300x169.jpg 300w, https:\/\/www.tgrthaber.com\/mavikadin\/wp-content\/uploads\/ARZU-2025-09-03T174249.272-1024x576.jpg 1024w, https:\/\/www.tgrthaber.com\/mavikadin\/wp-content\/uploads\/ARZU-2025-09-03T174249.272-768x432.jpg 768w\" sizes=\"(max-width: 1208px) 100vw, 1208px\" \/><\/p>\n<hr \/>\n<p>Zuhal Topal\u2019la Yemekteyiz program\u0131 birincisine 200 Bin TL para \u00f6d\u00fcl\u00fc veriyor. Her hafta 5 yar\u0131\u015fmac\u0131 b\u00fcy\u00fck \u00f6d\u00fcl i\u00e7in k\u0131yas\u0131ya m\u00fccadele veriyor.<\/p>\n","protected":false},"excerpt":{"rendered":"<p>TV 8 ekranlar\u0131nda yay\u0131nlanan Zuhal Topal\u2019la Yemekteyiz program\u0131 yeni sezonuna ba\u015flad\u0131. Yeni sezonu il ekranlara gelen Yemekteyiz program\u0131 \u00f6d\u00fcl\u00fc ile de \u00e7ok konu\u015fuldu. Peki, Zuhal Topal\u2019la Yemekteyiz \u00f6d\u00fcl\u00fc ne kadar? Zuhal Topal Yemekteyiz birincisi ne al\u0131yor? \u0130\u015fte detaylar\u2026<\/p>\n","protected":false},"author":34,"featured_media":230312,"comment_status":"closed","ping_status":"closed","sticky":false,"template":"","format":"standard","meta":{"rank_math_lock_modified_date":false,"footnotes":""},"categories":[78],"tags":[11951,8465,8464,11552],"class_list":["post-230308","post","type-post","status-publish","format-standard","has-post-thumbnail","hentry","category-yasam","tag-yasam-haberleri","tag-yemekteyiz","tag-zuhal-topal","tag-zuhal-topal-yemekteyiz"],"_links":{"self":[{"href":"https:\/\/www.tgrthaber.com\/mavikadin\/wp-json\/wp\/v2\/posts\/230308"}],"collection":[{"href":"https:\/\/www.tgrthaber.com\/mavikadin\/wp-json\/wp\/v2\/posts"}],"about":[{"href":"https:\/\/www.tgrthaber.com\/mavikadin\/wp-json\/wp\/v2\/types\/post"}],"author":[{"embeddable":true,"href":"https:\/\/www.tgrthaber.com\/mavikadin\/wp-json\/wp\/v2\/users\/34"}],"replies":[{"embeddable":true,"href":"https:\/\/www.tgrthaber.com\/mavikadin\/wp-json\/wp\/v2\/comments?post=230308"}],"version-history":[{"count":1,"href":"https:\/\/www.tgrthaber.com\/mavikadin\/wp-json\/wp\/v2\/posts\/230308\/revisions"}],"predecessor-version":[{"id":230322,"href":"https:\/\/www.tgrthaber.com\/mavikadin\/wp-json\/wp\/v2\/posts\/230308\/revisions\/230322"}],"wp:featuredmedia":[{"embeddable":true,"href":"https:\/\/www.tgrthaber.com\/mavikadin\/wp-json\/wp\/v2\/media\/230312"}],"wp:attachment":[{"href":"https:\/\/www.tgrthaber.com\/mavikadin\/wp-json\/wp\/v2\/media?parent=230308"}],"wp:term":[{"taxonomy":"category","embeddable":true,"href":"https:\/\/www.tgrthaber.com\/mavikadin\/wp-json\/wp\/v2\/categories?post=230308"},{"taxonomy":"post_tag","embeddable":true,"href":"https:\/\/www.tgrthaber.com\/mavikadin\/wp-json\/wp\/v2\/tags?post=230308"}],"curies":[{"name":"wp","href":"https:\/\/api.w.org\/{rel}","templated":true}]}}