{"id":230318,"date":"2025-09-03T17:50:49","date_gmt":"2025-09-03T14:50:49","guid":{"rendered":"https:\/\/www.tgrthaber.com\/mavikadin\/?p=230318"},"modified":"2025-09-03T17:50:50","modified_gmt":"2025-09-03T14:50:50","slug":"mevlana-mest-i-ask-ne-zaman-yayinlanacak-mevlana-mest-i-ask-sinema-tarihi-ne-zaman","status":"publish","type":"post","link":"https:\/\/www.tgrthaber.com\/mavikadin\/mevlana-mest-i-ask-ne-zaman-yayinlanacak-mevlana-mest-i-ask-sinema-tarihi-ne-zaman\/","title":{"rendered":"Mevlana: Mest-i A\u015fk ne zaman yay\u0131nlanacak? Mevlana: Mest-i A\u015fk sinema tarihi ne zaman?"},"content":{"rendered":"<p>Mevlana: Mest-i A\u015fk filmi y\u0131llar sonra vizyona girmeye haz\u0131rlan\u0131yor. T\u00fcrk-\u0130ran ortak projesi olarak izleyici kar\u015f\u0131s\u0131na \u00e7\u0131kacak film, izleyiciler taraf\u0131ndan merakla bekleniyor. 2018 y\u0131l\u0131ndan bu yana hayata ge\u00e7irilmesi planlanan filmin sonunda vizyon tarihi kesinle\u015fti. \u00c7ok yak\u0131nda izleyiciyle bulu\u015facak olan Mevlana: Mest-i A\u015fk filminin ne zaman yay\u0131nlanaca\u011f\u0131 merak edildi. Peki, Mevlana: Mest-i A\u015fk ne zaman yay\u0131nlanacak? Mevlana: Mest-i A\u015fk sinema tarihi ne zaman? Mevlana: Mest-i A\u015fk filmi hakk\u0131nda merak edilenleri sizin i\u00e7in ara\u015ft\u0131rd\u0131k. \u0130\u015fte Mevlana: Mest-i A\u015fk filmine dair bilinmeyenler\u2026<\/p>\n<h3>MEVLANA: MEST-\u0130 A\u015eK NE ZAMAN YAYINLANACAK?<\/h3>\n<p>Mevlana: Mest-i A\u015fk filmi 17 Ekim\u2019de yay\u0131nlanacak. Y\u0131llar sonra vizyona girmeye haz\u0131rlanan film, \u00e7ok yak\u0131nda izleyicisiyle bulu\u015facak. \u015eems-i Tebrizi\u2019nin esrarengiz kaybolu\u015funu ve bu olay\u0131n Mevlana\u2019n\u0131n hayat\u0131ndaki derin yank\u0131lar\u0131n\u0131 beyazperdeye ta\u015f\u0131yacak olan Mevlana: Mest-i A\u015fk filmi yay\u0131n hayat\u0131na girmek i\u00e7in adeta g\u00fcn say\u0131yor.<\/p>\n<p><img loading=\"lazy\" decoding=\"async\" class=\"alignnone wp-image-230326\" src=\"https:\/\/www.tgrthaber.com\/mavikadin\/wp-content\/uploads\/Mevlana-Mest-i-Ask-8-1024x576.jpg\" alt=\"Mevlana: Mest-i A\u015fk ne zaman yay\u0131nlanacak? Mevlana: Mest-i A\u015fk sinema tarihi ne zaman?\" width=\"1208\" height=\"680\" title=\"\" srcset=\"https:\/\/www.tgrthaber.com\/mavikadin\/wp-content\/uploads\/Mevlana-Mest-i-Ask-8-1024x576.jpg 1024w, https:\/\/www.tgrthaber.com\/mavikadin\/wp-content\/uploads\/Mevlana-Mest-i-Ask-8-300x169.jpg 300w, https:\/\/www.tgrthaber.com\/mavikadin\/wp-content\/uploads\/Mevlana-Mest-i-Ask-8-768x432.jpg 768w, https:\/\/www.tgrthaber.com\/mavikadin\/wp-content\/uploads\/Mevlana-Mest-i-Ask-8.jpg 1208w\" sizes=\"(max-width: 1208px) 100vw, 1208px\" \/><\/p>\n<hr \/>\n<p>T\u00fcrkiye-\u0130ran ortak yap\u0131m\u0131 olarak izleyici kar\u015f\u0131s\u0131na \u00e7\u0131kacak olan <a href=\"https:\/\/www.tgrthaber.com\/mavikadin\/mevlana-mest-i-ask-konusu-nedir-arap-ve-turk-oyunculari-bulusturan-film\/\">Mevlana: Mest-i A\u015fk<\/a> filmi, uzun bir aran\u0131n ard\u0131ndan sonunda vizyona giriyor. \u0130lk haz\u0131rl\u0131klar\u0131 2018 y\u0131l\u0131nda ba\u015flayan film, farkl\u0131 sebeplerden dolay\u0131 yay\u0131nlanmam\u0131\u015ft\u0131. \u0130ran\u2019da b\u00fcy\u00fck bir gi\u015feyle vizyonu alt \u00fcst eden filmin T\u00fcrkiye gi\u015fesinin nas\u0131l olaca\u011f\u0131 da merak edildi.<\/p>\n<p><img loading=\"lazy\" decoding=\"async\" class=\"alignnone wp-image-230331\" src=\"https:\/\/www.tgrthaber.com\/mavikadin\/wp-content\/uploads\/Mevlana-Mest-i-Ask-9-1024x576.jpg\" alt=\"Mevlana: Mest-i A\u015fk ne zaman yay\u0131nlanacak? Mevlana: Mest-i A\u015fk sinema tarihi ne zaman?\" width=\"1208\" height=\"680\" title=\"\" srcset=\"https:\/\/www.tgrthaber.com\/mavikadin\/wp-content\/uploads\/Mevlana-Mest-i-Ask-9-1024x576.jpg 1024w, https:\/\/www.tgrthaber.com\/mavikadin\/wp-content\/uploads\/Mevlana-Mest-i-Ask-9-300x169.jpg 300w, https:\/\/www.tgrthaber.com\/mavikadin\/wp-content\/uploads\/Mevlana-Mest-i-Ask-9-768x432.jpg 768w, https:\/\/www.tgrthaber.com\/mavikadin\/wp-content\/uploads\/Mevlana-Mest-i-Ask-9.jpg 1208w\" sizes=\"(max-width: 1208px) 100vw, 1208px\" \/><\/p>\n<hr \/>\n<p>\u0130zleyiciler taraf\u0131ndan uzun bir s\u00fcredir merakla beklenen Mevlana: Mest-i A\u015fk filmi i\u00e7in geri say\u0131m ba\u015flad\u0131. Hem T\u00fcrk hem de \u0130ranl\u0131 oyuncular\u0131 bir araya getiren yap\u0131m, \u015fimdiden \u00e7ok konu\u015fulmaya ba\u015fland\u0131. Y\u0131llard\u0131r vizyona girmesi beklenen filmin yay\u0131n tarihi seyircileri heyecanland\u0131rd\u0131.<\/p>\n<p><img loading=\"lazy\" decoding=\"async\" class=\"alignnone wp-image-230330\" src=\"https:\/\/www.tgrthaber.com\/mavikadin\/wp-content\/uploads\/Mevlana-Mest-i-Ask-7-1024x576.jpg\" alt=\"Mevlana: Mest-i A\u015fk ne zaman yay\u0131nlanacak? Mevlana: Mest-i A\u015fk sinema tarihi ne zaman?\" width=\"1208\" height=\"680\" title=\"\" srcset=\"https:\/\/www.tgrthaber.com\/mavikadin\/wp-content\/uploads\/Mevlana-Mest-i-Ask-7-1024x576.jpg 1024w, https:\/\/www.tgrthaber.com\/mavikadin\/wp-content\/uploads\/Mevlana-Mest-i-Ask-7-300x169.jpg 300w, https:\/\/www.tgrthaber.com\/mavikadin\/wp-content\/uploads\/Mevlana-Mest-i-Ask-7-768x432.jpg 768w, https:\/\/www.tgrthaber.com\/mavikadin\/wp-content\/uploads\/Mevlana-Mest-i-Ask-7.jpg 1208w\" sizes=\"(max-width: 1208px) 100vw, 1208px\" \/><\/p>\n<hr \/>\n<p>Mevlana: Mest-i A\u015fk filminin \u00e7ekimlerinin tamam\u0131na yak\u0131n\u0131 Konya\u2019da yap\u0131l\u0131rken, \u0130stanbul, \u0130zmit ve Gebze de kurulan d\u00f6rt ayr\u0131 platolarda da \u00e7ekimler ger\u00e7ekle\u015fti. Birbirinden ba\u015far\u0131l\u0131 oyuncular\u0131 bir araya getiren film, konusu ve g\u00fc\u00e7l\u00fc oyuncu kadrosuyla dikkat \u00e7ekti.<\/p>\n<p><img loading=\"lazy\" decoding=\"async\" class=\"alignnone wp-image-230332\" src=\"https:\/\/www.tgrthaber.com\/mavikadin\/wp-content\/uploads\/Mevlana-Mest-i-Ask-10-1024x576.jpg\" alt=\"Mevlana: Mest-i A\u015fk ne zaman yay\u0131nlanacak? Mevlana: Mest-i A\u015fk sinema tarihi ne zaman?\" width=\"1208\" height=\"680\" title=\"\" srcset=\"https:\/\/www.tgrthaber.com\/mavikadin\/wp-content\/uploads\/Mevlana-Mest-i-Ask-10-1024x576.jpg 1024w, https:\/\/www.tgrthaber.com\/mavikadin\/wp-content\/uploads\/Mevlana-Mest-i-Ask-10-300x169.jpg 300w, https:\/\/www.tgrthaber.com\/mavikadin\/wp-content\/uploads\/Mevlana-Mest-i-Ask-10-768x432.jpg 768w, https:\/\/www.tgrthaber.com\/mavikadin\/wp-content\/uploads\/Mevlana-Mest-i-Ask-10.jpg 1208w\" sizes=\"(max-width: 1208px) 100vw, 1208px\" \/><\/p>\n<hr \/>\n<h3>MEVLANA: MEST-\u0130 A\u015eK S\u0130NEMA TAR\u0130H\u0130 NE ZAMAN?<\/h3>\n<p><a href=\"https:\/\/www.tgrthaber.com\/mavikadin\/mevlana-mest-i-ask-nereden-izlenir-mevlana-mest-i-ask-kimler-oynuyor\/\">Mevlana: Mest-i A\u015fk<\/a> filmi sinema tarihi 17 Ekim Cuma 2025 olarak belirlendi. 17 Ekim\u2019de vizyona girmesi planlanan film i\u00e7in geri say\u0131m ba\u015flad\u0131. Sadece sinemalarda seyirciyle bulu\u015facak olan Mevlana: Mest-i A\u015fk filminin oyuncu kadrosunda; \u0130brahim \u00c7elikkol, Hande Er\u00e7el, Bensu Soral, Boran Kuzum, Selma Erge\u00e7, Burak Tozkoparan ve Halit Ergen\u00e7 ve Shahab Hosse\u0131n\u0131 bir araya geldi.<\/p>\n<p><img loading=\"lazy\" decoding=\"async\" class=\"alignnone wp-image-230334\" src=\"https:\/\/www.tgrthaber.com\/mavikadin\/wp-content\/uploads\/Mevlana-Mest-i-Ask-2-1024x576.jpg\" alt=\"Mevlana: Mest-i A\u015fk ne zaman yay\u0131nlanacak? Mevlana: Mest-i A\u015fk sinema tarihi ne zaman?\" width=\"1208\" height=\"680\" title=\"\" srcset=\"https:\/\/www.tgrthaber.com\/mavikadin\/wp-content\/uploads\/Mevlana-Mest-i-Ask-2-1024x576.jpg 1024w, https:\/\/www.tgrthaber.com\/mavikadin\/wp-content\/uploads\/Mevlana-Mest-i-Ask-2-300x169.jpg 300w, https:\/\/www.tgrthaber.com\/mavikadin\/wp-content\/uploads\/Mevlana-Mest-i-Ask-2-768x432.jpg 768w, https:\/\/www.tgrthaber.com\/mavikadin\/wp-content\/uploads\/Mevlana-Mest-i-Ask-2.jpg 1208w\" sizes=\"(max-width: 1208px) 100vw, 1208px\" \/><\/p>\n<hr \/>\n<p>\u2018Content Turkey\u2019 taraf\u0131ndan 17 Ekim\u2019de g\u00f6sterime girecek projenin y\u00f6netmenli\u011fini Hassan Fathi \u00fcstlendi. Yap\u0131mc\u0131l\u0131\u011f\u0131n\u0131 Mehran Broumand&#8217;\u0131n yapt\u0131\u011f\u0131, Mevlana ve \u015eems Tebrizi&#8217;nin hayat hik\u00e2yesini konu alan Mevlana: Mest-i A\u015fk filminin sinema tarihi sonunda kesinle\u015fti. \u00dczerine y\u0131llard\u0131r \u00e7al\u0131\u015f\u0131lan ve \u00e7e\u015fitli nedenlerden dolay\u0131 T\u00fcrkiye\u2019de g\u00f6sterime giremeyen film i\u00e7in adeta g\u00fcn say\u0131lmaya ba\u015fland\u0131.<\/p>\n<p><img loading=\"lazy\" decoding=\"async\" class=\"alignnone wp-image-230328\" src=\"https:\/\/www.tgrthaber.com\/mavikadin\/wp-content\/uploads\/Mevlana-Mest-i-Ask-5-1024x576.jpg\" alt=\"Mevlana: Mest-i A\u015fk ne zaman yay\u0131nlanacak? Mevlana: Mest-i A\u015fk sinema tarihi ne zaman?\" width=\"1208\" height=\"680\" title=\"\" srcset=\"https:\/\/www.tgrthaber.com\/mavikadin\/wp-content\/uploads\/Mevlana-Mest-i-Ask-5-1024x576.jpg 1024w, https:\/\/www.tgrthaber.com\/mavikadin\/wp-content\/uploads\/Mevlana-Mest-i-Ask-5-300x169.jpg 300w, https:\/\/www.tgrthaber.com\/mavikadin\/wp-content\/uploads\/Mevlana-Mest-i-Ask-5-768x432.jpg 768w, https:\/\/www.tgrthaber.com\/mavikadin\/wp-content\/uploads\/Mevlana-Mest-i-Ask-5.jpg 1208w\" sizes=\"(max-width: 1208px) 100vw, 1208px\" \/><\/p>\n<hr \/>\n<p>Fahir Atako\u011flu imzal\u0131 m\u00fczikleriyle de seyirciyi duygu y\u00fckl\u00fc bir yolculu\u011fa \u00e7\u0131karacak olan Mevlana: Mest-i A\u015fk filmi, \u0130brahim \u00c7elikkol, Hande Er\u00e7el, Bensu Soral, Boran Kuzum, Selma Erge\u00e7, Burak Tozkoparan ve Halit Ergen\u00e7\u2019i bir araya getirdi. Yay\u0131nlanmas\u0131na \u00e7ok k\u0131sa bir s\u00fcre kalan filmin gi\u015fesi de \u015fimdiden merak edildi.<\/p>\n","protected":false},"excerpt":{"rendered":"<p>Mevlana: Mest-i A\u015fk filminin y\u0131llar sonra vizyona girece\u011fi duyuruldu. Filmin s\u0131k\u0131 takip\u00e7ileri ise ne zaman yay\u0131nlanaca\u011f\u0131n\u0131 merakla ara\u015ft\u0131r\u0131r oldu. Peki, Mevlana: Mest-i A\u015fk ne zaman yay\u0131nlanacak? Mevlana: Mest-i A\u015fk sinema tarihi ne zaman? \u0130\u015fte detaylar\u2026<\/p>\n","protected":false},"author":26,"featured_media":230325,"comment_status":"closed","ping_status":"closed","sticky":false,"template":"","format":"standard","meta":{"rank_math_lock_modified_date":false,"footnotes":""},"categories":[602],"tags":[32159,2628,61360,61366,61377,61378],"class_list":["post-230318","post","type-post","status-publish","format-standard","has-post-thumbnail","hentry","category-diziler","tag-dizi","tag-dizi-haberleri","tag-mevlana-mest-i-ask","tag-mevlana-mest-i-ask-film","tag-mevlana-mest-i-ask-filmi-ne-zaman","tag-mevlana-mest-i-ask-vizyon-tarihi"],"_links":{"self":[{"href":"https:\/\/www.tgrthaber.com\/mavikadin\/wp-json\/wp\/v2\/posts\/230318"}],"collection":[{"href":"https:\/\/www.tgrthaber.com\/mavikadin\/wp-json\/wp\/v2\/posts"}],"about":[{"href":"https:\/\/www.tgrthaber.com\/mavikadin\/wp-json\/wp\/v2\/types\/post"}],"author":[{"embeddable":true,"href":"https:\/\/www.tgrthaber.com\/mavikadin\/wp-json\/wp\/v2\/users\/26"}],"replies":[{"embeddable":true,"href":"https:\/\/www.tgrthaber.com\/mavikadin\/wp-json\/wp\/v2\/comments?post=230318"}],"version-history":[{"count":2,"href":"https:\/\/www.tgrthaber.com\/mavikadin\/wp-json\/wp\/v2\/posts\/230318\/revisions"}],"predecessor-version":[{"id":230339,"href":"https:\/\/www.tgrthaber.com\/mavikadin\/wp-json\/wp\/v2\/posts\/230318\/revisions\/230339"}],"wp:featuredmedia":[{"embeddable":true,"href":"https:\/\/www.tgrthaber.com\/mavikadin\/wp-json\/wp\/v2\/media\/230325"}],"wp:attachment":[{"href":"https:\/\/www.tgrthaber.com\/mavikadin\/wp-json\/wp\/v2\/media?parent=230318"}],"wp:term":[{"taxonomy":"category","embeddable":true,"href":"https:\/\/www.tgrthaber.com\/mavikadin\/wp-json\/wp\/v2\/categories?post=230318"},{"taxonomy":"post_tag","embeddable":true,"href":"https:\/\/www.tgrthaber.com\/mavikadin\/wp-json\/wp\/v2\/tags?post=230318"}],"curies":[{"name":"wp","href":"https:\/\/api.w.org\/{rel}","templated":true}]}}