{"id":230372,"date":"2025-09-03T18:50:25","date_gmt":"2025-09-03T15:50:25","guid":{"rendered":"https:\/\/www.tgrthaber.com\/mavikadin\/?p=230372"},"modified":"2025-09-03T18:55:07","modified_gmt":"2025-09-03T15:55:07","slug":"yemekteyiz-3-gun-yarismacisi-yeliz-kimdir-yeliz-ulupinar-kac-yasinda","status":"publish","type":"post","link":"https:\/\/www.tgrthaber.com\/mavikadin\/yemekteyiz-3-gun-yarismacisi-yeliz-kimdir-yeliz-ulupinar-kac-yasinda\/","title":{"rendered":"Yemekteyiz 3. g\u00fcn yar\u0131\u015fmac\u0131s\u0131 Yeliz kimdir? Yeliz Ulup\u0131nar ka\u00e7 ya\u015f\u0131nda?"},"content":{"rendered":"<p>Zuhal Topal&#8217;la Yemekteyiz program\u0131n\u0131n 1 ila 5 Eyl\u00fcl haftas\u0131nda yar\u0131\u015fan 3. g\u00fcn yar\u0131\u015fmac\u0131s\u0131 Yeliz Han\u0131m, Yemekteyiz izleyicilerinin dikkatini \u00e7ekmeyi ba\u015fard\u0131. &#8216;\u0130\u00e7in neyse d\u0131\u015f\u0131mda odur&#8217; diyen Yeliz Han\u0131m yar\u0131\u015fmay\u0131 kazanmak i\u00e7in olduk\u00e7a h\u0131rsl\u0131. Daha ilk g\u00fcnden konu\u015fulmaya ba\u015flanan isim Yeliz Han\u0131m, sosyal medyada s\u0131k\u00e7a ara\u015ft\u0131r\u0131l\u0131yor. Peki Zuhal Topal&#8217;la Yemekteyiz 3. g\u00fcn yar\u0131\u015fmac\u0131s\u0131 Yeliz Ulup\u0131nar kimdir? Yeliz Han\u0131m ka\u00e7 ya\u015f\u0131nda, mesle\u011fi nedir? \u0130\u015fte cevab\u0131&#8230;<\/p>\n<h3>YEMEKTEY\u0130Z YEL\u0130Z HANIM K\u0130MD\u0130R KA\u00c7 YA\u015eINDA?<\/h3>\n<p>Zuhal Topal&#8217;la Yemekteyiz&#8217;de yar\u0131\u015fan Yeliz Ulup\u0131nar aslen Adana do\u011fumlu. \u015eu anda \u0130stanbul Kad\u0131k\u00f6y&#8217;de ya\u015fayan Yeliz Han\u0131m&#8217;\u0131n bir o\u011flu bulunuyor.<\/p>\n<p><img loading=\"lazy\" decoding=\"async\" class=\"alignnone wp-image-230379\" src=\"https:\/\/www.tgrthaber.com\/mavikadin\/wp-content\/uploads\/Ekran-goruntusu-2025-09-03-174654-300x177.png\" alt=\"\" width=\"1208\" height=\"712\" title=\"\" srcset=\"https:\/\/www.tgrthaber.com\/mavikadin\/wp-content\/uploads\/Ekran-goruntusu-2025-09-03-174654-300x177.png 300w, https:\/\/www.tgrthaber.com\/mavikadin\/wp-content\/uploads\/Ekran-goruntusu-2025-09-03-174654.png 743w\" sizes=\"(max-width: 1208px) 100vw, 1208px\" \/><\/p>\n<hr \/>\n<p>Evli olan Yeliz Han\u0131m, i\u015ften ayr\u0131ld\u0131ktan sonra mutfa\u011fa girdi\u011fini s\u00f6yl\u00fcyor. 23 sene eczac\u0131 teknisyenli\u011fi yapan Yeliz Han\u0131m \u015fu an ev han\u0131m\u0131.<\/p>\n<p><img loading=\"lazy\" decoding=\"async\" class=\"alignnone wp-image-230380\" src=\"https:\/\/www.tgrthaber.com\/mavikadin\/wp-content\/uploads\/Ekran-goruntusu-2025-09-03-174707-300x181.png\" alt=\"\" width=\"1208\" height=\"727\" title=\"\" srcset=\"https:\/\/www.tgrthaber.com\/mavikadin\/wp-content\/uploads\/Ekran-goruntusu-2025-09-03-174707-300x181.png 300w, https:\/\/www.tgrthaber.com\/mavikadin\/wp-content\/uploads\/Ekran-goruntusu-2025-09-03-174707.png 746w\" sizes=\"(max-width: 1208px) 100vw, 1208px\" \/><\/p>\n<hr \/>\n<p>200 bin TL&#8217;yi al\u0131p e\u015fi ve \u00e7ocu\u011fuyla harcayaca\u011f\u0131n\u0131 s\u00f6yleyen Yeliz Han\u0131m kendine \u00f6zg\u00fcn halleri ve \u00f6zg\u00fcvenli tav\u0131rlar\u0131yla dikkat \u00e7ekiyor. Olduk\u00e7a iddial\u0131 oldu\u011funu s\u00f6yleyen Yeliz Han\u0131m bakal\u0131m 200 bin TL i\u00e7in gerekli puan\u0131 alabilecek mi?<\/p>\n<p><img loading=\"lazy\" decoding=\"async\" class=\"alignnone wp-image-230383\" src=\"https:\/\/www.tgrthaber.com\/mavikadin\/wp-content\/uploads\/Ekran-goruntusu-2025-09-03-174815-300x176.png\" alt=\"\" width=\"1208\" height=\"709\" title=\"\" srcset=\"https:\/\/www.tgrthaber.com\/mavikadin\/wp-content\/uploads\/Ekran-goruntusu-2025-09-03-174815-300x176.png 300w, https:\/\/www.tgrthaber.com\/mavikadin\/wp-content\/uploads\/Ekran-goruntusu-2025-09-03-174815.png 746w\" sizes=\"(max-width: 1208px) 100vw, 1208px\" \/><\/p>\n<hr \/>\n<h3>YEMEKTEY\u0130Z YEL\u0130Z HANIM&#8217;IN MEN\u00dcS\u00dc D\u0130KKAT \u00c7EKT\u0130<\/h3>\n<p>Yemekteyiz 3. g\u00fcn\u00fcnde yar\u0131\u015fan Yeliz Han\u0131m&#8217;\u0131n men\u00fcs\u00fc de dikkat \u00e7ekti. Yeliz Han\u0131m&#8217;\u0131n sundu\u011fu sofrada ise ba\u015fl\u0131ca yemekler \u015fu \u015fekilde;<\/p>\n<p>Yo\u011furtlu Tarhana \u00c7orbas\u0131<\/p>\n<p>Kar\u0131\u015f\u0131k Peynirli Krep B\u00f6rek<\/p>\n<p><img loading=\"lazy\" decoding=\"async\" class=\"alignnone wp-image-230376\" src=\"https:\/\/www.tgrthaber.com\/mavikadin\/wp-content\/uploads\/Ekran-goruntusu-2025-09-03-172229-300x170.png\" alt=\"\" width=\"1208\" height=\"683\" title=\"\" srcset=\"https:\/\/www.tgrthaber.com\/mavikadin\/wp-content\/uploads\/Ekran-goruntusu-2025-09-03-172229-300x170.png 300w, https:\/\/www.tgrthaber.com\/mavikadin\/wp-content\/uploads\/Ekran-goruntusu-2025-09-03-172229-768x434.png 768w, https:\/\/www.tgrthaber.com\/mavikadin\/wp-content\/uploads\/Ekran-goruntusu-2025-09-03-172229.png 800w\" sizes=\"(max-width: 1208px) 100vw, 1208px\" \/><\/p>\n<hr \/>\n<p>Ye\u015fil Erikli Kuru Cac\u0131k<\/p>\n<p><img loading=\"lazy\" decoding=\"async\" class=\"alignnone wp-image-230378\" src=\"https:\/\/www.tgrthaber.com\/mavikadin\/wp-content\/uploads\/Ekran-goruntusu-2025-09-03-172240-300x177.png\" alt=\"\" width=\"1208\" height=\"711\" title=\"\" srcset=\"https:\/\/www.tgrthaber.com\/mavikadin\/wp-content\/uploads\/Ekran-goruntusu-2025-09-03-172240-300x177.png 300w, https:\/\/www.tgrthaber.com\/mavikadin\/wp-content\/uploads\/Ekran-goruntusu-2025-09-03-172240.png 751w\" sizes=\"(max-width: 1208px) 100vw, 1208px\" \/><\/p>\n<hr \/>\n<p>Patatesli Patl\u0131can Oturtma ve Bademli Pilav<\/p>\n<p>Roka Salatas\u0131<\/p>\n<p>Limonlu Trile\u00e7e<\/p>\n<p><img loading=\"lazy\" decoding=\"async\" class=\"alignnone wp-image-230381\" src=\"https:\/\/www.tgrthaber.com\/mavikadin\/wp-content\/uploads\/Ekran-goruntusu-2025-09-03-174717-300x178.png\" alt=\"\" width=\"1208\" height=\"715\" title=\"\" srcset=\"https:\/\/www.tgrthaber.com\/mavikadin\/wp-content\/uploads\/Ekran-goruntusu-2025-09-03-174717-300x178.png 300w, https:\/\/www.tgrthaber.com\/mavikadin\/wp-content\/uploads\/Ekran-goruntusu-2025-09-03-174717.png 753w\" sizes=\"(max-width: 1208px) 100vw, 1208px\" \/><\/p>\n<hr \/>\n<h3>YEMEKTEY\u0130Z EKRANLARA DAMGA VURMAYA DEVAM ED\u0130YOR<\/h3>\n<p><a href=\"https:\/\/www.tgrthaber.com\/mavikadin\/zuhal-topalla-yemekteyiz-odulu-ne-kadar-zuhal-topal-yemekteyiz-birincisi-ne-aliyor\/\">Zuhal Topal&#8217;la Yemekteyiz<\/a> program\u0131 yeni sezon b\u00f6l\u00fcmleriyle g\u00fcndemden d\u00fc\u015fm\u00fcyor. Ge\u00e7en sezon b\u00fcy\u00fck \u00f6d\u00fcl 150 bin TL idi. Bu sezon ise program\u0131n format\u0131nda b\u00fcy\u00fck bir de\u011fi\u015fiklik ya\u015fand\u0131. Kazanan yar\u0131\u015fmac\u0131ya verilen b\u00fcy\u00fck \u00f6d\u00fcl tam 200 bin TL&#8217;ye \u00e7\u0131kar\u0131ld\u0131.<\/p>\n<p><img loading=\"lazy\" decoding=\"async\" class=\"alignnone wp-image-230382\" src=\"https:\/\/www.tgrthaber.com\/mavikadin\/wp-content\/uploads\/Ekran-goruntusu-2025-09-03-174750-300x175.png\" alt=\"\" width=\"1208\" height=\"707\" title=\"\" srcset=\"https:\/\/www.tgrthaber.com\/mavikadin\/wp-content\/uploads\/Ekran-goruntusu-2025-09-03-174750-300x175.png 300w, https:\/\/www.tgrthaber.com\/mavikadin\/wp-content\/uploads\/Ekran-goruntusu-2025-09-03-174750.png 754w\" sizes=\"(max-width: 1208px) 100vw, 1208px\" \/><\/p>\n<hr \/>\n<p>Her hafta 5 farkl\u0131 yar\u0131\u015fmac\u0131n\u0131n mutfakta h\u00fcnerlerini sergiledi\u011fi yar\u0131\u015fmada Cuma g\u00fcnleri toplanan puanlarla haftan\u0131n birincisi belirleniyor. Zuhal Topal&#8217;\u0131n da puan verdi\u011fi tabaklar aras\u0131nda en iyi olan taba\u011f\u0131n sahibi 200 bin TL \u00f6d\u00fcl\u00fc kazan\u0131yor.<\/p>\n","protected":false},"excerpt":{"rendered":"<p>Zuhal Topal&#8217;la Yemekteyiz yar\u0131\u015fmac\u0131s\u0131 Yeliz Ulup\u0131nar hem men\u00fcs\u00fc hem de net tav\u0131rlar\u0131yla ekran ba\u015f\u0131ndakilerin dikkatini \u00e7ekti. Peki Yemekteyiz Yeliz kimdir, ka\u00e7 ya\u015f\u0131nda? Zuhal Topal&#8217;la Yemekteyiz 3. g\u00fcn yar\u0131\u015fmac\u0131s\u0131 Yeliz Ulup\u0131nar ne i\u015f yap\u0131yor? \u0130\u015fte detaylar&#8230;<\/p>\n","protected":false},"author":35,"featured_media":230377,"comment_status":"closed","ping_status":"closed","sticky":false,"template":"","format":"standard","meta":{"rank_math_lock_modified_date":false,"footnotes":""},"categories":[491],"tags":[3374,61383,8465,61384,61382],"class_list":["post-230372","post","type-post","status-publish","format-standard","has-post-thumbnail","hentry","category-biyografi","tag-biyografi","tag-yeliz-ulupinar-kac-yasinda","tag-yemekteyiz","tag-zuhal-topal-1-3-eylul-2025","tag-zuhal-topal-yemekteyiz-yeliz-kimdir"],"_links":{"self":[{"href":"https:\/\/www.tgrthaber.com\/mavikadin\/wp-json\/wp\/v2\/posts\/230372"}],"collection":[{"href":"https:\/\/www.tgrthaber.com\/mavikadin\/wp-json\/wp\/v2\/posts"}],"about":[{"href":"https:\/\/www.tgrthaber.com\/mavikadin\/wp-json\/wp\/v2\/types\/post"}],"author":[{"embeddable":true,"href":"https:\/\/www.tgrthaber.com\/mavikadin\/wp-json\/wp\/v2\/users\/35"}],"replies":[{"embeddable":true,"href":"https:\/\/www.tgrthaber.com\/mavikadin\/wp-json\/wp\/v2\/comments?post=230372"}],"version-history":[{"count":3,"href":"https:\/\/www.tgrthaber.com\/mavikadin\/wp-json\/wp\/v2\/posts\/230372\/revisions"}],"predecessor-version":[{"id":230387,"href":"https:\/\/www.tgrthaber.com\/mavikadin\/wp-json\/wp\/v2\/posts\/230372\/revisions\/230387"}],"wp:featuredmedia":[{"embeddable":true,"href":"https:\/\/www.tgrthaber.com\/mavikadin\/wp-json\/wp\/v2\/media\/230377"}],"wp:attachment":[{"href":"https:\/\/www.tgrthaber.com\/mavikadin\/wp-json\/wp\/v2\/media?parent=230372"}],"wp:term":[{"taxonomy":"category","embeddable":true,"href":"https:\/\/www.tgrthaber.com\/mavikadin\/wp-json\/wp\/v2\/categories?post=230372"},{"taxonomy":"post_tag","embeddable":true,"href":"https:\/\/www.tgrthaber.com\/mavikadin\/wp-json\/wp\/v2\/tags?post=230372"}],"curies":[{"name":"wp","href":"https:\/\/api.w.org\/{rel}","templated":true}]}}