{"id":230373,"date":"2025-09-03T19:14:30","date_gmt":"2025-09-03T16:14:30","guid":{"rendered":"https:\/\/www.tgrthaber.com\/mavikadin\/?p=230373"},"modified":"2025-09-03T22:47:46","modified_gmt":"2025-09-03T19:47:46","slug":"ayten-sanerden-masterchef-tuyolari-tepsi-mantisinin-kitabini-yazdi-yiyenler-mest-oldu","status":"publish","type":"post","link":"https:\/\/www.tgrthaber.com\/mavikadin\/ayten-sanerden-masterchef-tuyolari-tepsi-mantisinin-kitabini-yazdi-yiyenler-mest-oldu\/","title":{"rendered":"Ayten Saner&#8217;den MasterChef t\u00fcyolar\u0131! Tepsi mant\u0131s\u0131n\u0131n kitab\u0131n\u0131 yazd\u0131 yiyenler mest oldu"},"content":{"rendered":"<p class=\"p2\">MasterChef T\u00fcrkiye&#8217;nin ana kadrosuna ilk 20 yar\u0131\u015fmac\u0131 aras\u0131na ad\u0131n\u0131 yazd\u0131ran Ayten Saner,<span class=\"Apple-converted-space\">\u00a0 <\/span>Gebze Beyaz Kalpler E\u011fitim ve Geli\u015fim Merkezi \u00f6\u011frencileriyle mutfakta bir araya geldi. Gen\u00e7ler, Saner\u2019in \u00f6nderli\u011finde tepsi mant\u0131s\u0131 haz\u0131rlad\u0131. Peki dillere destan tepsi mant\u0131s\u0131 nas\u0131l haz\u0131rlan\u0131r? \u0130\u015fte t\u00fcm p\u00fcf noktalar\u0131 ve haz\u0131rlan\u0131\u015f\u0131&#8230;<\/p>\n<h3>AYTEN SANER&#8217;DEN MASTERCHEF T\u00dcYOLARI!<\/h3>\n<p class=\"p2\">Gebze Beyaz Kalpler E\u011fitim ve Geli\u015fim Merkezi\u2019nde a\u015f\u00e7\u0131 yard\u0131mc\u0131l\u0131\u011f\u0131 e\u011fitimi alan \u00f6\u011frenciler, MasterChef yar\u0131\u015fmac\u0131s\u0131 ve e\u011fitmen Ayten Saner ile birlikte tepsi mant\u0131s\u0131 haz\u0131rlad\u0131.<\/p>\n<p><img loading=\"lazy\" decoding=\"async\" class=\"alignnone wp-image-230394 \" src=\"https:\/\/www.tgrthaber.com\/mavikadin\/wp-content\/uploads\/Ekran-Resmi-2025-09-03-19.00.58-1.png\" alt=\"\" width=\"989\" height=\"622\" title=\"\" srcset=\"https:\/\/www.tgrthaber.com\/mavikadin\/wp-content\/uploads\/Ekran-Resmi-2025-09-03-19.00.58-1.png 964w, https:\/\/www.tgrthaber.com\/mavikadin\/wp-content\/uploads\/Ekran-Resmi-2025-09-03-19.00.58-1-300x189.png 300w, https:\/\/www.tgrthaber.com\/mavikadin\/wp-content\/uploads\/Ekran-Resmi-2025-09-03-19.00.58-1-768x483.png 768w\" sizes=\"(max-width: 989px) 100vw, 989px\" \/><\/p>\n<hr \/>\n<p class=\"p2\">Geleneksel lezzeti \u00f6\u011frenmenin heyecan\u0131n\u0131 ya\u015fayan gen\u00e7ler tepsi mant\u0131s\u0131n\u0131n t\u00fcm p\u00fcf noktalar\u0131n\u0131 MasterChef <a href=\"https:\/\/www.tgrthaber.com\/mavikadin\/masterchef-2025-ayten-sanerin-yurek-burkan-aci-dolu-gecmisi-turkiyeyi-aglatti-esini-trafik-kazasinda-kaybetti-hayata-tutunmaya-calisiyor\/\">Ayten Sane<\/a>r\u2019den \u00f6\u011frendi.<span class=\"Apple-converted-space\">\u00a0 <\/span>Mesleki e\u011fitimin yan\u0131nda gen\u00e7leri hayata da haz\u0131rlayan Beyaz Kalpler E\u011fitim ve Geli\u015fim Merkezi\u2019nde,mant\u0131 haz\u0131rlan\u0131rken artan hamurlar \u00e7orba yap\u0131m\u0131nda kullan\u0131ld\u0131. Mutfakta hi\u00e7bir \u00fcr\u00fcn\u00fcn ziyan edilmemesi gerekti\u011fi konusuda uygulamal\u0131 olarak g\u00f6sterildi.<\/p>\n<p><img loading=\"lazy\" decoding=\"async\" class=\"alignnone wp-image-230389 size-large\" src=\"https:\/\/www.tgrthaber.com\/mavikadin\/wp-content\/uploads\/Ekran-Resmi-2025-09-03-19.00.12-1024x587.png\" alt=\"\" width=\"1024\" height=\"587\" title=\"\" srcset=\"https:\/\/www.tgrthaber.com\/mavikadin\/wp-content\/uploads\/Ekran-Resmi-2025-09-03-19.00.12-1024x587.png 1024w, https:\/\/www.tgrthaber.com\/mavikadin\/wp-content\/uploads\/Ekran-Resmi-2025-09-03-19.00.12-300x172.png 300w, https:\/\/www.tgrthaber.com\/mavikadin\/wp-content\/uploads\/Ekran-Resmi-2025-09-03-19.00.12-768x440.png 768w, https:\/\/www.tgrthaber.com\/mavikadin\/wp-content\/uploads\/Ekran-Resmi-2025-09-03-19.00.12.png 1252w\" sizes=\"(max-width: 1024px) 100vw, 1024px\" \/><\/p>\n<hr \/>\n<h3 class=\"p2\"><b>&#8220;\u00d6\u011eRENC\u0130LER\u0130MLE B\u0130RL\u0130KTE ASIRLARA UZANAN B\u0130R LEZZET YOLCULU\u011eUNA \u00c7IKIYORUZ&#8221;<\/b><\/h3>\n<p class=\"p2\">MasterChef\u2019in hayat hikayesiyle de dikkat \u00e7eken yar\u0131\u015fmac\u0131s\u0131 Ayten Saner, \u00f6\u011frencilerle birlikte mutfakta olman\u0131n kendisi i\u00e7in \u00e7ok k\u0131ymetli oldu\u011funu belirterek, &#8220;Yeni pencereler a\u00e7\u0131p ufuklar\u0131na \u0131\u015f\u0131k tutuyoruz. Onlarla bir arada hemhal olup g\u00f6n\u00fcllere dokunuyoruz. \u00d6\u011frencilerimle birlikte as\u0131rlara uzanan bir lezzet yolculu\u011funa \u00e7\u0131k\u0131yoruz. Sa\u011fl\u0131kl\u0131, lezzetli ve bir o kadar da irfan dolu sofralar\u0131 \u00f6\u011frenmeye, haz\u0131rlamaya devam ediyoruz&#8221; dedi.<\/p>\n<p><img loading=\"lazy\" decoding=\"async\" class=\"alignnone wp-image-230390 \" src=\"https:\/\/www.tgrthaber.com\/mavikadin\/wp-content\/uploads\/Ekran-Resmi-2025-09-03-19.00.58.png\" alt=\"\" width=\"986\" height=\"620\" title=\"\" srcset=\"https:\/\/www.tgrthaber.com\/mavikadin\/wp-content\/uploads\/Ekran-Resmi-2025-09-03-19.00.58.png 964w, https:\/\/www.tgrthaber.com\/mavikadin\/wp-content\/uploads\/Ekran-Resmi-2025-09-03-19.00.58-300x189.png 300w, https:\/\/www.tgrthaber.com\/mavikadin\/wp-content\/uploads\/Ekran-Resmi-2025-09-03-19.00.58-768x483.png 768w\" sizes=\"(max-width: 986px) 100vw, 986px\" \/><\/p>\n<hr \/>\n<h3>MASTERCHEF TEPS\u0130 MANTISI NASIL YAPILIR?<\/h3>\n<p class=\"p1\">Hamuru i\u00e7in:<\/p>\n<ul class=\"ul1\">\n<li class=\"li1\">1 k\u00fc\u00e7\u00fck yumurta<\/li>\n<li class=\"li1\">1, 5- 2 su barda\u011f\u0131 un<\/li>\n<li class=\"li1\">2 \u00e7ay ka\u015f\u0131\u011f\u0131 tuz<\/li>\n<li class=\"li1\">So\u011fu\u011fa yak\u0131n \u0131l\u0131k su<\/li>\n<\/ul>\n<p class=\"p1\">K\u0131ymal\u0131 har\u00e7:<\/p>\n<ul class=\"ul1\">\n<li class=\"li1\">150 gram dana k\u0131yma<\/li>\n<li class=\"li1\">1 k\u00fc\u00e7\u00fck so\u011fan<\/li>\n<li class=\"li1\">4-5 dal ince do\u011franm\u0131\u015f maydanoz<\/li>\n<li class=\"li1\">Pul biber<\/li>\n<li class=\"li1\">Karabiber<\/li>\n<li class=\"li1\">Tuz<\/li>\n<\/ul>\n<p><img loading=\"lazy\" decoding=\"async\" class=\"alignnone wp-image-230391 size-large\" src=\"https:\/\/www.tgrthaber.com\/mavikadin\/wp-content\/uploads\/Ekran-Resmi-2025-09-03-19.01.26-1024x681.png\" alt=\"\" width=\"1024\" height=\"681\" title=\"\" srcset=\"https:\/\/www.tgrthaber.com\/mavikadin\/wp-content\/uploads\/Ekran-Resmi-2025-09-03-19.01.26-1024x681.png 1024w, https:\/\/www.tgrthaber.com\/mavikadin\/wp-content\/uploads\/Ekran-Resmi-2025-09-03-19.01.26-300x200.png 300w, https:\/\/www.tgrthaber.com\/mavikadin\/wp-content\/uploads\/Ekran-Resmi-2025-09-03-19.01.26-768x511.png 768w, https:\/\/www.tgrthaber.com\/mavikadin\/wp-content\/uploads\/Ekran-Resmi-2025-09-03-19.01.26.png 1034w\" sizes=\"(max-width: 1024px) 100vw, 1024px\" \/><\/p>\n<hr \/>\n<p class=\"p1\">Sosu i\u00e7in:<\/p>\n<ul class=\"ul1\">\n<li class=\"li1\">1 yemek ka\u015f\u0131\u011f\u0131 tereya\u011f\u0131<\/li>\n<li class=\"li1\">1 silme yemek ka\u015f\u0131\u011f\u0131 domates sal\u00e7as\u0131<\/li>\n<li class=\"li1\">Yakla\u015f\u0131k 3 su barda\u011f\u0131 s\u0131cak su<\/li>\n<li class=\"li1\">Tuz<\/li>\n<\/ul>\n<p class=\"p1\">\u00dczeri s\u00fcsleme i\u00e7in:<\/p>\n<ul class=\"ul1\">\n<li class=\"li1\">1 yemek ka\u015f\u0131\u011f\u0131 tereya\u011f\u0131<\/li>\n<li class=\"li1\">biraz toz k\u0131rm\u0131z\u0131 biber ve nane<\/li>\n<\/ul>\n<h3>HAZIRLANI\u015eI:<\/h3>\n<p class=\"p2\">\u0130lk olarak hamurun haz\u0131rlanmas\u0131 i\u00e7in unun i\u00e7ine yumurta ve tuzu ilave edin. Ard\u0131ndan sert bir hamur olana kadar suyunu ilave edin. Mutlaka sert bir hamur olmas\u0131 gerekiyor. 10 dakika yo\u011furun ve hamurunuzun \u00fcst\u00fcn\u00fc \u00f6rt\u00fcp en az 20 dakika kadar dinlendirin. K\u0131ymal\u0131 harc\u0131n haz\u0131rlanmas\u0131 i\u00e7in k\u0131yman\u0131n i\u00e7erisine so\u011fan ve maydonozu minik minik do\u011fray\u0131n ve baharatlar\u0131n\u0131da ilave edin kar\u0131\u015ft\u0131r\u0131n. Ard\u0131ndan sosun haz\u0131rlanmas\u0131na ge\u00e7ebilirsiniz.<\/p>\n<p><img loading=\"lazy\" decoding=\"async\" class=\"alignnone wp-image-230392 size-large\" src=\"https:\/\/www.tgrthaber.com\/mavikadin\/wp-content\/uploads\/Ekran-Resmi-2025-09-03-19.01.34-1024x588.png\" alt=\"\" width=\"1024\" height=\"588\" title=\"\" srcset=\"https:\/\/www.tgrthaber.com\/mavikadin\/wp-content\/uploads\/Ekran-Resmi-2025-09-03-19.01.34-1024x588.png 1024w, https:\/\/www.tgrthaber.com\/mavikadin\/wp-content\/uploads\/Ekran-Resmi-2025-09-03-19.01.34-300x172.png 300w, https:\/\/www.tgrthaber.com\/mavikadin\/wp-content\/uploads\/Ekran-Resmi-2025-09-03-19.01.34-768x441.png 768w, https:\/\/www.tgrthaber.com\/mavikadin\/wp-content\/uploads\/Ekran-Resmi-2025-09-03-19.01.34.png 1028w\" sizes=\"(max-width: 1024px) 100vw, 1024px\" \/><\/p>\n<hr \/>\n<p class=\"p2\">Tereya\u011f\u0131n\u0131 eritin ve sal\u00e7a ilave edin. 2 dakika kadar k\u0131s\u0131k ate\u015fte kavurun ard\u0131ndan suyunu ve tuzunu ilave edin. 5 dk daha kaynatt\u0131ktan sonra kenara al\u0131n. Hamurlar\u0131n\u0131z\u0131n i\u00e7erisine k\u0131ymal\u0131 harc\u0131n\u0131z\u0131 koyun ve mant\u0131n\u0131z\u0131n nas\u0131l bir \u015fekilde olmas\u0131n\u0131 istiyorsan\u0131z \u015feklini verin. B\u00fct\u00fcn hamurlar bittikten sonra 200 derecelik f\u0131r\u0131nda 20 dakika pi\u015firin.<\/p>\n<p><img loading=\"lazy\" decoding=\"async\" class=\"alignnone wp-image-230393 \" src=\"https:\/\/www.tgrthaber.com\/mavikadin\/wp-content\/uploads\/Ekran-Resmi-2025-09-03-19.05.22.png\" alt=\"\" width=\"993\" height=\"612\" title=\"\" srcset=\"https:\/\/www.tgrthaber.com\/mavikadin\/wp-content\/uploads\/Ekran-Resmi-2025-09-03-19.05.22.png 944w, https:\/\/www.tgrthaber.com\/mavikadin\/wp-content\/uploads\/Ekran-Resmi-2025-09-03-19.05.22-300x185.png 300w, https:\/\/www.tgrthaber.com\/mavikadin\/wp-content\/uploads\/Ekran-Resmi-2025-09-03-19.05.22-768x473.png 768w\" sizes=\"(max-width: 993px) 100vw, 993px\" \/><\/p>\n<hr \/>\n<p class=\"p2\">Mutlaka kontrol\u00fc pi\u015firin hamurlar\u0131n hafif k\u0131zarmaya ba\u015flam\u0131\u015f olmas\u0131 yeterli olacakt\u0131r. Pi\u015fen mant\u0131lar\u0131m\u0131z\u0131 \u00e7\u0131kar\u0131p \u00fczerine sal\u00e7al\u0131 suyumuzu d\u00f6k\u00fcp oca\u011fa al\u0131p kaynatmaya ba\u015fl\u0131yoruz.T\u00fcm suyunu \u00e7ekene kadar orta ate\u015fte tepsiyi \u00e7evire \u00e7evire pi\u015firiyoruz. E\u011fer mant\u0131lar\u0131n\u0131zda sertlik varsa mutlaka s\u0131cak su ilavesi yapmaya \u00f6zen g\u00f6sterin. Pi\u015fen mant\u0131lar\u0131 tepsi i\u00e7erisinde \u00fczerine sar\u0131msakl\u0131 yo\u011furt ve tereya\u011fl\u0131 baharat ilave ederek servis yapabilirsiniz. Afiyet olsun.<\/p>\n<p>&nbsp;<\/p>\n<p>&nbsp;<\/p>\n","protected":false},"excerpt":{"rendered":"<p>MasterChef T\u00fcrkiye\u2019nin ana kadrosuna ismini yazd\u0131ran yar\u0131\u015fmac\u0131lardan biri olan Ayten Saner, Gebze Beyaz Kalpler E\u011fitim ve Geli\u015fim Merkezi \u00f6\u011frencileriyle mutfakta tepsi mant\u0131s\u0131 haz\u0131rlad\u0131. T\u00fcm p\u00fcf noktalar\u0131yla tepsi mant\u0131s\u0131n\u0131n nas\u0131l yap\u0131ld\u0131\u011f\u0131n\u0131 anlatan Ayten Saner\u2019in tepsi mant\u0131s\u0131 merak edildi. Peki tepsi mant\u0131s\u0131 nas\u0131l yap\u0131l\u0131r? \u0130\u015fte detaylar\u2026 <\/p>\n","protected":false},"author":16,"featured_media":230395,"comment_status":"closed","ping_status":"closed","sticky":false,"template":"","format":"standard","meta":{"rank_math_lock_modified_date":false,"footnotes":""},"categories":[191],"tags":[61386,61385,61387,355,3411],"class_list":["post-230373","post","type-post","status-publish","format-standard","has-post-thumbnail","hentry","category-yemek-tarifleri","tag-masterchef-ayten-saner","tag-masterchef-ayten-saner-tepsi-mantisi","tag-masterchef-tepsi-mantisi","tag-yemek","tag-yemek-tarifleri"],"_links":{"self":[{"href":"https:\/\/www.tgrthaber.com\/mavikadin\/wp-json\/wp\/v2\/posts\/230373"}],"collection":[{"href":"https:\/\/www.tgrthaber.com\/mavikadin\/wp-json\/wp\/v2\/posts"}],"about":[{"href":"https:\/\/www.tgrthaber.com\/mavikadin\/wp-json\/wp\/v2\/types\/post"}],"author":[{"embeddable":true,"href":"https:\/\/www.tgrthaber.com\/mavikadin\/wp-json\/wp\/v2\/users\/16"}],"replies":[{"embeddable":true,"href":"https:\/\/www.tgrthaber.com\/mavikadin\/wp-json\/wp\/v2\/comments?post=230373"}],"version-history":[{"count":2,"href":"https:\/\/www.tgrthaber.com\/mavikadin\/wp-json\/wp\/v2\/posts\/230373\/revisions"}],"predecessor-version":[{"id":230397,"href":"https:\/\/www.tgrthaber.com\/mavikadin\/wp-json\/wp\/v2\/posts\/230373\/revisions\/230397"}],"wp:featuredmedia":[{"embeddable":true,"href":"https:\/\/www.tgrthaber.com\/mavikadin\/wp-json\/wp\/v2\/media\/230395"}],"wp:attachment":[{"href":"https:\/\/www.tgrthaber.com\/mavikadin\/wp-json\/wp\/v2\/media?parent=230373"}],"wp:term":[{"taxonomy":"category","embeddable":true,"href":"https:\/\/www.tgrthaber.com\/mavikadin\/wp-json\/wp\/v2\/categories?post=230373"},{"taxonomy":"post_tag","embeddable":true,"href":"https:\/\/www.tgrthaber.com\/mavikadin\/wp-json\/wp\/v2\/tags?post=230373"}],"curies":[{"name":"wp","href":"https:\/\/api.w.org\/{rel}","templated":true}]}}