{"id":230430,"date":"2025-09-03T20:45:26","date_gmt":"2025-09-03T17:45:26","guid":{"rendered":"https:\/\/www.tgrthaber.com\/mavikadin\/?p=230430"},"modified":"2025-09-03T20:45:26","modified_gmt":"2025-09-03T17:45:26","slug":"kizilcik-serbeti-4-sezon-ilk-tanitimi-yayinlandi-kizilcik-serbeti-dizisinin-104-bolumunde-neler-olacak","status":"publish","type":"post","link":"https:\/\/www.tgrthaber.com\/mavikadin\/kizilcik-serbeti-4-sezon-ilk-tanitimi-yayinlandi-kizilcik-serbeti-dizisinin-104-bolumunde-neler-olacak\/","title":{"rendered":"K\u0131z\u0131lc\u0131k \u015eerbeti 4. Sezon ilk tan\u0131t\u0131m\u0131 yay\u0131nland\u0131! K\u0131z\u0131lc\u0131k \u015eerbeti dizisinin 104. B\u00f6l\u00fcm\u00fcnde neler olacak?"},"content":{"rendered":"<p>Gold Film\u2019in yap\u0131mc\u0131l\u0131\u011f\u0131n\u0131 \u00fcstlendi\u011fi K\u0131z\u0131lc\u0131k \u015eerbeti dizisi 4 sezon b\u00f6l\u00fcmleriyle yeni yay\u0131n d\u00f6neminde ekrana d\u00f6nmek i\u00e7in g\u00fcn say\u0131yor. Ba\u015frollerinde Bar\u0131\u015f K\u0131l\u0131\u00e7, Evrim Alasya, Ahmet M\u00fcmtaz Taylan, S\u0131la T\u00fcrko\u011flu, Do\u011fukan G\u00fcng\u00f6r, Erkan Avc\u0131, Ceren Yalazo\u011flu, Feyza Civelek, Emrah Alt\u0131ntoprak, Servet Pandur, Ece \u0130rtem, Batuhan Bozkurt Y\u00fczg\u00fcle\u00e7, Neslihan Yeldan ve Aliye Uzunata\u011fan\u2019\u0131n yer ald\u0131\u011f\u0131 yap\u0131m yeni sezon tan\u0131t\u0131m\u0131n\u0131 yay\u0131nlad\u0131. K\u0131z\u0131lc\u0131k \u015eerbeti 104. B\u00f6l\u00fcm ilk tan\u0131t\u0131m\u0131 izleyenlerin kafas\u0131n\u0131 kar\u0131\u015ft\u0131rd\u0131. Peki, K\u0131z\u0131lc\u0131k \u015eerbeti dizisinin 104. B\u00f6l\u00fcm\u00fcnde neler olacak?<\/p>\n<h3>KIZILCIK \u015eERBET\u0130 4. SEZON \u0130LK TANITIMI YAYINLANDI<\/h3>\n<p>Faruk Turgut\u2019un yap\u0131mc\u0131l\u0131\u011f\u0131n\u0131 \u00fcstlendi\u011fi K\u0131z\u0131lc\u0131k \u015eerbeti dizisi 4. Sezon yeni b\u00f6l\u00fcmleriyle ayn\u0131 g\u00fcn\u00fcnde ekranlarda yer almaya haz\u0131rlan\u0131yor. Dizinin tan\u0131t\u0131m fragman\u0131 b\u00fcy\u00fck ses getirdi.<\/p>\n<p><img loading=\"lazy\" decoding=\"async\" class=\"alignnone wp-image-230434 size-full\" src=\"https:\/\/www.tgrthaber.com\/mavikadin\/wp-content\/uploads\/Adsiz-tasarim-224.jpg\" alt=\"\" width=\"1208\" height=\"680\" title=\"\" srcset=\"https:\/\/www.tgrthaber.com\/mavikadin\/wp-content\/uploads\/Adsiz-tasarim-224.jpg 1208w, https:\/\/www.tgrthaber.com\/mavikadin\/wp-content\/uploads\/Adsiz-tasarim-224-300x169.jpg 300w, https:\/\/www.tgrthaber.com\/mavikadin\/wp-content\/uploads\/Adsiz-tasarim-224-1024x576.jpg 1024w, https:\/\/www.tgrthaber.com\/mavikadin\/wp-content\/uploads\/Adsiz-tasarim-224-768x432.jpg 768w\" sizes=\"(max-width: 1208px) 100vw, 1208px\" \/><\/p>\n<hr \/>\n<p>Do\u011fa ve Fatih aras\u0131ndaki gerilim, I\u015f\u0131l\u2019\u0131n Abdullah Bey\u2019i ba\u015fkas\u0131yla aldatmas\u0131, Firaz ve Nursema aras\u0131ndaki evlilik b\u00fcy\u00fck s\u0131k\u0131nt\u0131lar ya\u015fayacak gibi. K\u0131z\u0131lc\u0131k \u015eerbeti dizisi yeni sezona bomba gibi geliyor.<\/p>\n<p><strong>\u0130\u015fte K\u0131z\u0131lc\u0131k \u015eerbeti 104. B\u00f6l\u00fcm ilk tan\u0131t\u0131m\u0131:<\/strong><\/p>\n<div style=\"width: 640px;\" class=\"wp-video\"><!--[if lt IE 9]><script>document.createElement('video');<\/script><![endif]-->\n<video class=\"wp-video-shortcode\" id=\"video-230430-1\" width=\"640\" height=\"360\" preload=\"metadata\" controls=\"controls\"><source type=\"video\/mp4\" src=\"https:\/\/www.tgrthaber.com\/mavikadin\/wp-content\/uploads\/ssstwitter.com_1756920542763.mp4?_=1\" \/><a href=\"https:\/\/www.tgrthaber.com\/mavikadin\/wp-content\/uploads\/ssstwitter.com_1756920542763.mp4\">https:\/\/www.tgrthaber.com\/mavikadin\/wp-content\/uploads\/ssstwitter.com_1756920542763.mp4<\/a><\/video><\/div>\n<hr \/>\n<h3>KIZILCIK \u015eERBET\u0130 104. B\u00d6L\u00dcM\u00dcNDE NELER OLACAK?<\/h3>\n<p>Fatih vurulduktan sonra hayata bak\u0131\u015f a\u00e7\u0131s\u0131 tamamen de\u011fi\u015fecek ve Do\u011fa ile yeniden sorunlar ya\u015famaya ba\u015flamayacak. K\u0131v\u0131lc\u0131m ve \u00d6mer aras\u0131nda her \u015fey yolunda gibi g\u00f6z\u00fckse de i\u015fler farkl\u0131 cereyan edecek.<\/p>\n<p><img loading=\"lazy\" decoding=\"async\" class=\"alignnone wp-image-230437 size-full\" src=\"https:\/\/www.tgrthaber.com\/mavikadin\/wp-content\/uploads\/Adsiz-tasarim-3-92.jpg\" alt=\"\" width=\"1208\" height=\"680\" title=\"\" srcset=\"https:\/\/www.tgrthaber.com\/mavikadin\/wp-content\/uploads\/Adsiz-tasarim-3-92.jpg 1208w, https:\/\/www.tgrthaber.com\/mavikadin\/wp-content\/uploads\/Adsiz-tasarim-3-92-300x169.jpg 300w, https:\/\/www.tgrthaber.com\/mavikadin\/wp-content\/uploads\/Adsiz-tasarim-3-92-1024x576.jpg 1024w, https:\/\/www.tgrthaber.com\/mavikadin\/wp-content\/uploads\/Adsiz-tasarim-3-92-768x432.jpg 768w\" sizes=\"(max-width: 1208px) 100vw, 1208px\" \/><\/p>\n<hr \/>\n<p>Firaz ve Nursema evlili\u011finde s\u0131k\u0131nt\u0131lar ba\u015f g\u00f6sterecek. Nursema d\u00fczeltmeye \u00e7al\u0131\u015fmak i\u00e7in her \u015feyi yapacak ama Firaz ayr\u0131l\u0131k konusunu a\u00e7acak.<\/p>\n<p><img loading=\"lazy\" decoding=\"async\" class=\"alignnone wp-image-230439 size-full\" src=\"https:\/\/www.tgrthaber.com\/mavikadin\/wp-content\/uploads\/Adsiz-tasarim-2-86.jpg\" alt=\"\" width=\"1208\" height=\"680\" title=\"\" srcset=\"https:\/\/www.tgrthaber.com\/mavikadin\/wp-content\/uploads\/Adsiz-tasarim-2-86.jpg 1208w, https:\/\/www.tgrthaber.com\/mavikadin\/wp-content\/uploads\/Adsiz-tasarim-2-86-300x169.jpg 300w, https:\/\/www.tgrthaber.com\/mavikadin\/wp-content\/uploads\/Adsiz-tasarim-2-86-1024x576.jpg 1024w, https:\/\/www.tgrthaber.com\/mavikadin\/wp-content\/uploads\/Adsiz-tasarim-2-86-768x432.jpg 768w\" sizes=\"(max-width: 1208px) 100vw, 1208px\" \/><\/p>\n<hr \/>\n<p>Do\u011fa ve I\u015f\u0131l birbirlerinden habersiz bir \u015fekilde ayn\u0131 adama m\u0131 a\u015f\u0131k olacak? Abdullah Bey\u2019den habersiz I\u015f\u0131l kiminle g\u00f6r\u00fc\u015f\u00fcyor? Do\u011fa\u2019n\u0131n eski a\u015fk\u0131 m\u0131 yeniden hayat\u0131na girecek? \u00dcnal ailesinde f\u0131rt\u0131nal\u0131 s\u00fcre\u00e7ler ya\u015fanacak.<\/p>\n<p><img loading=\"lazy\" decoding=\"async\" class=\"alignnone wp-image-230443 size-full\" src=\"https:\/\/www.tgrthaber.com\/mavikadin\/wp-content\/uploads\/Adsiz-tasarim-1-89.jpg\" alt=\"\" width=\"1208\" height=\"680\" title=\"\" srcset=\"https:\/\/www.tgrthaber.com\/mavikadin\/wp-content\/uploads\/Adsiz-tasarim-1-89.jpg 1208w, https:\/\/www.tgrthaber.com\/mavikadin\/wp-content\/uploads\/Adsiz-tasarim-1-89-300x169.jpg 300w, https:\/\/www.tgrthaber.com\/mavikadin\/wp-content\/uploads\/Adsiz-tasarim-1-89-1024x576.jpg 1024w, https:\/\/www.tgrthaber.com\/mavikadin\/wp-content\/uploads\/Adsiz-tasarim-1-89-768x432.jpg 768w\" sizes=\"(max-width: 1208px) 100vw, 1208px\" \/><\/p>\n<hr \/>\n<h3>KIZILCIK \u015eERBET\u0130 104. B\u00d6L\u00dcM NE ZAMAN YAYINLANACAK?<\/h3>\n<p>SHOW TV ekranlar\u0131nda yay\u0131nlanan <a href=\"https:\/\/www.tgrthaber.com\/mavikadin\/kizilcik-serbeti-4-sezon-ne-zaman-baslayacak-kizilcik-serbeti-yeni-sezon-ilk-tarih-netlesti\/\">K\u0131z\u0131lc\u0131k \u015eerbeti dizisi<\/a>nin yeni b\u00f6l\u00fcmleri 12 Eyl\u00fcl Cuma ak\u015fam\u0131 ekranlara gelecek. K\u0131z\u0131lc\u0131k \u015eerbeti 104. B\u00f6l\u00fcm saat 20:00\u2019da ayn\u0131 g\u00fcn\u00fcnde ve saatinde izleyicisiyle bulu\u015facak.<\/p>\n","protected":false},"excerpt":{"rendered":"<p>Show Tv\u2019nin beklenen yap\u0131m\u0131 K\u0131z\u0131lc\u0131k \u015eerbeti 4 sezon ilk tan\u0131t\u0131m\u0131n\u0131 ger\u00e7ekle\u015ftirdi. Yay\u0131nlanan tan\u0131t\u0131mla \u00dcnallar ailesinde i\u015fler karmakar\u0131\u015f\u0131k bir hal alm\u0131\u015f. Do\u011fa ve Fatih bir kez daha m\u0131 bo\u015fanacak? I\u015f\u0131l ve Do\u011fa\u2019n\u0131n konu\u015ftu\u011fu ki\u015fi ayn\u0131 adam m\u0131? Firaz ve Nursema ayr\u0131l\u0131yor mu? Peki, K\u0131z\u0131lc\u0131k \u015eerbeti dizisinin 104. B\u00f6l\u00fcm\u00fcnde neler olacak? <\/p>\n","protected":false},"author":10,"featured_media":230435,"comment_status":"closed","ping_status":"closed","sticky":false,"template":"","format":"standard","meta":{"rank_math_lock_modified_date":false,"footnotes":""},"categories":[602],"tags":[32159,2628,10390,61395,61394,61396],"class_list":["post-230430","post","type-post","status-publish","format-standard","has-post-thumbnail","hentry","category-diziler","tag-dizi","tag-dizi-haberleri","tag-dizi-magazin","tag-kizilcik-serbeti-104-bolum-ilk-fragman","tag-kizilcik-serbeti-104-bolum-neler-olacak","tag-kizilcik-serbeti-4-sezon-ilk-tanitimi"],"_links":{"self":[{"href":"https:\/\/www.tgrthaber.com\/mavikadin\/wp-json\/wp\/v2\/posts\/230430"}],"collection":[{"href":"https:\/\/www.tgrthaber.com\/mavikadin\/wp-json\/wp\/v2\/posts"}],"about":[{"href":"https:\/\/www.tgrthaber.com\/mavikadin\/wp-json\/wp\/v2\/types\/post"}],"author":[{"embeddable":true,"href":"https:\/\/www.tgrthaber.com\/mavikadin\/wp-json\/wp\/v2\/users\/10"}],"replies":[{"embeddable":true,"href":"https:\/\/www.tgrthaber.com\/mavikadin\/wp-json\/wp\/v2\/comments?post=230430"}],"version-history":[{"count":2,"href":"https:\/\/www.tgrthaber.com\/mavikadin\/wp-json\/wp\/v2\/posts\/230430\/revisions"}],"predecessor-version":[{"id":230452,"href":"https:\/\/www.tgrthaber.com\/mavikadin\/wp-json\/wp\/v2\/posts\/230430\/revisions\/230452"}],"wp:featuredmedia":[{"embeddable":true,"href":"https:\/\/www.tgrthaber.com\/mavikadin\/wp-json\/wp\/v2\/media\/230435"}],"wp:attachment":[{"href":"https:\/\/www.tgrthaber.com\/mavikadin\/wp-json\/wp\/v2\/media?parent=230430"}],"wp:term":[{"taxonomy":"category","embeddable":true,"href":"https:\/\/www.tgrthaber.com\/mavikadin\/wp-json\/wp\/v2\/categories?post=230430"},{"taxonomy":"post_tag","embeddable":true,"href":"https:\/\/www.tgrthaber.com\/mavikadin\/wp-json\/wp\/v2\/tags?post=230430"}],"curies":[{"name":"wp","href":"https:\/\/api.w.org\/{rel}","templated":true}]}}