{"id":230458,"date":"2025-09-03T21:31:47","date_gmt":"2025-09-03T18:31:47","guid":{"rendered":"https:\/\/www.tgrthaber.com\/mavikadin\/?p=230458"},"modified":"2025-09-03T21:32:29","modified_gmt":"2025-09-03T18:32:29","slug":"masterchef-danillo-zannanin-asik-oldugum-dedigi-borek-hangisi-turkiyedeki-favorisi-bakin-neymis","status":"publish","type":"post","link":"https:\/\/www.tgrthaber.com\/mavikadin\/masterchef-danillo-zannanin-asik-oldugum-dedigi-borek-hangisi-turkiyedeki-favorisi-bakin-neymis\/","title":{"rendered":"MasterChef Danillo Zanna\u2019n\u0131n a\u015f\u0131k oldu\u011fum dedi\u011fi b\u00f6rek hangisi? T\u00fcrkiye\u2019deki favorisi bak\u0131n neymi\u015f!"},"content":{"rendered":"<p class=\"p1\">TV8 ekranlar\u0131n\u0131n sevilerek seyredilen yar\u0131\u015fma program\u0131 MasterChef T\u00fcrkiye\u2019nin sevilen j\u00fcrisi<a href=\"https:\/\/www.tgrthaber.com\/mavikadin\/sosyal-medya-masterchef-danillo-zannanin-eski-esini-konusuyor-ebru-gundese-olan-benzerligi-gundem-oldu\/\"> Danillo Zanna<\/a><span class=\"Apple-converted-space\">\u00a0 <\/span>Ger\u00e7ek G\u00fcndem&#8217;den Reha Tart\u0131c\u0131&#8217;ya konu\u015ftu. \u0130talya\u2019da b\u00f6rek\u00e7i a\u00e7ma hayali kuran \u00fcnl\u00fc \u015fefin T\u00fcrkiye\u2019de favorisi olan b\u00f6rek ise \u015fa\u015f\u0131rtmad\u0131. Bak\u0131n \u00fcnl\u00fc \u0130talyan \u015fef hangi b\u00f6re\u011fin hastas\u0131ym\u0131\u015f!<\/p>\n<h3>MASTERCHEF DAN\u0130LLO ZANNA&#8217;NIN A\u015eIK OLDU\u011eUM DED\u0130\u011e\u0130 B\u00d6REK BAKIN HANG\u0130S\u0130YM\u0130\u015e!<\/h3>\n<p>Ekranlar\u0131n sempatik j\u00fcrisi Danillo Zanna, Ger\u00e7ek G\u00fcndem&#8217;den Reha Tart\u0131c\u0131&#8217;ya samimi itiraflarda bulundu. T\u00fcrkiye&#8217;de en sevdi\u011fi yemekten tutun da en sevdi\u011fi b\u00f6re\u011fe kadar t\u00fcm detaylar\u0131 anlatan Danillo Zanna&#8217;n\u0131n en dikkat \u00e7eken ifadelerinden biri de en sevdi\u011fi b\u00f6rek oldu.<\/p>\n<p><img loading=\"lazy\" decoding=\"async\" class=\"alignnone wp-image-230473 \" src=\"https:\/\/www.tgrthaber.com\/mavikadin\/wp-content\/uploads\/Ekran-Resmi-2025-09-03-21.26.31.png\" alt=\"\" width=\"992\" height=\"629\" title=\"\" srcset=\"https:\/\/www.tgrthaber.com\/mavikadin\/wp-content\/uploads\/Ekran-Resmi-2025-09-03-21.26.31.png 934w, https:\/\/www.tgrthaber.com\/mavikadin\/wp-content\/uploads\/Ekran-Resmi-2025-09-03-21.26.31-300x190.png 300w, https:\/\/www.tgrthaber.com\/mavikadin\/wp-content\/uploads\/Ekran-Resmi-2025-09-03-21.26.31-768x487.png 768w\" sizes=\"(max-width: 992px) 100vw, 992px\" \/><\/p>\n<hr \/>\n<h3>KAYSER\u0130 MANTISINI \u00d6\u011eRENMEK \u0130\u00c7\u0130N KAYSER\u0130&#8217;DE KALDIM<\/h3>\n<p class=\"p2\">Bizim meslekte sadece mutfakta \u00f6\u011frenmezsiniz. Evde, sokakta k\u0131sacas\u0131 hayat\u0131n her noktas\u0131nda bir \u015fey \u00f6\u011frenirsiniz. Size bir \u00f6rnek vereyim. Ben Kayseri mant\u0131s\u0131 \u00f6\u011frenmek i\u00e7inde Kayseri\u2019de bir s\u00fcre kald\u0131m. Bir kad\u0131n kooperatifinde \u00e7al\u0131\u015fan han\u0131mlardan mant\u0131 katlamay\u0131 \u00f6\u011frendim. Bunu bir restoran i\u015fletmecisi olarak de\u011fil \u015fef olarak \u00f6\u011frendim.<\/p>\n<p><img loading=\"lazy\" decoding=\"async\" class=\"alignnone wp-image-230465 size-large\" src=\"https:\/\/www.tgrthaber.com\/mavikadin\/wp-content\/uploads\/Ekran-Resmi-2025-09-03-21.12.29-1024x669.png\" alt=\"\" width=\"1024\" height=\"669\" title=\"\" srcset=\"https:\/\/www.tgrthaber.com\/mavikadin\/wp-content\/uploads\/Ekran-Resmi-2025-09-03-21.12.29-1024x669.png 1024w, https:\/\/www.tgrthaber.com\/mavikadin\/wp-content\/uploads\/Ekran-Resmi-2025-09-03-21.12.29-300x196.png 300w, https:\/\/www.tgrthaber.com\/mavikadin\/wp-content\/uploads\/Ekran-Resmi-2025-09-03-21.12.29-768x502.png 768w, https:\/\/www.tgrthaber.com\/mavikadin\/wp-content\/uploads\/Ekran-Resmi-2025-09-03-21.12.29-1536x1004.png 1536w, https:\/\/www.tgrthaber.com\/mavikadin\/wp-content\/uploads\/Ekran-Resmi-2025-09-03-21.12.29.png 1558w\" sizes=\"(max-width: 1024px) 100vw, 1024px\" \/><\/p>\n<hr \/>\n<h3 class=\"p2\">T\u00dcRK\u0130YE\u2019DE EN SEVD\u0130\u011e\u0130 YEMEK<\/h3>\n<p class=\"p2\">Ben Ca\u011f Kebaba bay\u0131l\u0131yorum. Erzurum\u2019a gittim. Orada neredeyse bir bu\u00e7uk ay kald\u0131m. Sadece Ca\u011f Kebap \u00f6\u011frenmek i\u00e7in Erzurum\u2019da da bir aydan fazla kald\u0131m. \u00d6\u011frendim ve d\u00f6nd\u00fcm ama bir sorun vard\u0131. Evde Ca\u011f Kebab\u0131 nerede yapacakt\u0131m. Bunu yapabilmek i\u00e7in evime \u00f6zel f\u0131r\u0131n yapt\u0131rd\u0131m. Ve \u015fimdi evde istedi\u011fim zaman yap\u0131yorum.<\/p>\n<p><img loading=\"lazy\" decoding=\"async\" class=\"alignnone wp-image-230468 size-full\" src=\"https:\/\/www.tgrthaber.com\/mavikadin\/wp-content\/uploads\/Ekran-Resmi-2025-09-03-21.12.09.png\" alt=\"\" width=\"1024\" height=\"622\" title=\"\" srcset=\"https:\/\/www.tgrthaber.com\/mavikadin\/wp-content\/uploads\/Ekran-Resmi-2025-09-03-21.12.09.png 1024w, https:\/\/www.tgrthaber.com\/mavikadin\/wp-content\/uploads\/Ekran-Resmi-2025-09-03-21.12.09-300x182.png 300w, https:\/\/www.tgrthaber.com\/mavikadin\/wp-content\/uploads\/Ekran-Resmi-2025-09-03-21.12.09-768x467.png 768w\" sizes=\"(max-width: 1024px) 100vw, 1024px\" \/><\/p>\n<hr \/>\n<h3 class=\"p2\">\u0130TALYA\u2019DA B\u00d6REK\u00c7\u0130 A\u00c7MA HAYAL\u0130 VARMI\u015e!<\/h3>\n<p class=\"p2\">T\u00fcrkiye\u2019de \u015fu an 5 restoran\u0131m\u0131z var. Yeni projelerimiz de geliyor. Eyl\u00fcl ay\u0131nda Ba\u011fdat Caddesi \u015fubemiz a\u00e7\u0131lacak. Orada Milano konsept yap\u0131yoruz. Ama ben asl\u0131nda \u0130talya\u2019da bir b\u00f6rek\u00e7i a\u00e7may\u0131 hayal ediyorum. \u0130nan\u0131lmaz tutaca\u011f\u0131n\u0131 d\u00fc\u015f\u00fcn\u00fcyorum. Ben \u0130talya\u2019da T\u00fcrkiye\u2019de oldu\u011fu kadar me\u015fhur de\u011filim ama pop\u00fclaritem de h\u0131zla art\u0131yor. Bana \u0130talya\u2019da en fazla sorulan soru \u201cB\u00f6rek tarifi verebilir misin?\u201d oluyor.<\/p>\n<p><img loading=\"lazy\" decoding=\"async\" class=\"alignnone wp-image-230469 size-large\" src=\"https:\/\/www.tgrthaber.com\/mavikadin\/wp-content\/uploads\/Ekran-Resmi-2025-09-03-21.12.19-1024x634.png\" alt=\"\" width=\"1024\" height=\"634\" title=\"\" srcset=\"https:\/\/www.tgrthaber.com\/mavikadin\/wp-content\/uploads\/Ekran-Resmi-2025-09-03-21.12.19-1024x634.png 1024w, https:\/\/www.tgrthaber.com\/mavikadin\/wp-content\/uploads\/Ekran-Resmi-2025-09-03-21.12.19-300x186.png 300w, https:\/\/www.tgrthaber.com\/mavikadin\/wp-content\/uploads\/Ekran-Resmi-2025-09-03-21.12.19-768x475.png 768w, https:\/\/www.tgrthaber.com\/mavikadin\/wp-content\/uploads\/Ekran-Resmi-2025-09-03-21.12.19-1536x951.png 1536w, https:\/\/www.tgrthaber.com\/mavikadin\/wp-content\/uploads\/Ekran-Resmi-2025-09-03-21.12.19.png 1548w\" sizes=\"(max-width: 1024px) 100vw, 1024px\" \/><\/p>\n<hr \/>\n<h3>FAVOR\u0130M LAZ B\u00d6RE\u011e\u0130!<\/h3>\n<p class=\"p2\">Favorim kesinlikle Laz B\u00f6re\u011fini<span class=\"Apple-converted-space\">\u00a0 <\/span>\u00e7ok seviyorum. ATV\u2019de program yapt\u0131\u011f\u0131m d\u00f6nemde bana bir g\u00fcn \u201cLaz B\u00f6re\u011fi\u201d yapacaks\u0131n dediler. Benim eski e\u015fim Karadenizliydi.<\/p>\n<p><img loading=\"lazy\" decoding=\"async\" class=\"alignnone wp-image-230470 size-full\" src=\"https:\/\/www.tgrthaber.com\/mavikadin\/wp-content\/uploads\/Ekran-Resmi-2025-09-03-21.12.43.png\" alt=\"\" width=\"982\" height=\"646\" title=\"\" srcset=\"https:\/\/www.tgrthaber.com\/mavikadin\/wp-content\/uploads\/Ekran-Resmi-2025-09-03-21.12.43.png 982w, https:\/\/www.tgrthaber.com\/mavikadin\/wp-content\/uploads\/Ekran-Resmi-2025-09-03-21.12.43-300x197.png 300w, https:\/\/www.tgrthaber.com\/mavikadin\/wp-content\/uploads\/Ekran-Resmi-2025-09-03-21.12.43-768x505.png 768w\" sizes=\"(max-width: 982px) 100vw, 982px\" \/><\/p>\n<hr \/>\n<p class=\"p2\">B\u00fct\u00fcn akrabalar\u0131n\u0131 arad\u0131m ve i\u015fin p\u00fcf noktalar\u0131n\u0131 onlardan \u00f6\u011frenerek hayat\u0131mda ilk defa \u201cLaz B\u00f6re\u011fi\u201d yapt\u0131m ve a\u015f\u0131k oldum.<\/p>\n<p><img loading=\"lazy\" decoding=\"async\" class=\"alignnone wp-image-230472 size-full\" src=\"https:\/\/www.tgrthaber.com\/mavikadin\/wp-content\/uploads\/Ekran-Resmi-2025-09-03-21.22.43.png\" alt=\"\" width=\"1002\" height=\"580\" title=\"\" srcset=\"https:\/\/www.tgrthaber.com\/mavikadin\/wp-content\/uploads\/Ekran-Resmi-2025-09-03-21.22.43.png 1002w, https:\/\/www.tgrthaber.com\/mavikadin\/wp-content\/uploads\/Ekran-Resmi-2025-09-03-21.22.43-300x174.png 300w, https:\/\/www.tgrthaber.com\/mavikadin\/wp-content\/uploads\/Ekran-Resmi-2025-09-03-21.22.43-768x445.png 768w\" sizes=\"(max-width: 1002px) 100vw, 1002px\" \/><\/p>\n<hr \/>\n<p class=\"p2\">Asl\u0131nda ilk ba\u015fta i\u00e7inde karabiberi g\u00f6r\u00fcnce bunun bir hata oldu\u011funu d\u00fc\u015f\u00fcnd\u00fcm. Ama sonra bunun bir hata de\u011fil asl\u0131nda bu lezzeti yaratan en \u00f6nemli elementlerden biri oldu\u011funu anlad\u0131m.<\/p>\n","protected":false},"excerpt":{"rendered":"<p>Ekranlar\u0131n sempatik j\u00fcri \u00fcyesi Danillo Zanna&#8217;n\u0131n hayali duyanlar\u0131 \u015fa\u015f\u0131rtt\u0131. \u0130talya&#8217;da b\u00f6rek\u00e7i a\u00e7may\u0131 planlayan Danillo Zanna&#8217;n\u0131n T\u00fcrkiye&#8217;de &#8216;A\u015f\u0131k oldu\u011fum&#8217; b\u00f6rek dedi\u011fi tarif ise dikkat \u00e7ekti. \u0130\u015fte detaylar&#8230; <\/p>\n","protected":false},"author":16,"featured_media":230474,"comment_status":"closed","ping_status":"closed","sticky":false,"template":"","format":"standard","meta":{"rank_math_lock_modified_date":false,"footnotes":""},"categories":[191],"tags":[61403,61393,61404,355,3411],"class_list":["post-230458","post","type-post","status-publish","format-standard","has-post-thumbnail","hentry","category-yemek-tarifleri","tag-masterchef-danillo-zanna-en-sevdigi-borek","tag-masterchef-danillo-zanna-kimdir","tag-masterchef-danillo-zanna-turkiyede-en-sevdigi-borek","tag-yemek","tag-yemek-tarifleri"],"_links":{"self":[{"href":"https:\/\/www.tgrthaber.com\/mavikadin\/wp-json\/wp\/v2\/posts\/230458"}],"collection":[{"href":"https:\/\/www.tgrthaber.com\/mavikadin\/wp-json\/wp\/v2\/posts"}],"about":[{"href":"https:\/\/www.tgrthaber.com\/mavikadin\/wp-json\/wp\/v2\/types\/post"}],"author":[{"embeddable":true,"href":"https:\/\/www.tgrthaber.com\/mavikadin\/wp-json\/wp\/v2\/users\/16"}],"replies":[{"embeddable":true,"href":"https:\/\/www.tgrthaber.com\/mavikadin\/wp-json\/wp\/v2\/comments?post=230458"}],"version-history":[{"count":3,"href":"https:\/\/www.tgrthaber.com\/mavikadin\/wp-json\/wp\/v2\/posts\/230458\/revisions"}],"predecessor-version":[{"id":230477,"href":"https:\/\/www.tgrthaber.com\/mavikadin\/wp-json\/wp\/v2\/posts\/230458\/revisions\/230477"}],"wp:featuredmedia":[{"embeddable":true,"href":"https:\/\/www.tgrthaber.com\/mavikadin\/wp-json\/wp\/v2\/media\/230474"}],"wp:attachment":[{"href":"https:\/\/www.tgrthaber.com\/mavikadin\/wp-json\/wp\/v2\/media?parent=230458"}],"wp:term":[{"taxonomy":"category","embeddable":true,"href":"https:\/\/www.tgrthaber.com\/mavikadin\/wp-json\/wp\/v2\/categories?post=230458"},{"taxonomy":"post_tag","embeddable":true,"href":"https:\/\/www.tgrthaber.com\/mavikadin\/wp-json\/wp\/v2\/tags?post=230458"}],"curies":[{"name":"wp","href":"https:\/\/api.w.org\/{rel}","templated":true}]}}