{"id":230460,"date":"2025-09-03T21:53:02","date_gmt":"2025-09-03T18:53:02","guid":{"rendered":"https:\/\/www.tgrthaber.com\/mavikadin\/?p=230460"},"modified":"2025-09-03T21:53:02","modified_gmt":"2025-09-03T18:53:02","slug":"organize-isler-karun-hazinesi-dizisinin-kadrosu-netlesti-yilmaz-erdogan-netflix-listelerini-sarsmaya-geliyor","status":"publish","type":"post","link":"https:\/\/www.tgrthaber.com\/mavikadin\/organize-isler-karun-hazinesi-dizisinin-kadrosu-netlesti-yilmaz-erdogan-netflix-listelerini-sarsmaya-geliyor\/","title":{"rendered":"Organize \u0130\u015fler Karun Hazinesi dizisinin kadrosu netle\u015fti! Y\u0131lmaz Erdo\u011fan Netflix listelerini sarsmaya geliyor"},"content":{"rendered":"<p>BKM Film imzas\u0131 ta\u015f\u0131yan Organize \u0130\u015fler serisi bu defa Netflix ekranlar\u0131nda olmak i\u00e7in g\u00fcn say\u0131yor. Y\u0131lmaz Erdo\u011fan&#8217;\u0131n yaz\u0131p oynad\u0131\u011f\u0131 Organize \u0130\u015fler Karun Hazinesi hem hikayesi hem de y\u0131ld\u0131zlar ge\u00e7idi tad\u0131nda oyuncu kadrosuyla g\u00fcndemin merkezinde yer al\u0131yor. Netflix&#8217;in en iddial\u0131 yap\u0131mlar\u0131 aras\u0131nda g\u00f6sterilen Organize \u0130\u015fler Karun Hazinesi, usta isimler ve gen\u00e7 yetenekleri ayn\u0131 kadrosunda toplayarak dikkatleri \u00fczerine \u00e7ekti. Dizinin kadrosunun netle\u015fmesiyle merak\u0131 iyice art\u0131ran Organize \u0130\u015fler Karun Hazinesi, sosyal medyan\u0131n en \u00e7ok konu\u015fulan dizileri aras\u0131nda yerini ald\u0131. Detaylar haberimizde&#8230;<\/p>\n<h3>ORGAN\u0130ZE \u0130\u015eLER KARUN HAZ\u0130NES\u0130 D\u0130Z\u0130S\u0130N\u0130N KADROSU NETLE\u015eT\u0130!<\/h3>\n<p>\u00c7ekimlerine 25 Eyl\u00fcl&#8217;de ba\u015flayacak dizinin oyuncu kadrosu sonunda belli oldu. Organize \u0130\u015fler filmiyle b\u00fcy\u00fck be\u011feni toplayan serinin ilk filmi 2005 y\u0131l\u0131nda vizyona girmi\u015fti.<\/p>\n<p><img loading=\"lazy\" decoding=\"async\" class=\"alignnone wp-image-230478\" src=\"https:\/\/www.tgrthaber.com\/mavikadin\/wp-content\/uploads\/organize_islerin_3_filmi_karun_hazinesi_geliyor_h18230_29bc9-300x178.jpg\" alt=\"\" width=\"1208\" height=\"716\" title=\"\" srcset=\"https:\/\/www.tgrthaber.com\/mavikadin\/wp-content\/uploads\/organize_islerin_3_filmi_karun_hazinesi_geliyor_h18230_29bc9-300x178.jpg 300w, https:\/\/www.tgrthaber.com\/mavikadin\/wp-content\/uploads\/organize_islerin_3_filmi_karun_hazinesi_geliyor_h18230_29bc9.jpg 560w\" sizes=\"(max-width: 1208px) 100vw, 1208px\" \/><\/p>\n<hr \/>\n<p>2019 y\u0131l\u0131nda Sazan Sarmal\u0131 ile milyonlar\u0131n g\u00f6nl\u00fcnde taht kuran Erdo\u011fan, 2025 y\u0131l\u0131nda Netflix&#8217;e damga vurmaya haz\u0131rlan\u0131yor.<\/p>\n<p><img loading=\"lazy\" decoding=\"async\" class=\"alignnone wp-image-230483\" src=\"https:\/\/www.tgrthaber.com\/mavikadin\/wp-content\/uploads\/resized-606c3-de2dff732340925-1920x1080-1-300x169.webp\" alt=\"\" width=\"1208\" height=\"680\" title=\"\" srcset=\"https:\/\/www.tgrthaber.com\/mavikadin\/wp-content\/uploads\/resized-606c3-de2dff732340925-1920x1080-1-300x169.webp 300w, https:\/\/www.tgrthaber.com\/mavikadin\/wp-content\/uploads\/resized-606c3-de2dff732340925-1920x1080-1-1024x576.webp 1024w, https:\/\/www.tgrthaber.com\/mavikadin\/wp-content\/uploads\/resized-606c3-de2dff732340925-1920x1080-1-768x432.webp 768w, https:\/\/www.tgrthaber.com\/mavikadin\/wp-content\/uploads\/resized-606c3-de2dff732340925-1920x1080-1.webp 1280w\" sizes=\"(max-width: 1208px) 100vw, 1208px\" \/><\/p>\n<hr \/>\n<p>Organize \u0130\u015fler Karun Hazinesi yeni kadrosu ise tam bir bomba! Usta isimlerin ve gen\u00e7 oyuncular\u0131n harmanland\u0131\u011f\u0131 kadroda yer alan isimler ise \u015fu \u015fekilde;<\/p>\n<p>Y\u0131lmaz Erdo\u011fan<\/p>\n<p>Demet Akba\u011f<\/p>\n<p>K\u0131van\u00e7 Tatl\u0131tu\u011f<\/p>\n<p>Selim Bayraktar<\/p>\n<p>Bensu Soral<\/p>\n<p><img loading=\"lazy\" decoding=\"async\" class=\"alignnone wp-image-230486\" src=\"https:\/\/www.tgrthaber.com\/mavikadin\/wp-content\/uploads\/ARZU-2025-08-21T100201.323-1024x576-2-300x169.webp\" alt=\"\" width=\"1208\" height=\"680\" title=\"\" srcset=\"https:\/\/www.tgrthaber.com\/mavikadin\/wp-content\/uploads\/ARZU-2025-08-21T100201.323-1024x576-2-300x169.webp 300w, https:\/\/www.tgrthaber.com\/mavikadin\/wp-content\/uploads\/ARZU-2025-08-21T100201.323-1024x576-2-768x432.webp 768w, https:\/\/www.tgrthaber.com\/mavikadin\/wp-content\/uploads\/ARZU-2025-08-21T100201.323-1024x576-2.webp 1024w\" sizes=\"(max-width: 1208px) 100vw, 1208px\" \/><\/p>\n<hr \/>\n<p>Uraz Kayg\u0131laro\u011flu<\/p>\n<p>Burcu \u00d6zberk<\/p>\n<p>R\u0131za Kocao\u011flu<\/p>\n<p>Atakan \u00e7elik<\/p>\n<p>Ersin Korkut<\/p>\n<p>Menderes Samanc\u0131lar<\/p>\n<p>Onur Akbay<\/p>\n<p><img loading=\"lazy\" decoding=\"async\" class=\"alignnone wp-image-230484\" src=\"https:\/\/www.tgrthaber.com\/mavikadin\/wp-content\/uploads\/organize-isler-1-300x169.webp\" alt=\"\" width=\"1208\" height=\"680\" title=\"\" srcset=\"https:\/\/www.tgrthaber.com\/mavikadin\/wp-content\/uploads\/organize-isler-1-300x169.webp 300w, https:\/\/www.tgrthaber.com\/mavikadin\/wp-content\/uploads\/organize-isler-1-1024x576.webp 1024w, https:\/\/www.tgrthaber.com\/mavikadin\/wp-content\/uploads\/organize-isler-1-768x432.webp 768w, https:\/\/www.tgrthaber.com\/mavikadin\/wp-content\/uploads\/organize-isler-1.webp 1280w\" sizes=\"(max-width: 1208px) 100vw, 1208px\" \/><\/p>\n<hr \/>\n<p>Ekin T\u00fcrkmen<\/p>\n<p>\u015e\u00fckran Oval\u0131<\/p>\n<p>Y\u00f6netmen koltu\u011funda \u015eenol S\u00f6nmez&#8217;i g\u00f6rd\u00fc\u011f\u00fcm\u00fcz Y\u0131lmaz Erdo\u011fan&#8217;\u0131n yeni dizisi Organize \u0130\u015fler Karun Hazinesi dev oyuncu kadrosuyla \u015fimdiden ad\u0131ndan s\u00f6z ettiriyor. \u00c7ekimlerin ise Kas\u0131m ay\u0131n\u0131n son haftas\u0131nda tamamlanmas\u0131 bekleniyor. Peki kim hangi rolde dizide yer alacak? Gelin birlikte bakal\u0131m&#8230;<\/p>\n<p><img loading=\"lazy\" decoding=\"async\" class=\"alignnone wp-image-230485\" src=\"https:\/\/www.tgrthaber.com\/mavikadin\/wp-content\/uploads\/ARZU-2025-08-21T100129.493-1-300x169.webp\" alt=\"\" width=\"1208\" height=\"680\" title=\"\" srcset=\"https:\/\/www.tgrthaber.com\/mavikadin\/wp-content\/uploads\/ARZU-2025-08-21T100129.493-1-300x169.webp 300w, https:\/\/www.tgrthaber.com\/mavikadin\/wp-content\/uploads\/ARZU-2025-08-21T100129.493-1-1024x576.webp 1024w, https:\/\/www.tgrthaber.com\/mavikadin\/wp-content\/uploads\/ARZU-2025-08-21T100129.493-1-768x432.webp 768w, https:\/\/www.tgrthaber.com\/mavikadin\/wp-content\/uploads\/ARZU-2025-08-21T100129.493-1.webp 1208w\" sizes=\"(max-width: 1208px) 100vw, 1208px\" \/><\/p>\n<hr \/>\n<h3>ORGAN\u0130ZE \u0130\u015eLER KARUN HAZ\u0130NES\u0130 K\u0130M HANG\u0130 ROLDE?<\/h3>\n<p>Kadro olduk\u00e7a dikkat \u00e7ekmi\u015fken, dizide kimin hangi rolde olaca\u011f\u0131 da merak ediliyordu. Karakterler yava\u015f yava\u015f netle\u015firken, gelen kulis bilgileri \u015fu \u015fekilde;<\/p>\n<p><img loading=\"lazy\" decoding=\"async\" class=\"alignnone wp-image-230482\" src=\"https:\/\/www.tgrthaber.com\/mavikadin\/wp-content\/uploads\/2-iyv2-300x169.jpg\" alt=\"\" width=\"1208\" height=\"678\" title=\"\" srcset=\"https:\/\/www.tgrthaber.com\/mavikadin\/wp-content\/uploads\/2-iyv2-300x169.jpg 300w, https:\/\/www.tgrthaber.com\/mavikadin\/wp-content\/uploads\/2-iyv2-1024x575.jpg 1024w, https:\/\/www.tgrthaber.com\/mavikadin\/wp-content\/uploads\/2-iyv2-768x431.jpg 768w, https:\/\/www.tgrthaber.com\/mavikadin\/wp-content\/uploads\/2-iyv2.jpg 1200w\" sizes=\"(max-width: 1208px) 100vw, 1208px\" \/><\/p>\n<hr \/>\n<p>Menderes Samanc\u0131lar Meftun Baba rol\u00fcnde olacak. \u015e\u00fckran Oval\u0131&#8217;n\u0131n rol alaca\u011f\u0131 karakter ise Efsun, Onur Akbay Ferit rol\u00fcyle Netflix ekranlar\u0131nda yer alacak. Ersin Korkut yine izleyicisini g\u00fcld\u00fcrecek \u015eahbaz rol\u00fcyle, Organize \u0130\u015fler Harun Hazinesi kadrosunda yer alacak.<\/p>\n<p><img loading=\"lazy\" decoding=\"async\" class=\"alignnone wp-image-230479\" src=\"https:\/\/www.tgrthaber.com\/mavikadin\/wp-content\/uploads\/65cd05df588557b46-300x163.jpg\" alt=\"\" width=\"1208\" height=\"654\" title=\"\" srcset=\"https:\/\/www.tgrthaber.com\/mavikadin\/wp-content\/uploads\/65cd05df588557b46-300x163.jpg 300w, https:\/\/www.tgrthaber.com\/mavikadin\/wp-content\/uploads\/65cd05df588557b46-1024x555.jpg 1024w, https:\/\/www.tgrthaber.com\/mavikadin\/wp-content\/uploads\/65cd05df588557b46-768x416.jpg 768w, https:\/\/www.tgrthaber.com\/mavikadin\/wp-content\/uploads\/65cd05df588557b46-1536x832.jpg 1536w, https:\/\/www.tgrthaber.com\/mavikadin\/wp-content\/uploads\/65cd05df588557b46.jpg 1920w\" sizes=\"(max-width: 1208px) 100vw, 1208px\" \/><\/p>\n<hr \/>\n<h3>YILMAZ ERDO\u011eAN NETFLIX L\u0130STELER\u0130N\u0130 SARSMAYA GEL\u0130YOR<\/h3>\n<p>Organize \u0130\u015fler Karun Hazinesi 2025 sonbahar ay\u0131nda Netflix&#8217;in iddial\u0131 dizileri aras\u0131nda yer al\u0131yor. \u00c7ekimlerinin tamamlanmas\u0131n\u0131n ard\u0131ndan dizi, 2026 y\u0131l\u0131nda Netflix ekranlar\u0131nda izleyicisiyle bulu\u015fmay\u0131 planl\u0131yor. Daha \u015fimdiden Netflix listelerini salland\u0131raca\u011f\u0131 d\u00fc\u015f\u00fcn\u00fclen dizi i\u00e7in takip\u00e7iler de geri say\u0131ma ge\u00e7mi\u015f durumda.<\/p>\n","protected":false},"excerpt":{"rendered":"<p>Netflix&#8217;in en iddial\u0131 projelerinden olan Organize \u0130\u015fler Karun Hazinesi i\u00e7in resmen geri say\u0131ma ge\u00e7ildi. Y\u0131lmaz Erdo\u011fan&#8217;\u0131n yazd\u0131\u011f\u0131 ve oynad\u0131\u011f\u0131 Organize \u0130\u015fler filminin devam\u0131 olan diziye \u015fimdiden yo\u011fun ilgi bulunuyor. Netflix listelerini sarsmaya gelen Organize \u0130\u015fler Karun Hazinesi dizisinin tam oyuncu kadrosu da a\u00e7\u0131kland\u0131. \u0130\u015fte merak edenler i\u00e7in Organize \u0130\u015fler Karun Hazinesi dev oyuncu kadrosu ve t\u00fcm detaylar&#8230;<\/p>\n","protected":false},"author":35,"featured_media":230471,"comment_status":"closed","ping_status":"closed","sticky":false,"template":"","format":"standard","meta":{"rank_math_lock_modified_date":false,"footnotes":""},"categories":[602],"tags":[3602,10125,19365,60524,61405],"class_list":["post-230460","post","type-post","status-publish","format-standard","has-post-thumbnail","hentry","category-diziler","tag-diziler","tag-netflix-dizileri","tag-organize-isler","tag-organize-isler-karun-hazinesi","tag-yilmaz-erdogan-yeni-dizisi"],"_links":{"self":[{"href":"https:\/\/www.tgrthaber.com\/mavikadin\/wp-json\/wp\/v2\/posts\/230460"}],"collection":[{"href":"https:\/\/www.tgrthaber.com\/mavikadin\/wp-json\/wp\/v2\/posts"}],"about":[{"href":"https:\/\/www.tgrthaber.com\/mavikadin\/wp-json\/wp\/v2\/types\/post"}],"author":[{"embeddable":true,"href":"https:\/\/www.tgrthaber.com\/mavikadin\/wp-json\/wp\/v2\/users\/35"}],"replies":[{"embeddable":true,"href":"https:\/\/www.tgrthaber.com\/mavikadin\/wp-json\/wp\/v2\/comments?post=230460"}],"version-history":[{"count":1,"href":"https:\/\/www.tgrthaber.com\/mavikadin\/wp-json\/wp\/v2\/posts\/230460\/revisions"}],"predecessor-version":[{"id":230487,"href":"https:\/\/www.tgrthaber.com\/mavikadin\/wp-json\/wp\/v2\/posts\/230460\/revisions\/230487"}],"wp:featuredmedia":[{"embeddable":true,"href":"https:\/\/www.tgrthaber.com\/mavikadin\/wp-json\/wp\/v2\/media\/230471"}],"wp:attachment":[{"href":"https:\/\/www.tgrthaber.com\/mavikadin\/wp-json\/wp\/v2\/media?parent=230460"}],"wp:term":[{"taxonomy":"category","embeddable":true,"href":"https:\/\/www.tgrthaber.com\/mavikadin\/wp-json\/wp\/v2\/categories?post=230460"},{"taxonomy":"post_tag","embeddable":true,"href":"https:\/\/www.tgrthaber.com\/mavikadin\/wp-json\/wp\/v2\/tags?post=230460"}],"curies":[{"name":"wp","href":"https:\/\/api.w.org\/{rel}","templated":true}]}}