{"id":230488,"date":"2025-09-03T22:12:05","date_gmt":"2025-09-03T19:12:05","guid":{"rendered":"https:\/\/www.tgrthaber.com\/mavikadin\/?p=230488"},"modified":"2025-09-03T22:12:06","modified_gmt":"2025-09-03T19:12:06","slug":"esref-ruya-dizisinin-yeni-sezon-tanitimi-yayinlandi-esref-ruya-13-bolumu-ne-zaman-yayinlanacak","status":"publish","type":"post","link":"https:\/\/www.tgrthaber.com\/mavikadin\/esref-ruya-dizisinin-yeni-sezon-tanitimi-yayinlandi-esref-ruya-13-bolumu-ne-zaman-yayinlanacak\/","title":{"rendered":"E\u015fref R\u00fcya dizisinin yeni sezon tan\u0131t\u0131m\u0131 yay\u0131nland\u0131! E\u015fref R\u00fcya 13. B\u00f6l\u00fcm\u00fc ne zaman yay\u0131nlanacak?"},"content":{"rendered":"<p>TIMS&amp;B Productions\u2019un \u00fcstlendi\u011fi E\u015fref R\u00fcya dizisi yeni sezona bomba gibi geliyor. Zaman a\u015f\u0131m\u0131 ile ekranlara gelecek olan E\u015fref R\u00fcya dizisi 2 sezon tan\u0131t\u0131m\u0131 ile herkesi \u015fa\u015fk\u0131na \u00e7evirdi. E\u015fref\u2019in y\u0131llad\u0131r arad\u0131\u011f\u0131 R\u00fcya karakterinin foto\u011fraf\u0131 ortaya \u00e7\u0131kt\u0131. E\u015fref g\u00f6rd\u00fc\u011f\u00fc kar\u015f\u0131s\u0131nda \u015fok ya\u015farken, Nisan\u2019\u0131n onun kar\u015f\u0131s\u0131nda rahat bir \u015fekilde oturmas\u0131 ise dikkatlerden ka\u00e7mad\u0131. Merakla beklenen E\u015fref R\u00fcya dizisinin yeni b\u00f6l\u00fcmleri ne zaman yay\u0131nlanacak? E\u015fref R\u00fcya 13. B\u00f6l\u00fcm\u00fc ne zaman yay\u0131nlanacak? E\u015fref R\u00fcya dizisinin 13.b\u00f6l\u00fcm\u00fcnde neler olacak?<\/p>\n<h3>E\u015eREF R\u00dcYA D\u0130Z\u0130S\u0130 2. SEZON \u0130LK TANITIMI YAYINLANDI!<\/h3>\n<p>TIMS&amp;B Production yap\u0131m\u0131n \u00fcstlendi\u011fi E\u015fref R\u00fcya dizisi bomba yeni b\u00f6l\u00fcmlerle ekranlara geri d\u00f6n\u00fcyor. \u00c7a\u011fatay Ulusoy ve Demet \u00d6zdemir\u2019in rol ald\u0131\u011f\u0131 ve izleyenleri ekran ba\u015f\u0131na kilitledi\u011fi E\u015fref R\u00fcya dizisi 2. Sezon ilk teaser\u2019\u0131n\u0131 yay\u0131nlad\u0131. Dizinin yay\u0131nlanan tan\u0131t\u0131m\u0131nda seyirci \u015foke oldu.<\/p>\n<p><strong>\u0130\u015fte E\u015fref R\u00fcya 2. Sezon tan\u0131t\u0131m\u0131:<\/strong><\/p>\n<div style=\"width: 640px;\" class=\"wp-video\"><!--[if lt IE 9]><script>document.createElement('video');<\/script><![endif]-->\n<video class=\"wp-video-shortcode\" id=\"video-230488-1\" width=\"640\" height=\"360\" preload=\"metadata\" controls=\"controls\"><source type=\"video\/mp4\" src=\"https:\/\/www.tgrthaber.com\/mavikadin\/wp-content\/uploads\/ssstwitter.com_1756925845210.mp4?_=1\" \/><a href=\"https:\/\/www.tgrthaber.com\/mavikadin\/wp-content\/uploads\/ssstwitter.com_1756925845210.mp4\">https:\/\/www.tgrthaber.com\/mavikadin\/wp-content\/uploads\/ssstwitter.com_1756925845210.mp4<\/a><\/video><\/div>\n<hr \/>\n<h3>E\u015eREF R\u00dcYA 13. B\u00d6L\u00dcM\u00dcNDE NELER OLACAK?<\/h3>\n<p>Zaman atlamalar\u0131yla ekrana gelecek olan E\u015fref R\u00fcya\u2019n\u0131n yeni sezonunda E\u015fref hapishanedeyken d\u0131\u015far\u0131da haberi olmad\u0131\u011f\u0131 bir\u00e7ok olay geli\u015fecek. Y\u0131llard\u0131r \u00f6zlemini duydu\u011fu ve hasretini \u00e7ekti\u011fi R\u00fcya\u2019n\u0131n ortaya \u00e7\u0131kt\u0131\u011f\u0131n\u0131 \u00f6\u011frenecek.<\/p>\n<p><img loading=\"lazy\" decoding=\"async\" class=\"alignnone wp-image-230498 size-full\" src=\"https:\/\/www.tgrthaber.com\/mavikadin\/wp-content\/uploads\/Adsiz-tasarim-14-67.jpg\" alt=\"\" width=\"1208\" height=\"680\" title=\"\" srcset=\"https:\/\/www.tgrthaber.com\/mavikadin\/wp-content\/uploads\/Adsiz-tasarim-14-67.jpg 1208w, https:\/\/www.tgrthaber.com\/mavikadin\/wp-content\/uploads\/Adsiz-tasarim-14-67-300x169.jpg 300w, https:\/\/www.tgrthaber.com\/mavikadin\/wp-content\/uploads\/Adsiz-tasarim-14-67-1024x576.jpg 1024w, https:\/\/www.tgrthaber.com\/mavikadin\/wp-content\/uploads\/Adsiz-tasarim-14-67-768x432.jpg 768w\" sizes=\"(max-width: 1208px) 100vw, 1208px\" \/><\/p>\n<hr \/>\n<p>Nisan\u2019\u0131n E\u015fref\u2019i ziyarete giderek, hapishanenin g\u00f6r\u00fc\u015fme odas\u0131nda ona bir foto\u011fraf g\u00f6sterecek. E\u015fref g\u00f6rd\u00fc\u011f\u00fc foto\u011fraf kar\u015f\u0131s\u0131nda \u015fa\u015fk\u0131na d\u00f6necek. Nisan\u2019a \u201c Nereden buldun bu foto\u011fraf\u0131?\u201d diyecek.<\/p>\n<p><img loading=\"lazy\" decoding=\"async\" class=\"alignnone wp-image-230499 size-full\" src=\"https:\/\/www.tgrthaber.com\/mavikadin\/wp-content\/uploads\/Adsiz-tasarim-15-54.jpg\" alt=\"\" width=\"1208\" height=\"680\" title=\"\" srcset=\"https:\/\/www.tgrthaber.com\/mavikadin\/wp-content\/uploads\/Adsiz-tasarim-15-54.jpg 1208w, https:\/\/www.tgrthaber.com\/mavikadin\/wp-content\/uploads\/Adsiz-tasarim-15-54-300x169.jpg 300w, https:\/\/www.tgrthaber.com\/mavikadin\/wp-content\/uploads\/Adsiz-tasarim-15-54-1024x576.jpg 1024w, https:\/\/www.tgrthaber.com\/mavikadin\/wp-content\/uploads\/Adsiz-tasarim-15-54-768x432.jpg 768w\" sizes=\"(max-width: 1208px) 100vw, 1208px\" \/><\/p>\n<hr \/>\n<p>Nisan ise E\u015fref\u2019in kar\u015f\u0131s\u0131nda hi\u00e7bir cevap vermeyerek, oturmaya devam edecek.<\/p>\n<p><img loading=\"lazy\" decoding=\"async\" class=\"alignnone wp-image-230501 size-full\" src=\"https:\/\/www.tgrthaber.com\/mavikadin\/wp-content\/uploads\/Adsiz-tasarim-17-59.jpg\" alt=\"\" width=\"1208\" height=\"680\" title=\"\" srcset=\"https:\/\/www.tgrthaber.com\/mavikadin\/wp-content\/uploads\/Adsiz-tasarim-17-59.jpg 1208w, https:\/\/www.tgrthaber.com\/mavikadin\/wp-content\/uploads\/Adsiz-tasarim-17-59-300x169.jpg 300w, https:\/\/www.tgrthaber.com\/mavikadin\/wp-content\/uploads\/Adsiz-tasarim-17-59-1024x576.jpg 1024w, https:\/\/www.tgrthaber.com\/mavikadin\/wp-content\/uploads\/Adsiz-tasarim-17-59-768x432.jpg 768w\" sizes=\"(max-width: 1208px) 100vw, 1208px\" \/><\/p>\n<hr \/>\n<p>E\u015fref\u2019in R\u00fcya\u2019s\u0131 Nisan m\u0131? Nisan E\u015fref\u2019e R\u00fcya\u2019n\u0131n kendisi oldu\u011funu mu dile getirecek? E\u015fref ve Nisan aras\u0131nda neler olacak? E\u015fref hapishanedeyken Yetimlerin ba\u015f\u0131na neler gelecek?<\/p>\n<p><img loading=\"lazy\" decoding=\"async\" class=\"alignnone wp-image-230502 size-full\" src=\"https:\/\/www.tgrthaber.com\/mavikadin\/wp-content\/uploads\/Adsiz-tasarim-16-54.jpg\" alt=\"\" width=\"1208\" height=\"680\" title=\"\" srcset=\"https:\/\/www.tgrthaber.com\/mavikadin\/wp-content\/uploads\/Adsiz-tasarim-16-54.jpg 1208w, https:\/\/www.tgrthaber.com\/mavikadin\/wp-content\/uploads\/Adsiz-tasarim-16-54-300x169.jpg 300w, https:\/\/www.tgrthaber.com\/mavikadin\/wp-content\/uploads\/Adsiz-tasarim-16-54-1024x576.jpg 1024w, https:\/\/www.tgrthaber.com\/mavikadin\/wp-content\/uploads\/Adsiz-tasarim-16-54-768x432.jpg 768w\" sizes=\"(max-width: 1208px) 100vw, 1208px\" \/><\/p>\n<hr \/>\n<h3>E\u015eREF R\u00dcYA 13. B\u00d6L\u00dcM NE ZAMAN YAYINLANACAK?<\/h3>\n<p>KANAL D ekranlar\u0131n\u0131n fenomen dizisi E\u015fref R\u00fcya dizisi yeni sezon i\u00e7in geri say\u0131ma ba\u015flad\u0131. Eyl\u00fcl ay\u0131n\u0131n ortalar\u0131nda ya da sonlar\u0131na do\u011fru yay\u0131nlanmas\u0131 d\u00fc\u015f\u00fcn\u00fclen E\u015fref R\u00fcya 2 sezon tan\u0131t\u0131m\u0131yla izleyicisini sab\u0131rs\u0131zland\u0131rmay\u0131 ba\u015fard\u0131.<\/p>\n<p><img loading=\"lazy\" decoding=\"async\" class=\"alignnone wp-image-230503 size-full\" src=\"https:\/\/www.tgrthaber.com\/mavikadin\/wp-content\/uploads\/Adsiz-tasarim-18-69.jpg\" alt=\"\" width=\"1208\" height=\"680\" title=\"\" srcset=\"https:\/\/www.tgrthaber.com\/mavikadin\/wp-content\/uploads\/Adsiz-tasarim-18-69.jpg 1208w, https:\/\/www.tgrthaber.com\/mavikadin\/wp-content\/uploads\/Adsiz-tasarim-18-69-300x169.jpg 300w, https:\/\/www.tgrthaber.com\/mavikadin\/wp-content\/uploads\/Adsiz-tasarim-18-69-1024x576.jpg 1024w, https:\/\/www.tgrthaber.com\/mavikadin\/wp-content\/uploads\/Adsiz-tasarim-18-69-768x432.jpg 768w\" sizes=\"(max-width: 1208px) 100vw, 1208px\" \/><\/p>\n<hr \/>\n<p>Pazartesi ak\u015famlar\u0131n\u0131n vazge\u00e7ilmez dizisi E\u015fref R\u00fcya yine ayn\u0131 g\u00fcn ve saatinde yay\u0131n hayat\u0131na ba\u015flayacak. Dizinin ba\u015flayaca\u011f\u0131 tarih ise ilerleyen g\u00fcnlerde a\u00e7\u0131klanacak.<\/p>\n","protected":false},"excerpt":{"rendered":"<p>Kanal D\u2019nin fenomen yap\u0131m\u0131 E\u015fref R\u00fcya dizisi 2 sezon tan\u0131t\u0131m\u0131n\u0131 yay\u0131nlad\u0131. \u00c7a\u011fatay Ulusoy ve Demet \u00d6zdemir\u2019in ba\u015frollerinde yer ald\u0131\u011f\u0131 E\u015fref R\u00fcya dizisi 2 sezon b\u00f6l\u00fcmleriyle bomba gibi geliyor. E\u015fref R\u00fcya dizisinin yeni tan\u0131t\u0131m\u0131 izleyenlerde \u015fok etkisi olu\u015fturdu. Peki, E\u015fref R\u00fcya 2 sezon ne zaman yay\u0131nlanacak? E\u015fref R\u00fcya 13.b\u00f6l\u00fcmde neler olacak? <\/p>\n","protected":false},"author":10,"featured_media":230504,"comment_status":"closed","ping_status":"closed","sticky":false,"template":"","format":"standard","meta":{"rank_math_lock_modified_date":false,"footnotes":""},"categories":[602],"tags":[32159,2628,10390,61410,61409,61411,4756],"class_list":["post-230488","post","type-post","status-publish","format-standard","has-post-thumbnail","hentry","category-diziler","tag-dizi","tag-dizi-haberleri","tag-dizi-magazin","tag-esref-ruya-13-bolum-ne-zaman-yayinlanacak","tag-esref-ruya-2-sezon-ilk-teaser","tag-esref-ruya-2-sezon-13-bolum","tag-esref-ruya-dizisi"],"_links":{"self":[{"href":"https:\/\/www.tgrthaber.com\/mavikadin\/wp-json\/wp\/v2\/posts\/230488"}],"collection":[{"href":"https:\/\/www.tgrthaber.com\/mavikadin\/wp-json\/wp\/v2\/posts"}],"about":[{"href":"https:\/\/www.tgrthaber.com\/mavikadin\/wp-json\/wp\/v2\/types\/post"}],"author":[{"embeddable":true,"href":"https:\/\/www.tgrthaber.com\/mavikadin\/wp-json\/wp\/v2\/users\/10"}],"replies":[{"embeddable":true,"href":"https:\/\/www.tgrthaber.com\/mavikadin\/wp-json\/wp\/v2\/comments?post=230488"}],"version-history":[{"count":1,"href":"https:\/\/www.tgrthaber.com\/mavikadin\/wp-json\/wp\/v2\/posts\/230488\/revisions"}],"predecessor-version":[{"id":230505,"href":"https:\/\/www.tgrthaber.com\/mavikadin\/wp-json\/wp\/v2\/posts\/230488\/revisions\/230505"}],"wp:featuredmedia":[{"embeddable":true,"href":"https:\/\/www.tgrthaber.com\/mavikadin\/wp-json\/wp\/v2\/media\/230504"}],"wp:attachment":[{"href":"https:\/\/www.tgrthaber.com\/mavikadin\/wp-json\/wp\/v2\/media?parent=230488"}],"wp:term":[{"taxonomy":"category","embeddable":true,"href":"https:\/\/www.tgrthaber.com\/mavikadin\/wp-json\/wp\/v2\/categories?post=230488"},{"taxonomy":"post_tag","embeddable":true,"href":"https:\/\/www.tgrthaber.com\/mavikadin\/wp-json\/wp\/v2\/tags?post=230488"}],"curies":[{"name":"wp","href":"https:\/\/api.w.org\/{rel}","templated":true}]}}