{"id":230553,"date":"2025-09-04T10:14:19","date_gmt":"2025-09-04T07:14:19","guid":{"rendered":"https:\/\/www.tgrthaber.com\/mavikadin\/?p=230553"},"modified":"2025-09-16T17:48:28","modified_gmt":"2025-09-16T14:48:28","slug":"galatasarayli-mauro-icardi-istanbuldaki-evini-paylasti-manzara-nefes-kesti","status":"publish","type":"post","link":"https:\/\/www.tgrthaber.com\/mavikadin\/galatasarayli-mauro-icardi-istanbuldaki-evini-paylasti-manzara-nefes-kesti\/","title":{"rendered":"Galatasarayl\u0131 Mauro \u0130card\u0131 \u0130stanbul\u2019daki evini payla\u015ft\u0131! Manzara nefes kesti"},"content":{"rendered":"<p>Galatasaray\u2019\u0131n y\u0131ld\u0131z\u0131, Arjantinli forvet Mauro Icardi; futbol kariyerinin yan\u0131 s\u0131ra a\u015fk hayat\u0131yla da s\u0131k s\u0131k g\u00fcndeme geliyor. \u00dcnl\u00fc futbolcu, ge\u00e7ti\u011fimiz mart ay\u0131nda eski e\u015fi Wanda Nara ile olayl\u0131 bir ayr\u0131l\u0131k ya\u015fam\u0131\u015ft\u0131. Wanda Nara ile \u00e7alkant\u0131l\u0131 ayr\u0131l\u0131k s\u00fcrecinde yapt\u0131\u011f\u0131 payla\u015f\u0131mlar sosyal medyada b\u00fcy\u00fck yank\u0131 uyand\u0131rm\u0131\u015ft\u0131. 33 ya\u015f\u0131ndaki Arjantinli oyuncu, \u015fu s\u0131ralar China Suarez ile a\u015fk ya\u015f\u0131yor. Icardi, bu kez ise evinden payla\u015ft\u0131\u011f\u0131 foto\u011fraflarla g\u00fcndeme geldi.<\/p>\n<h3>GALATASARAYLI MAURO ICARD\u0130\u2019N\u0130N EV\u0130 NEFES KEST\u0130<\/h3>\n<p>Bo\u011faz manzaral\u0131 milyonluk l\u00fcks villas\u0131n\u0131n hem i\u00e7inde hem de d\u0131\u015f\u0131nda \u00e7ekti\u011fi foto\u011fraflar\u0131 sosyal medyada payla\u015fan Arjantinli forvet Mauro Icardi, adeta \u201cBu evde mutluyum\u201d mesaj\u0131 verdi.<\/p>\n<p><img loading=\"lazy\" decoding=\"async\" class=\"alignnone size-full wp-image-230575\" src=\"https:\/\/www.tgrthaber.com\/mavikadin\/wp-content\/uploads\/Adsiz-tasarim-32-16.png\" alt=\"\" width=\"1208\" height=\"680\" title=\"\" srcset=\"https:\/\/www.tgrthaber.com\/mavikadin\/wp-content\/uploads\/Adsiz-tasarim-32-16.png 1208w, https:\/\/www.tgrthaber.com\/mavikadin\/wp-content\/uploads\/Adsiz-tasarim-32-16-300x169.png 300w, https:\/\/www.tgrthaber.com\/mavikadin\/wp-content\/uploads\/Adsiz-tasarim-32-16-1024x576.png 1024w, https:\/\/www.tgrthaber.com\/mavikadin\/wp-content\/uploads\/Adsiz-tasarim-32-16-768x432.png 768w\" sizes=\"(max-width: 1208px) 100vw, 1208px\" \/><\/p>\n<hr \/>\n<p>Sosyal medya hesab\u0131ndan Bo\u011fazi\u00e7i manzaral\u0131 balkonunda hayran b\u0131rakacak g\u00fcn bat\u0131m\u0131n\u0131n foto\u011fraf payla\u015fan <a href=\"https:\/\/www.tgrthaber.com\/mavikadin\/mauro-icardi-harekete-geciyor-wanda-naraya-hapis-cezasi\/\">Mauro Icardi<\/a>, alt\u0131na \u201cT\u00fcrkiye\u2019deki g\u00fcnbat\u0131mlar\u0131\u201d notunu d\u00fc\u015ferek payla\u015ft\u0131.<\/p>\n<p><img loading=\"lazy\" decoding=\"async\" class=\"alignnone size-full wp-image-230578\" src=\"https:\/\/www.tgrthaber.com\/mavikadin\/wp-content\/uploads\/Adsiz-tasarim-28-18.png\" alt=\"\" width=\"1208\" height=\"680\" title=\"\" srcset=\"https:\/\/www.tgrthaber.com\/mavikadin\/wp-content\/uploads\/Adsiz-tasarim-28-18.png 1208w, https:\/\/www.tgrthaber.com\/mavikadin\/wp-content\/uploads\/Adsiz-tasarim-28-18-300x169.png 300w, https:\/\/www.tgrthaber.com\/mavikadin\/wp-content\/uploads\/Adsiz-tasarim-28-18-1024x576.png 1024w, https:\/\/www.tgrthaber.com\/mavikadin\/wp-content\/uploads\/Adsiz-tasarim-28-18-768x432.png 768w\" sizes=\"(max-width: 1208px) 100vw, 1208px\" \/><\/p>\n<hr \/>\n<p>\u00dcnl\u00fc futbolcu ile sevgilisi <a href=\"https:\/\/www.tgrthaber.com\/mavikadin\/icardinin-sevgilisi-china-suarez-istanbulda-ortaligi-salladi-turkce-konusmaya-hazirlaniyor\/\">China Suarez<\/a>\u2019in a\u015fk yuvas\u0131n\u0131 g\u00f6renler hayran kald\u0131. \u00dcnl\u00fc futbolcunun Sosyal medya hesab\u0131ndan bu payla\u015f\u0131mlar\u0131 ilgili kullan\u0131c\u0131lar, \u201c\u00c7ok g\u00fczel ev, villan\u0131n her detay\u0131 harika\u201d diyerek yorumlar yapt\u0131.<\/p>\n<p><img loading=\"lazy\" decoding=\"async\" class=\"alignnone size-full wp-image-230576\" src=\"https:\/\/www.tgrthaber.com\/mavikadin\/wp-content\/uploads\/Adsiz-tasarim-27-17.png\" alt=\"\" width=\"1208\" height=\"680\" title=\"\" srcset=\"https:\/\/www.tgrthaber.com\/mavikadin\/wp-content\/uploads\/Adsiz-tasarim-27-17.png 1208w, https:\/\/www.tgrthaber.com\/mavikadin\/wp-content\/uploads\/Adsiz-tasarim-27-17-300x169.png 300w, https:\/\/www.tgrthaber.com\/mavikadin\/wp-content\/uploads\/Adsiz-tasarim-27-17-1024x576.png 1024w, https:\/\/www.tgrthaber.com\/mavikadin\/wp-content\/uploads\/Adsiz-tasarim-27-17-768x432.png 768w\" sizes=\"(max-width: 1208px) 100vw, 1208px\" \/><\/p>\n<hr \/>\n<h3>KEREM AKT\u00dcRKO\u011eLU\u2019NUN V\u0130LLASI KONU\u015eULURKEN, ICARD\u0130\u2019DEN EV PAYLA\u015eIMI!<\/h3>\n<p>Ge\u00e7ti\u011fimiz g\u00fcnlerde Fenerbah\u00e7e\u2019ye transfer olan <a href=\"https:\/\/www.tgrthaber.com\/mavikadin\/giray-altinoktan-fenerbahceye-transfer-ola-kerem-akturkogluna-buyuk-gonderme\/\">Kerem Akt\u00fcrko\u011flu<\/a>, \u0130stanbul\u2019a geldi\u011fi ilk anda yapt\u0131\u011f\u0131 \u201cT\u00fcrkiye\u2019nin en b\u00fcy\u00fck ve \u015ferefli tak\u0131m\u0131na geldim\u201d a\u00e7\u0131klamas\u0131yla g\u00fcndeme bomba gibi d\u00fc\u015fm\u00fc\u015f, hem sosyal medya kullan\u0131c\u0131lar\u0131 hem de spor yorumcular\u0131 aras\u0131nda b\u00fcy\u00fck tart\u0131\u015fma yaratm\u0131\u015ft\u0131.<\/p>\n<p><img loading=\"lazy\" decoding=\"async\" class=\"alignnone size-full wp-image-230577\" src=\"https:\/\/www.tgrthaber.com\/mavikadin\/wp-content\/uploads\/Adsiz-tasarim-29-21.png\" alt=\"\" width=\"1208\" height=\"680\" title=\"\" srcset=\"https:\/\/www.tgrthaber.com\/mavikadin\/wp-content\/uploads\/Adsiz-tasarim-29-21.png 1208w, https:\/\/www.tgrthaber.com\/mavikadin\/wp-content\/uploads\/Adsiz-tasarim-29-21-300x169.png 300w, https:\/\/www.tgrthaber.com\/mavikadin\/wp-content\/uploads\/Adsiz-tasarim-29-21-1024x576.png 1024w, https:\/\/www.tgrthaber.com\/mavikadin\/wp-content\/uploads\/Adsiz-tasarim-29-21-768x432.png 768w\" sizes=\"(max-width: 1208px) 100vw, 1208px\" \/><\/p>\n<hr \/>\n<p>Eski tak\u0131m\u0131 Galatasaray cephesinden ilk tepki ise Arjantinli forvet Mauro Icardi\u2019den geldi. Icardi, sosyal medya hesab\u0131ndan Metin Oktay\u2019\u0131n \u201cSizi buraya getiren yetene\u011finiz, burada tutacak olan ise karakterinizdir\u201d s\u00f6zlerini payla\u015farak dikkat \u00e7ekmi\u015f, adeta tepkisini ortaya koymu\u015ftu.<\/p>\n<p><img loading=\"lazy\" decoding=\"async\" class=\"alignnone size-full wp-image-230579\" src=\"https:\/\/www.tgrthaber.com\/mavikadin\/wp-content\/uploads\/Adsiz-tasarim-31-17.png\" alt=\"\" width=\"1208\" height=\"680\" title=\"\" srcset=\"https:\/\/www.tgrthaber.com\/mavikadin\/wp-content\/uploads\/Adsiz-tasarim-31-17.png 1208w, https:\/\/www.tgrthaber.com\/mavikadin\/wp-content\/uploads\/Adsiz-tasarim-31-17-300x169.png 300w, https:\/\/www.tgrthaber.com\/mavikadin\/wp-content\/uploads\/Adsiz-tasarim-31-17-1024x576.png 1024w, https:\/\/www.tgrthaber.com\/mavikadin\/wp-content\/uploads\/Adsiz-tasarim-31-17-768x432.png 768w\" sizes=\"(max-width: 1208px) 100vw, 1208px\" \/><\/p>\n<hr \/>\n<p>Tart\u0131\u015fmalar\u0131n h\u0131z kesmeden devam etti\u011fi bu ortamda, Kerem\u2019e ait oldu\u011fu iddia edilen \u0130stanbul\u2019daki l\u00fcks villa payla\u015f\u0131m\u0131 sonras\u0131 Icardi\u2019nin ev payla\u015f\u0131m\u0131 ise gerilimi iyice artt\u0131rarak sosyal medyaya ta\u015f\u0131d\u0131.<\/p>\n<h3>KEREM AKT\u00dcRKO\u011eLU&#8217;NUN FENERBAH\u00c7E&#8217;YE TRANSFER OLDU<\/h3>\n<p>T\u00fcrk milli futbolcumuz Muhammed Kerem Akt\u00fcrko\u011flu\u2019nun Fenerbah\u00e7e\u2019ye transferi, son zamanlar\u0131n en dikkat \u00e7ekici geli\u015fmelerinden biri oldu. Sol kanatta g\u00f6rev yapan Kerem Akt\u00fcrko\u011flu, 1 y\u0131ll\u0131k Benfica maceras\u0131n\u0131n ard\u0131ndan T\u00fcrkiye\u2019ye d\u00f6nerek Fenerbah\u00e7e formas\u0131 giymeye ba\u015flad\u0131. Transfer i\u00e7in Fenerbah\u00e7e yakla\u015f\u0131k 25 milyon Euro bonservis bedeli \u00f6dedi ve Kerem ile 4 y\u0131ll\u0131k s\u00f6zle\u015fme imzalad\u0131. Bu transfer, kul\u00fcp tarihinin en pahal\u0131 anla\u015fmalar\u0131ndan biri olarak kay\u0131tlara ge\u00e7ti.<\/p>\n<p><img loading=\"lazy\" decoding=\"async\" class=\"alignnone size-full wp-image-230580\" src=\"https:\/\/www.tgrthaber.com\/mavikadin\/wp-content\/uploads\/Adsiz-tasarim-30-22.png\" alt=\"\" width=\"1208\" height=\"680\" title=\"\" srcset=\"https:\/\/www.tgrthaber.com\/mavikadin\/wp-content\/uploads\/Adsiz-tasarim-30-22.png 1208w, https:\/\/www.tgrthaber.com\/mavikadin\/wp-content\/uploads\/Adsiz-tasarim-30-22-300x169.png 300w, https:\/\/www.tgrthaber.com\/mavikadin\/wp-content\/uploads\/Adsiz-tasarim-30-22-1024x576.png 1024w, https:\/\/www.tgrthaber.com\/mavikadin\/wp-content\/uploads\/Adsiz-tasarim-30-22-768x432.png 768w\" sizes=\"(max-width: 1208px) 100vw, 1208px\" \/><\/p>\n<p>Fenerbah\u00e7e\u2019ye d\u00f6n\u00fc\u015f\u00fc futbolseverler aras\u0131nda b\u00fcy\u00fck heyecan yarat\u0131rken, ayn\u0131 zamanda taraftar\u0131 da ikiye b\u00f6ld\u00fc. Galatasaray\u2019\u0131n eski y\u0131ld\u0131z\u0131 Kerem\u2019in transferi a\u00e7\u0131kland\u0131ktan sonra, Arjantinli forvet Mauro Icardi\u2019den dikkat \u00e7eken bir payla\u015f\u0131m geldi. Icardi, Kerem\u2019in 5 y\u0131ld\u0131zl\u0131 Fenerbah\u00e7e formas\u0131yla \u00e7ekilen foto\u011fraf\u0131n\u0131 al\u0131nt\u0131layarak \u201cHen\u00fcz 4 y\u0131ld\u0131zlar\u0131 yok ama 5 y\u0131ld\u0131z ile \u00f6v\u00fcn\u00fcyorlar\u201d ifadelerini kulland\u0131. Payla\u015f\u0131m\u0131n\u0131 ise \u201cBiz ise Tek ve E\u015fsiz\u2019iz\u201d s\u00f6zleri ve sar\u0131-k\u0131rm\u0131z\u0131 kalp emojileriyle noktalad\u0131. Kerem\u2019in Galatasaray\u2019da forma giydi\u011fi d\u00f6nemde Mauro Icardi ile yak\u0131n bir dostlu\u011fu oldu\u011fu biliniyordu. Ancak Arjantinli futbolcunun bu payla\u015f\u0131m\u0131, sosyal medyada k\u0131sa s\u00fcrede g\u00fcndem oldu. Bu tart\u0131\u015fmalar devam ederken, Kerem Akt\u00fcrko\u011flu\u2019na ait oldu\u011fu iddia edilen \u0130stanbul\u2019daki l\u00fcks villa payla\u015f\u0131m\u0131 da sosyal medyaya damgas\u0131n\u0131 vurdu.<\/p>\n","protected":false},"excerpt":{"rendered":"<p>S\u00fcper Lig ekibi Galatasaray\u2019\u0131n y\u0131ld\u0131z\u0131, Arjantinli forvet Mauro Icardi; 33 ya\u015f\u0131ndaki ni\u015fanl\u0131s\u0131 China Suarez ile a\u015fk ya\u015fayan \u00fcnl\u00fc futbolcu, \u0130stanbul\u2019daki evinden foto\u011fraflar payla\u015ft\u0131.<\/p>\n","protected":false},"author":37,"featured_media":230574,"comment_status":"closed","ping_status":"closed","sticky":false,"template":"","format":"standard","meta":{"rank_math_lock_modified_date":false,"footnotes":""},"categories":[76],"tags":[7542,7568,985,5916,133,2241],"class_list":["post-230553","post","type-post","status-publish","format-standard","has-post-thumbnail","hentry","category-magazin","tag-china-suarez","tag-fenerbahce","tag-galatasaray","tag-kerem-akturkoglu","tag-magazin","tag-mauro-icardi"],"_links":{"self":[{"href":"https:\/\/www.tgrthaber.com\/mavikadin\/wp-json\/wp\/v2\/posts\/230553"}],"collection":[{"href":"https:\/\/www.tgrthaber.com\/mavikadin\/wp-json\/wp\/v2\/posts"}],"about":[{"href":"https:\/\/www.tgrthaber.com\/mavikadin\/wp-json\/wp\/v2\/types\/post"}],"author":[{"embeddable":true,"href":"https:\/\/www.tgrthaber.com\/mavikadin\/wp-json\/wp\/v2\/users\/37"}],"replies":[{"embeddable":true,"href":"https:\/\/www.tgrthaber.com\/mavikadin\/wp-json\/wp\/v2\/comments?post=230553"}],"version-history":[{"count":2,"href":"https:\/\/www.tgrthaber.com\/mavikadin\/wp-json\/wp\/v2\/posts\/230553\/revisions"}],"predecessor-version":[{"id":230599,"href":"https:\/\/www.tgrthaber.com\/mavikadin\/wp-json\/wp\/v2\/posts\/230553\/revisions\/230599"}],"wp:featuredmedia":[{"embeddable":true,"href":"https:\/\/www.tgrthaber.com\/mavikadin\/wp-json\/wp\/v2\/media\/230574"}],"wp:attachment":[{"href":"https:\/\/www.tgrthaber.com\/mavikadin\/wp-json\/wp\/v2\/media?parent=230553"}],"wp:term":[{"taxonomy":"category","embeddable":true,"href":"https:\/\/www.tgrthaber.com\/mavikadin\/wp-json\/wp\/v2\/categories?post=230553"},{"taxonomy":"post_tag","embeddable":true,"href":"https:\/\/www.tgrthaber.com\/mavikadin\/wp-json\/wp\/v2\/tags?post=230553"}],"curies":[{"name":"wp","href":"https:\/\/api.w.org\/{rel}","templated":true}]}}