{"id":230572,"date":"2025-09-04T10:10:03","date_gmt":"2025-09-04T07:10:03","guid":{"rendered":"https:\/\/www.tgrthaber.com\/mavikadin\/?p=230572"},"modified":"2025-09-04T10:10:03","modified_gmt":"2025-09-04T07:10:03","slug":"kurulus-orhanin-halime-hatunu-betul-aktel-kac-yasinda-betul-aktel-aslen-nereli","status":"publish","type":"post","link":"https:\/\/www.tgrthaber.com\/mavikadin\/kurulus-orhanin-halime-hatunu-betul-aktel-kac-yasinda-betul-aktel-aslen-nereli\/","title":{"rendered":"Kurulu\u015f Orhan&#8217;\u0131n Halime Hatun&#8217;u Bet\u00fcl Aktel ka\u00e7 ya\u015f\u0131nda? Bet\u00fcl Aktel aslen nereli?"},"content":{"rendered":"<p>Kurulu\u015f Orhan dizisi, Kurulu\u015f Osman\u2019\u0131n devam\u0131 olarak ATV ekranlar\u0131na gelmeye haz\u0131rlan\u0131yor. Osmanl\u0131 Devleti\u2019nde Orhan Bey d\u00f6neminin anlat\u0131laca\u011f\u0131 dizinin oyuncu kadrosu \u015fekillenmeye ba\u015flad\u0131. Sultan Orhan\u2019\u0131 Mert Yaz\u0131c\u0131o\u011flu\u2019nun oynayaca\u011f\u0131 dizide Halime Hatun karakteri ise Bet\u00fcl Aktel\u2019in oldu. Kurulu\u015f Orhan&#8217;\u0131n Halime Hatun&#8217;u Bet\u00fcl Aktel ka\u00e7 ya\u015f\u0131nda? Bet\u00fcl Aktel aslen nereli?<\/p>\n<h3>KURULU\u015e ORHAN\u2019IN HAL\u0130ME HATUN\u2019U BET\u00dcL AKTEL KA\u00c7 YA\u015eINDA?<\/h3>\n<p>Kurulu\u015f Orhan dizisinde Halime Hatun karakterini oynayan Bet\u00fcl Aktel\u2019in ya\u015f\u0131, ka\u00e7 ya\u015f\u0131nda oldu\u011fu merak edildi.<\/p>\n<p><img loading=\"lazy\" decoding=\"async\" class=\"size-full wp-image-230583 aligncenter\" src=\"https:\/\/www.tgrthaber.com\/mavikadin\/wp-content\/uploads\/kurulus-orhan-in-halime-hatun-u-betul-aktel-kac-yasinda-betul-aktel-aslen-nereli-7.jpg\" alt=\"\" width=\"1208\" height=\"680\" title=\"\" srcset=\"https:\/\/www.tgrthaber.com\/mavikadin\/wp-content\/uploads\/kurulus-orhan-in-halime-hatun-u-betul-aktel-kac-yasinda-betul-aktel-aslen-nereli-7.jpg 1208w, https:\/\/www.tgrthaber.com\/mavikadin\/wp-content\/uploads\/kurulus-orhan-in-halime-hatun-u-betul-aktel-kac-yasinda-betul-aktel-aslen-nereli-7-300x169.jpg 300w, https:\/\/www.tgrthaber.com\/mavikadin\/wp-content\/uploads\/kurulus-orhan-in-halime-hatun-u-betul-aktel-kac-yasinda-betul-aktel-aslen-nereli-7-1024x576.jpg 1024w, https:\/\/www.tgrthaber.com\/mavikadin\/wp-content\/uploads\/kurulus-orhan-in-halime-hatun-u-betul-aktel-kac-yasinda-betul-aktel-aslen-nereli-7-768x432.jpg 768w\" sizes=\"(max-width: 1208px) 100vw, 1208px\" \/><\/p>\n<hr \/>\n<p>Bet\u00fcl Aktel 1998 do\u011fumludur. 2025 y\u0131l\u0131 itibariyle 27 ya\u015f\u0131ndad\u0131r.<\/p>\n<p>Bet\u00fcl Aktel daha \u00f6nce Safir ve Yal\u0131 \u00c7apk\u0131n\u0131 dizilerinde rol alm\u0131\u015ft\u0131. Yal\u0131 \u00c7apk\u0131\u2019n\u0131nda Nevra karakteri ile izleyici kar\u015f\u0131s\u0131na \u00e7\u0131km\u0131\u015ft\u0131.<\/p>\n<p><img loading=\"lazy\" decoding=\"async\" class=\"size-full wp-image-230584 aligncenter\" src=\"https:\/\/www.tgrthaber.com\/mavikadin\/wp-content\/uploads\/kurulus-orhan-in-halime-hatun-u-betul-aktel-kac-yasinda-betul-aktel-aslen-nereli-5.jpg\" alt=\"\" width=\"1208\" height=\"680\" title=\"\" srcset=\"https:\/\/www.tgrthaber.com\/mavikadin\/wp-content\/uploads\/kurulus-orhan-in-halime-hatun-u-betul-aktel-kac-yasinda-betul-aktel-aslen-nereli-5.jpg 1208w, https:\/\/www.tgrthaber.com\/mavikadin\/wp-content\/uploads\/kurulus-orhan-in-halime-hatun-u-betul-aktel-kac-yasinda-betul-aktel-aslen-nereli-5-300x169.jpg 300w, https:\/\/www.tgrthaber.com\/mavikadin\/wp-content\/uploads\/kurulus-orhan-in-halime-hatun-u-betul-aktel-kac-yasinda-betul-aktel-aslen-nereli-5-1024x576.jpg 1024w, https:\/\/www.tgrthaber.com\/mavikadin\/wp-content\/uploads\/kurulus-orhan-in-halime-hatun-u-betul-aktel-kac-yasinda-betul-aktel-aslen-nereli-5-768x432.jpg 768w\" sizes=\"(max-width: 1208px) 100vw, 1208px\" \/><\/p>\n<hr \/>\n<h3>BET\u00dcL AKTEL ASLEN NEREL\u0130?<\/h3>\n<p>Dizi izleyicileri taraf\u0131ndan merak edilen bir di\u011fer konu da Bet\u00fcl Aktel\u2019in nereli oldu\u011fu oldu.<\/p>\n<p>Bet\u00fcl Aktel \u0130stanbulludur. \u0130stanbul\u2019da do\u011fmu\u015f burada yeti\u015fmi\u015f ve hayat\u0131n\u0131 \u0130stanbul\u2019da s\u00fcrd\u00fcrmektedir.<\/p>\n<p><img loading=\"lazy\" decoding=\"async\" class=\"size-full wp-image-230585 aligncenter\" src=\"https:\/\/www.tgrthaber.com\/mavikadin\/wp-content\/uploads\/kurulus-orhan-in-halime-hatun-u-betul-aktel-kac-yasinda-betul-aktel-aslen-nereli-2.jpg\" alt=\"\" width=\"1208\" height=\"680\" title=\"\" srcset=\"https:\/\/www.tgrthaber.com\/mavikadin\/wp-content\/uploads\/kurulus-orhan-in-halime-hatun-u-betul-aktel-kac-yasinda-betul-aktel-aslen-nereli-2.jpg 1208w, https:\/\/www.tgrthaber.com\/mavikadin\/wp-content\/uploads\/kurulus-orhan-in-halime-hatun-u-betul-aktel-kac-yasinda-betul-aktel-aslen-nereli-2-300x169.jpg 300w, https:\/\/www.tgrthaber.com\/mavikadin\/wp-content\/uploads\/kurulus-orhan-in-halime-hatun-u-betul-aktel-kac-yasinda-betul-aktel-aslen-nereli-2-1024x576.jpg 1024w, https:\/\/www.tgrthaber.com\/mavikadin\/wp-content\/uploads\/kurulus-orhan-in-halime-hatun-u-betul-aktel-kac-yasinda-betul-aktel-aslen-nereli-2-768x432.jpg 768w\" sizes=\"(max-width: 1208px) 100vw, 1208px\" \/><\/p>\n<hr \/>\n<h3>KURULU\u015e ORHAN OYUNCULARI K\u0130M?<\/h3>\n<p>Kurulu\u015f Orhan dizisinin oyuncu kadrosu \u015fekillenmeye devam ediyor. Oyuncular binicilik ve k\u0131l\u0131\u00e7 dersleri alarak yeni sezona haz\u0131rlan\u0131yor. Kurulu\u015f Orhan\u2019\u0131n belirlenen oyuncu kadrosu ve oynad\u0131klar\u0131 karakterler \u015f\u00f6yle:<\/p>\n<p>Mert Yaz\u0131c\u0131o\u011flu \u201cOrhan Bey\u201d<\/p>\n<p>Masassine Merabet \u201cNil\u00fcfer Hatun\u201d<\/p>\n<p><img loading=\"lazy\" decoding=\"async\" class=\"size-full wp-image-230586 aligncenter\" src=\"https:\/\/www.tgrthaber.com\/mavikadin\/wp-content\/uploads\/kurulus-orhan-in-halime-hatun-u-betul-aktel-kac-yasinda-betul-aktel-aslen-nereli-3.jpg\" alt=\"\" width=\"1208\" height=\"680\" title=\"\" srcset=\"https:\/\/www.tgrthaber.com\/mavikadin\/wp-content\/uploads\/kurulus-orhan-in-halime-hatun-u-betul-aktel-kac-yasinda-betul-aktel-aslen-nereli-3.jpg 1208w, https:\/\/www.tgrthaber.com\/mavikadin\/wp-content\/uploads\/kurulus-orhan-in-halime-hatun-u-betul-aktel-kac-yasinda-betul-aktel-aslen-nereli-3-300x169.jpg 300w, https:\/\/www.tgrthaber.com\/mavikadin\/wp-content\/uploads\/kurulus-orhan-in-halime-hatun-u-betul-aktel-kac-yasinda-betul-aktel-aslen-nereli-3-1024x576.jpg 1024w, https:\/\/www.tgrthaber.com\/mavikadin\/wp-content\/uploads\/kurulus-orhan-in-halime-hatun-u-betul-aktel-kac-yasinda-betul-aktel-aslen-nereli-3-768x432.jpg 768w\" sizes=\"(max-width: 1208px) 100vw, 1208px\" \/><\/p>\n<hr \/>\n<p>Cihan \u00dcnal \u201cOsman Bey\u201d<\/p>\n<p>\u015e\u00fckr\u00fc \u00d6zy\u0131ld\u0131z \u201cVasilius\u201d<\/p>\n<p>Bennu Y\u0131ld\u0131r\u0131mlar \u201cMalhun Hatun\u201d<\/p>\n<p>Burak Sergen \u201cTekfur Saroz\u201d<\/p>\n<p><img loading=\"lazy\" decoding=\"async\" class=\"size-full wp-image-230587 aligncenter\" src=\"https:\/\/www.tgrthaber.com\/mavikadin\/wp-content\/uploads\/kurulus-orhan-in-halime-hatun-u-betul-aktel-kac-yasinda-betul-aktel-aslen-nereli-4.jpg\" alt=\"\" width=\"1208\" height=\"680\" title=\"\" srcset=\"https:\/\/www.tgrthaber.com\/mavikadin\/wp-content\/uploads\/kurulus-orhan-in-halime-hatun-u-betul-aktel-kac-yasinda-betul-aktel-aslen-nereli-4.jpg 1208w, https:\/\/www.tgrthaber.com\/mavikadin\/wp-content\/uploads\/kurulus-orhan-in-halime-hatun-u-betul-aktel-kac-yasinda-betul-aktel-aslen-nereli-4-300x169.jpg 300w, https:\/\/www.tgrthaber.com\/mavikadin\/wp-content\/uploads\/kurulus-orhan-in-halime-hatun-u-betul-aktel-kac-yasinda-betul-aktel-aslen-nereli-4-1024x576.jpg 1024w, https:\/\/www.tgrthaber.com\/mavikadin\/wp-content\/uploads\/kurulus-orhan-in-halime-hatun-u-betul-aktel-kac-yasinda-betul-aktel-aslen-nereli-4-768x432.jpg 768w\" sizes=\"(max-width: 1208px) 100vw, 1208px\" \/><\/p>\n<hr \/>\n<p>Bar\u0131\u015f Falay \u201c\u015eah\u0131n\u015fah Bey\u201d<\/p>\n<p>\u0130pek Arkan \u201cFatma Sultan\u201d<\/p>\n<p>Belgin \u015eim\u015fek \u201cGonca\u201d<\/p>\n<p>Yi\u011fit U\u00e7an\u2018\u0131n \u201cBoran\u201d<\/p>\n<p>\u00c7a\u011fr\u0131 \u015eensoy \u201cCerkutay\u201d<\/p>\n<p>Faruk Aran \u201cAlaeddin\u201d<\/p>\n<p><img loading=\"lazy\" decoding=\"async\" class=\"size-full wp-image-230588 aligncenter\" src=\"https:\/\/www.tgrthaber.com\/mavikadin\/wp-content\/uploads\/kurulus-orhan-in-halime-hatun-u-betul-aktel-kac-yasinda-betul-aktel-aslen-nereli-6.jpg\" alt=\"\" width=\"1208\" height=\"680\" title=\"\" srcset=\"https:\/\/www.tgrthaber.com\/mavikadin\/wp-content\/uploads\/kurulus-orhan-in-halime-hatun-u-betul-aktel-kac-yasinda-betul-aktel-aslen-nereli-6.jpg 1208w, https:\/\/www.tgrthaber.com\/mavikadin\/wp-content\/uploads\/kurulus-orhan-in-halime-hatun-u-betul-aktel-kac-yasinda-betul-aktel-aslen-nereli-6-300x169.jpg 300w, https:\/\/www.tgrthaber.com\/mavikadin\/wp-content\/uploads\/kurulus-orhan-in-halime-hatun-u-betul-aktel-kac-yasinda-betul-aktel-aslen-nereli-6-1024x576.jpg 1024w, https:\/\/www.tgrthaber.com\/mavikadin\/wp-content\/uploads\/kurulus-orhan-in-halime-hatun-u-betul-aktel-kac-yasinda-betul-aktel-aslen-nereli-6-768x432.jpg 768w\" sizes=\"(max-width: 1208px) 100vw, 1208px\" \/><\/p>\n<hr \/>\n<h3>BET\u00dcL AKTEL K\u0130MD\u0130R?<\/h3>\n<p>Bet\u00fcl Aktel T\u00fcrk dizi oyuncusudur. 1998 senesinde \u0130stanbul\u2019da d\u00fcnyaya geldi. Oyunculuk kariyerine Safir dizisiyle ba\u015flad\u0131. Yal\u0131 \u00c7apk\u0131n\u0131 dizisinde \u201cNevra\u201d karakterini oynad\u0131. ID \u0130leti\u015fim\u2019e ba\u011fl\u0131 \u00e7al\u0131\u015fan Aktel hakk\u0131nda sosyal medyada \u00e7ok fazla malumat bulunmamaktad\u0131r.<\/p>\n<p>Bet\u00fcl Aktel, Kurulu\u015f Orhan dizisinde \u201cHalime Hatun\u201d rol\u00fc ile izleyici kar\u015f\u0131s\u0131na \u00e7\u0131kmaktad\u0131r.<\/p>\n<p>Bet\u00fcl Aktel\u2019in instagram hesab\u0131 @betulaktel\u2019dir. Bet\u00fcl Aktel\u2019i instagram hesab\u0131ndan 50 binden fazla ki\u015fi takip ediyor.<\/p>\n","protected":false},"excerpt":{"rendered":"<p>Bet\u00fcl Aktel, Kurulu\u015f Orhan dizisine &#8220;Halime Hatun&#8221; rol\u00fcyle dahil oldu. Oyuncu Bet\u00fcl Aktel&#8217;in ya\u015f\u0131 ve nereli oldu\u011fu merak edildi. Kurulu\u015f Orhan&#8217;\u0131n Halime Hatun&#8217;u Bet\u00fcl Aktel ka\u00e7 ya\u015f\u0131nda? Bet\u00fcl Aktel aslen nereli?<\/p>\n","protected":false},"author":30,"featured_media":230581,"comment_status":"closed","ping_status":"closed","sticky":false,"template":"","format":"standard","meta":{"rank_math_lock_modified_date":false,"footnotes":""},"categories":[491],"tags":[61424,16521,61425,61423],"class_list":["post-230572","post","type-post","status-publish","format-standard","has-post-thumbnail","hentry","category-biyografi","tag-betul-aktel","tag-biyografi-haberleri","tag-kurulus-orhan-dizisi","tag-kurulus-orhan-halime"],"_links":{"self":[{"href":"https:\/\/www.tgrthaber.com\/mavikadin\/wp-json\/wp\/v2\/posts\/230572"}],"collection":[{"href":"https:\/\/www.tgrthaber.com\/mavikadin\/wp-json\/wp\/v2\/posts"}],"about":[{"href":"https:\/\/www.tgrthaber.com\/mavikadin\/wp-json\/wp\/v2\/types\/post"}],"author":[{"embeddable":true,"href":"https:\/\/www.tgrthaber.com\/mavikadin\/wp-json\/wp\/v2\/users\/30"}],"replies":[{"embeddable":true,"href":"https:\/\/www.tgrthaber.com\/mavikadin\/wp-json\/wp\/v2\/comments?post=230572"}],"version-history":[{"count":1,"href":"https:\/\/www.tgrthaber.com\/mavikadin\/wp-json\/wp\/v2\/posts\/230572\/revisions"}],"predecessor-version":[{"id":230589,"href":"https:\/\/www.tgrthaber.com\/mavikadin\/wp-json\/wp\/v2\/posts\/230572\/revisions\/230589"}],"wp:featuredmedia":[{"embeddable":true,"href":"https:\/\/www.tgrthaber.com\/mavikadin\/wp-json\/wp\/v2\/media\/230581"}],"wp:attachment":[{"href":"https:\/\/www.tgrthaber.com\/mavikadin\/wp-json\/wp\/v2\/media?parent=230572"}],"wp:term":[{"taxonomy":"category","embeddable":true,"href":"https:\/\/www.tgrthaber.com\/mavikadin\/wp-json\/wp\/v2\/categories?post=230572"},{"taxonomy":"post_tag","embeddable":true,"href":"https:\/\/www.tgrthaber.com\/mavikadin\/wp-json\/wp\/v2\/tags?post=230572"}],"curies":[{"name":"wp","href":"https:\/\/api.w.org\/{rel}","templated":true}]}}