{"id":230573,"date":"2025-09-04T10:14:29","date_gmt":"2025-09-04T07:14:29","guid":{"rendered":"https:\/\/www.tgrthaber.com\/mavikadin\/?p=230573"},"modified":"2025-09-04T10:14:29","modified_gmt":"2025-09-04T07:14:29","slug":"gold-yapimdan-bir-dizi-daha-geliyor-senaryosunu-seray-sahiner-kaleme-alacak","status":"publish","type":"post","link":"https:\/\/www.tgrthaber.com\/mavikadin\/gold-yapimdan-bir-dizi-daha-geliyor-senaryosunu-seray-sahiner-kaleme-alacak\/","title":{"rendered":"Gold Yap\u0131m\u2019dan bir dizi daha geliyor! Senaryosunu Seray \u015eahiner kaleme alacak"},"content":{"rendered":"<p>Yeni sezon dizileri \u00e7ekimlerine ba\u015flay\u0131p televizyon ekranlar\u0131na gelmek i\u00e7in g\u00fcn sayarken Gold Yap\u0131m yeni bir proje ile izleyiciyle bulu\u015facak. \u00dcnl\u00fc isim Seray \u015eahiner\u2019in \u00f6d\u00fcll\u00fc kitab\u0131 \u201c\u00dclker Abla\u201d diziye uyarlanacak.<\/p>\n<h3>GOLD YAPIM\u2019DAN B\u0130R D\u0130Z\u0130 DAHA GEL\u0130YOR!<\/h3>\n<p>Yeni sezonda ekranlara gelecek olan diziler ve sezon finalleri ile ara veren yap\u0131mlar Eyl\u00fcl ay\u0131n\u0131n gelmesi ile televizyon ekranlar\u0131 hareketlenmeye ba\u015fl\u0131yor.<\/p>\n<p><img loading=\"lazy\" decoding=\"async\" class=\"alignnone size-full wp-image-230596\" src=\"https:\/\/www.tgrthaber.com\/mavikadin\/wp-content\/uploads\/ARZU-2025-09-04T100743.440.jpg\" alt=\"Gold Yap\u0131m\u2019dan bir dizi daha geliyor! \" width=\"1208\" height=\"680\" title=\"\" srcset=\"https:\/\/www.tgrthaber.com\/mavikadin\/wp-content\/uploads\/ARZU-2025-09-04T100743.440.jpg 1208w, https:\/\/www.tgrthaber.com\/mavikadin\/wp-content\/uploads\/ARZU-2025-09-04T100743.440-300x169.jpg 300w, https:\/\/www.tgrthaber.com\/mavikadin\/wp-content\/uploads\/ARZU-2025-09-04T100743.440-1024x576.jpg 1024w, https:\/\/www.tgrthaber.com\/mavikadin\/wp-content\/uploads\/ARZU-2025-09-04T100743.440-768x432.jpg 768w\" sizes=\"(max-width: 1208px) 100vw, 1208px\" \/><\/p>\n<hr \/>\n<p>Gazeteci Birsen Altunta\u015f\u2019\u0131n haberine g\u00f6re, K\u0131z\u0131lc\u0131k \u015eerbeti dizisinin d\u00f6rd\u00fcnc\u00fc sezonunu izleyici ile bulu\u015fturan Gold Film, yine \u00e7ok konu\u015fulacak bir projeyi seyirci ile bulu\u015fturmaya haz\u0131rlan\u0131yor. Eyl\u00fcl ay\u0131nda sete \u00e7\u0131kacak olan \u201cSak\u0131ncal\u0131\u201d dizisinin ard\u0131ndan iki yeni proje olan \u201cMahrem\u201d ve \u201cAvc\u0131\u201d adl\u0131 dizinin yan\u0131 s\u0131ra Seray \u015eahiner\u2019in \u00f6d\u00fcll\u00fc kitab\u0131 olan \u201c\u00dclker Abla\u201d da ekranlara gelecek.<\/p>\n<p><img loading=\"lazy\" decoding=\"async\" class=\"alignnone size-full wp-image-230591\" src=\"https:\/\/www.tgrthaber.com\/mavikadin\/wp-content\/uploads\/ARZU-2025-09-04T100850.207.jpg\" alt=\"Gold Yap\u0131m\u2019dan bir dizi daha geliyor! \" width=\"1208\" height=\"680\" title=\"\" srcset=\"https:\/\/www.tgrthaber.com\/mavikadin\/wp-content\/uploads\/ARZU-2025-09-04T100850.207.jpg 1208w, https:\/\/www.tgrthaber.com\/mavikadin\/wp-content\/uploads\/ARZU-2025-09-04T100850.207-300x169.jpg 300w, https:\/\/www.tgrthaber.com\/mavikadin\/wp-content\/uploads\/ARZU-2025-09-04T100850.207-1024x576.jpg 1024w, https:\/\/www.tgrthaber.com\/mavikadin\/wp-content\/uploads\/ARZU-2025-09-04T100850.207-768x432.jpg 768w\" sizes=\"(max-width: 1208px) 100vw, 1208px\" \/><\/p>\n<hr \/>\n<p>Uyarlama olacak olan \u201c\u00dclker Abla\u201d Faruk Turgut\u2019un yap\u0131mc\u0131l\u0131\u011f\u0131 ile ekranlara gelecek. Dizinin kanal\u0131 ya da oyuncular\u0131 daha belli de\u011fil. Senaryoyu Seray \u015eahiner kaleme alacak.<\/p>\n<h3><img loading=\"lazy\" decoding=\"async\" class=\"alignnone size-full wp-image-230595\" src=\"https:\/\/www.tgrthaber.com\/mavikadin\/wp-content\/uploads\/ARZU-2025-09-04T100758.508.jpg\" alt=\"Gold Yap\u0131m\u2019dan bir dizi daha geliyor! \" width=\"1208\" height=\"680\" title=\"\" srcset=\"https:\/\/www.tgrthaber.com\/mavikadin\/wp-content\/uploads\/ARZU-2025-09-04T100758.508.jpg 1208w, https:\/\/www.tgrthaber.com\/mavikadin\/wp-content\/uploads\/ARZU-2025-09-04T100758.508-300x169.jpg 300w, https:\/\/www.tgrthaber.com\/mavikadin\/wp-content\/uploads\/ARZU-2025-09-04T100758.508-1024x576.jpg 1024w, https:\/\/www.tgrthaber.com\/mavikadin\/wp-content\/uploads\/ARZU-2025-09-04T100758.508-768x432.jpg 768w\" sizes=\"(max-width: 1208px) 100vw, 1208px\" \/><\/h3>\n<hr \/>\n<h3>SENARYOSU \u0130LE D\u0130KKAT \u00c7EKECEK<\/h3>\n<p>Seray \u015eahiner\u2019in \u00f6d\u00fcll\u00fc kitab\u0131 olan \u201c\u00dclker Abla\u201d hikayesi ile dikkat \u00e7ekiyor. Okuyan herkesin etkilendi\u011fi bu kitap i\u00e7eri\u011fi ile de d\u00f6nemin \u00e7ok konu\u015fulacak dizilerinden biri olacak.<\/p>\n<p><img loading=\"lazy\" decoding=\"async\" class=\"alignnone size-full wp-image-230590\" src=\"https:\/\/www.tgrthaber.com\/mavikadin\/wp-content\/uploads\/ARZU-2025-09-04T100931.738.jpg\" alt=\"Gold Yap\u0131m\u2019dan bir dizi daha geliyor! \" width=\"1208\" height=\"680\" title=\"\" srcset=\"https:\/\/www.tgrthaber.com\/mavikadin\/wp-content\/uploads\/ARZU-2025-09-04T100931.738.jpg 1208w, https:\/\/www.tgrthaber.com\/mavikadin\/wp-content\/uploads\/ARZU-2025-09-04T100931.738-300x169.jpg 300w, https:\/\/www.tgrthaber.com\/mavikadin\/wp-content\/uploads\/ARZU-2025-09-04T100931.738-1024x576.jpg 1024w, https:\/\/www.tgrthaber.com\/mavikadin\/wp-content\/uploads\/ARZU-2025-09-04T100931.738-768x432.jpg 768w\" sizes=\"(max-width: 1208px) 100vw, 1208px\" \/><\/p>\n<hr \/>\n<p>Kitap da kocas\u0131n\u0131n \u015fiddetine dayanamay\u0131p, bir gece can havli ile evden ka\u00e7\u0131p hastaneye s\u0131\u011f\u0131nan bir kad\u0131n\u0131n hikayesi anlat\u0131l\u0131yor. Hastaneye s\u0131\u011f\u0131nan kad\u0131n orada kalabilmek i\u00e7in kimsesiz insanlara refakat\u00e7ilik yapan \u00dclker\u2019in etkileyici hikayesi ekranlara ta\u015f\u0131nacak.<\/p>\n<h3><img loading=\"lazy\" decoding=\"async\" class=\"alignnone size-full wp-image-230593\" src=\"https:\/\/www.tgrthaber.com\/mavikadin\/wp-content\/uploads\/ARZU-2025-09-04T100833.754.jpg\" alt=\"Gold Yap\u0131m\u2019dan bir dizi daha geliyor! \" width=\"1208\" height=\"680\" title=\"\" srcset=\"https:\/\/www.tgrthaber.com\/mavikadin\/wp-content\/uploads\/ARZU-2025-09-04T100833.754.jpg 1208w, https:\/\/www.tgrthaber.com\/mavikadin\/wp-content\/uploads\/ARZU-2025-09-04T100833.754-300x169.jpg 300w, https:\/\/www.tgrthaber.com\/mavikadin\/wp-content\/uploads\/ARZU-2025-09-04T100833.754-1024x576.jpg 1024w, https:\/\/www.tgrthaber.com\/mavikadin\/wp-content\/uploads\/ARZU-2025-09-04T100833.754-768x432.jpg 768w\" sizes=\"(max-width: 1208px) 100vw, 1208px\" \/><\/h3>\n<hr \/>\n<h3>SERAY \u015eAH\u0130NER K\u0130MD\u0130R?<\/h3>\n<p>Ba\u015far\u0131l\u0131 yazar Seray \u015eahiner, 1984 y\u0131l\u0131nda Bursa\u2019da d\u00fcnyaya geldi. \u0130lk ve orta e\u011fitimlerini tamamlayan Seray \u015eahiner, \u0130stanbul \u00dcniversitesi \u0130leti\u015fim Fak\u00fcltesi Gazetecilik B\u00f6l\u00fcm\u00fc\u2019nden mezun olmu\u015ftur. K\u00fc\u00e7\u00fck ya\u015flardan beri yazmaya \u00e2\u015f\u0131k olan Seray \u015eahiner, \u00fcniversite d\u00f6nemlerinde \u00e7\u0131kard\u0131\u011f\u0131 \u201cGelin Ba\u015f\u0131\u201d kitab\u0131 ile dikkat \u00e7ekti.<\/p>\n<p><img loading=\"lazy\" decoding=\"async\" class=\"alignnone size-full wp-image-230592\" src=\"https:\/\/www.tgrthaber.com\/mavikadin\/wp-content\/uploads\/ARZU-2025-09-04T100845.050.jpg\" alt=\"Gold Yap\u0131m\u2019dan bir dizi daha geliyor! \" width=\"1208\" height=\"680\" title=\"\" srcset=\"https:\/\/www.tgrthaber.com\/mavikadin\/wp-content\/uploads\/ARZU-2025-09-04T100845.050.jpg 1208w, https:\/\/www.tgrthaber.com\/mavikadin\/wp-content\/uploads\/ARZU-2025-09-04T100845.050-300x169.jpg 300w, https:\/\/www.tgrthaber.com\/mavikadin\/wp-content\/uploads\/ARZU-2025-09-04T100845.050-1024x576.jpg 1024w, https:\/\/www.tgrthaber.com\/mavikadin\/wp-content\/uploads\/ARZU-2025-09-04T100845.050-768x432.jpg 768w\" sizes=\"(max-width: 1208px) 100vw, 1208px\" \/><\/p>\n<hr \/>\n<p>\u00c7e\u015fitli kitaplar yazan Seray \u015eahiner, bir\u00e7ok tiyatro oyununda da senaryolar da yazm\u0131\u015ft\u0131r. Ba\u015far\u0131l\u0131 i\u015flerinin yan\u0131nda yazd\u0131\u011f\u0131 kitaplar senaryola\u015fm\u0131\u015f ve dikkatleri \u00fczerine \u00e7ekmi\u015ftir. \u015eimdilerde ise \u201c\u00dclker Abla\u201d kitab\u0131 ile televizyon kar\u015f\u0131s\u0131na \u00e7\u0131kacak.<\/p>\n","protected":false},"excerpt":{"rendered":"<p>Gold Yap\u0131m\u2019dan televizyon ekranlar\u0131na bomba bir proje daha geliyor. Seray \u015eahiner\u2019in \u00f6d\u00fcll\u00fc kitab\u0131 olan \u201c\u00dclker Abla\u201d diye uyarlan\u0131yor.<\/p>\n","protected":false},"author":34,"featured_media":230597,"comment_status":"closed","ping_status":"closed","sticky":false,"template":"","format":"standard","meta":{"rank_math_lock_modified_date":false,"footnotes":""},"categories":[602],"tags":[2628,61426,61428,61427],"class_list":["post-230573","post","type-post","status-publish","format-standard","has-post-thumbnail","hentry","category-diziler","tag-dizi-haberleri","tag-gold-yapim","tag-seray-sahiner","tag-ulker-abla"],"_links":{"self":[{"href":"https:\/\/www.tgrthaber.com\/mavikadin\/wp-json\/wp\/v2\/posts\/230573"}],"collection":[{"href":"https:\/\/www.tgrthaber.com\/mavikadin\/wp-json\/wp\/v2\/posts"}],"about":[{"href":"https:\/\/www.tgrthaber.com\/mavikadin\/wp-json\/wp\/v2\/types\/post"}],"author":[{"embeddable":true,"href":"https:\/\/www.tgrthaber.com\/mavikadin\/wp-json\/wp\/v2\/users\/34"}],"replies":[{"embeddable":true,"href":"https:\/\/www.tgrthaber.com\/mavikadin\/wp-json\/wp\/v2\/comments?post=230573"}],"version-history":[{"count":2,"href":"https:\/\/www.tgrthaber.com\/mavikadin\/wp-json\/wp\/v2\/posts\/230573\/revisions"}],"predecessor-version":[{"id":230601,"href":"https:\/\/www.tgrthaber.com\/mavikadin\/wp-json\/wp\/v2\/posts\/230573\/revisions\/230601"}],"wp:featuredmedia":[{"embeddable":true,"href":"https:\/\/www.tgrthaber.com\/mavikadin\/wp-json\/wp\/v2\/media\/230597"}],"wp:attachment":[{"href":"https:\/\/www.tgrthaber.com\/mavikadin\/wp-json\/wp\/v2\/media?parent=230573"}],"wp:term":[{"taxonomy":"category","embeddable":true,"href":"https:\/\/www.tgrthaber.com\/mavikadin\/wp-json\/wp\/v2\/categories?post=230573"},{"taxonomy":"post_tag","embeddable":true,"href":"https:\/\/www.tgrthaber.com\/mavikadin\/wp-json\/wp\/v2\/tags?post=230573"}],"curies":[{"name":"wp","href":"https:\/\/api.w.org\/{rel}","templated":true}]}}