{"id":230614,"date":"2025-09-04T10:55:06","date_gmt":"2025-09-04T07:55:06","guid":{"rendered":"https:\/\/www.tgrthaber.com\/mavikadin\/?p=230614"},"modified":"2025-09-19T14:17:25","modified_gmt":"2025-09-19T11:17:25","slug":"wednesday-3-sezon-ne-zaman-cikacak-wednesday-devam-edecek-mi","status":"publish","type":"post","link":"https:\/\/www.tgrthaber.com\/mavikadin\/wednesday-3-sezon-ne-zaman-cikacak-wednesday-devam-edecek-mi\/","title":{"rendered":"Wednesday 3. sezon ne zaman \u00e7\u0131kacak? Wednesday devam edecek mi?"},"content":{"rendered":"<p>Wednesday dizisi, ilk sezon oldu\u011fu gibi 2. sezonda izleyiciden tam not ald\u0131. Ge\u00e7ti\u011fimiz g\u00fcn 2. sezon 2. k\u0131s\u0131mla Netflix dijital platformunda ekranlara gelen Wednesday, T\u00fcrkiye\u2019de bug\u00fcn\u00fcn top 10 dizi listesinde ilk s\u0131rada yer ald\u0131. Dizinin s\u0131k\u0131 takip\u00e7ileri ise 3. sezonun ne zaman \u00e7\u0131kaca\u011f\u0131n\u0131 merak etti. Peki, Wednesday 3. sezon ne zaman \u00e7\u0131kacak? Wednesday devam edecek mi? Wednesday 3. sezon hakk\u0131nda merak edilenleri sizin i\u00e7in ara\u015ft\u0131rd\u0131k. \u0130\u015fte Wednesday 3. sezona dair bilinmeyenler\u2026<\/p>\n<h3>WEDNESDAY 3. SEZON NE ZAMAN \u00c7IKACAK?<\/h3>\n<p>Wednesday, Netflix\u2019in sevilen pop\u00fcler dizileri aras\u0131nda yer al\u0131yor. Yay\u0131nland\u0131\u011f\u0131 ilk sezon b\u00fcy\u00fck bir ilgiyle takip edilen dizi, 2. Sezonuyla da izleyiciden tam not almay\u0131 ba\u015fard\u0131. 2. Sezon k\u0131s\u0131m k\u0131s\u0131m yay\u0131nlanan dizinin ge\u00e7ti\u011fimiz g\u00fcn 2. sezon 2. k\u0131sm\u0131 izleyici kar\u015f\u0131s\u0131na \u00e7\u0131kt\u0131. Uzun bir s\u00fcredir Netflix\u2019te top 10 dizi s\u0131ralamas\u0131nda ilk s\u0131ralarda yer alan Wednesday, bug\u00fcn ilk s\u0131rada yine zirveyi korudu.<\/p>\n<p><img loading=\"lazy\" decoding=\"async\" class=\"alignnone wp-image-230618\" src=\"https:\/\/www.tgrthaber.com\/mavikadin\/wp-content\/uploads\/Wednesday-2-10-1-1024x576.jpg\" alt=\"Wednesday 3. sezon ne zaman \u00e7\u0131kacak? Wednesday devam edecek mi?\" width=\"1208\" height=\"680\" title=\"\" srcset=\"https:\/\/www.tgrthaber.com\/mavikadin\/wp-content\/uploads\/Wednesday-2-10-1-1024x576.jpg 1024w, https:\/\/www.tgrthaber.com\/mavikadin\/wp-content\/uploads\/Wednesday-2-10-1-300x169.jpg 300w, https:\/\/www.tgrthaber.com\/mavikadin\/wp-content\/uploads\/Wednesday-2-10-1-768x432.jpg 768w, https:\/\/www.tgrthaber.com\/mavikadin\/wp-content\/uploads\/Wednesday-2-10-1.jpg 1208w\" sizes=\"(max-width: 1208px) 100vw, 1208px\" \/><\/p>\n<hr \/>\n<p>Wednesday, dizisi 2. sezon ilk 4 b\u00f6l\u00fcm\u00fcyle 6 A\u011fustos\u2019ta izleyici kar\u015f\u0131s\u0131na \u00e7\u0131km\u0131\u015ft\u0131. B\u00f6l\u00fcnm\u00fc\u015f bir \u015fekilde seyirciye sunulan 2. sezon tamamen stratejik bir taktikti. Yeni sezonun etkisinin daha uzun s\u00fcrmesini hedefleyen proje istedi\u011fine ula\u015ft\u0131. Wednesday, 2. sezon izleyici taraf\u0131ndan b\u00fcy\u00fck ilgi g\u00f6rd\u00fc.<\/p>\n<p><img loading=\"lazy\" decoding=\"async\" class=\"alignnone wp-image-230619\" src=\"https:\/\/www.tgrthaber.com\/mavikadin\/wp-content\/uploads\/Wednesday-2-11-1-1024x576.jpg\" alt=\"Wednesday 3. sezon ne zaman \u00e7\u0131kacak? Wednesday devam edecek mi?\" width=\"1208\" height=\"680\" title=\"\" srcset=\"https:\/\/www.tgrthaber.com\/mavikadin\/wp-content\/uploads\/Wednesday-2-11-1-1024x576.jpg 1024w, https:\/\/www.tgrthaber.com\/mavikadin\/wp-content\/uploads\/Wednesday-2-11-1-300x169.jpg 300w, https:\/\/www.tgrthaber.com\/mavikadin\/wp-content\/uploads\/Wednesday-2-11-1-768x432.jpg 768w, https:\/\/www.tgrthaber.com\/mavikadin\/wp-content\/uploads\/Wednesday-2-11-1.jpg 1208w\" sizes=\"(max-width: 1208px) 100vw, 1208px\" \/><\/p>\n<hr \/>\n<p>Yay\u0131nland\u0131\u011f\u0131 2 sezon boyunca seyirciye ekran ba\u015f\u0131na kilitleyen Wednesday dizisinin 3. sezonun ne zaman yay\u0131nlanaca\u011f\u0131 merakla ara\u015ft\u0131r\u0131lmaya ba\u015fland\u0131. \u0130lk sezonu 2022 y\u0131l\u0131nda izleyiciyle bulu\u015fan <a href=\"https:\/\/www.tgrthaber.com\/mavikadin\/lady-gaga-wednesday-dizisinde-rosaline-rotwood-roluyle-ekranlara-geliyor\/\">Wednesday<\/a> dizisi, 2. sezonu 3 y\u0131l aran\u0131n ard\u0131ndan ekranlara geldi. 1. ve 2. sezonuyla b\u00fcy\u00fck ses getiren dizinin 3. sezonun da \u00e7\u0131kaca\u011f\u0131 \u00f6\u011frenildi.<\/p>\n<p><img loading=\"lazy\" decoding=\"async\" class=\"alignnone wp-image-230620\" src=\"https:\/\/www.tgrthaber.com\/mavikadin\/wp-content\/uploads\/Wednesday-2-1-2-1024x576.jpg\" alt=\"Wednesday 3. sezon ne zaman \u00e7\u0131kacak? Wednesday devam edecek mi?\" width=\"1208\" height=\"680\" title=\"\" srcset=\"https:\/\/www.tgrthaber.com\/mavikadin\/wp-content\/uploads\/Wednesday-2-1-2-1024x576.jpg 1024w, https:\/\/www.tgrthaber.com\/mavikadin\/wp-content\/uploads\/Wednesday-2-1-2-300x169.jpg 300w, https:\/\/www.tgrthaber.com\/mavikadin\/wp-content\/uploads\/Wednesday-2-1-2-768x432.jpg 768w, https:\/\/www.tgrthaber.com\/mavikadin\/wp-content\/uploads\/Wednesday-2-1-2.jpg 1208w\" sizes=\"(max-width: 1208px) 100vw, 1208px\" \/><\/p>\n<hr \/>\n<p>Wednesday dizisinin y\u00f6netmeni Tim Burton son olarak yapt\u0131\u011f\u0131 bilgilendirmede 3. sezon i\u00e7in beklenen m\u00fcjdeden s\u00f6z etti. Fenomen dizi, 3. sezon i\u00e7in resmi onay al\u0131rken, ne zaman yay\u0131nlanaca\u011f\u0131na dair net bir bilgilendirme yap\u0131lmad\u0131. Kullan\u0131c\u0131 tahminleri ve baz\u0131 medya kaynaklar\u0131ndan gelen bilgiye g\u00f6re; iki sezon aras\u0131nda 3 y\u0131l olan Wednesday dizisinin 3. sezonun 2027 civar\u0131nda yay\u0131nlanabilece\u011fi iddia edildi.<\/p>\n<p><img loading=\"lazy\" decoding=\"async\" class=\"alignnone wp-image-230621\" src=\"https:\/\/www.tgrthaber.com\/mavikadin\/wp-content\/uploads\/Wednesday-2-6-1-1024x576.jpg\" alt=\"Wednesday 3. sezon ne zaman \u00e7\u0131kacak? Wednesday devam edecek mi?\" width=\"1208\" height=\"680\" title=\"\" srcset=\"https:\/\/www.tgrthaber.com\/mavikadin\/wp-content\/uploads\/Wednesday-2-6-1-1024x576.jpg 1024w, https:\/\/www.tgrthaber.com\/mavikadin\/wp-content\/uploads\/Wednesday-2-6-1-300x169.jpg 300w, https:\/\/www.tgrthaber.com\/mavikadin\/wp-content\/uploads\/Wednesday-2-6-1-768x432.jpg 768w, https:\/\/www.tgrthaber.com\/mavikadin\/wp-content\/uploads\/Wednesday-2-6-1.jpg 1208w\" sizes=\"(max-width: 1208px) 100vw, 1208px\" \/><\/p>\n<hr \/>\n<h3>WEDNESDAY DEVAM EDECEK M\u0130?<\/h3>\n<p>Wednesday dizisi 3. sezonuyla yay\u0131n hayat\u0131na devam edecek. Hen\u00fcz 3. sezon i\u00e7in resmi ve net bir a\u00e7\u0131klama yap\u0131lm\u0131\u015f olmasa da dizinin y\u00f6netmeni Tim Burton, yeni sezonun gelece\u011fini duyurdu. Dizinin kurucular\u0131, Alfred Gough ve Miles Millar, yeni sezonda karakterleri daha derinlemesine ke\u015ffetmek ve &#8220;Nevermore&#8221; evrenini geni\u015fletmek istediklerini belirtti.<\/p>\n<p><img loading=\"lazy\" decoding=\"async\" class=\"alignnone wp-image-230623\" src=\"https:\/\/www.tgrthaber.com\/mavikadin\/wp-content\/uploads\/Wednesday-2-7-1-1024x576.jpg\" alt=\"Wednesday 3. sezon ne zaman \u00e7\u0131kacak? Wednesday devam edecek mi?\" width=\"1208\" height=\"680\" title=\"\" srcset=\"https:\/\/www.tgrthaber.com\/mavikadin\/wp-content\/uploads\/Wednesday-2-7-1-1024x576.jpg 1024w, https:\/\/www.tgrthaber.com\/mavikadin\/wp-content\/uploads\/Wednesday-2-7-1-300x169.jpg 300w, https:\/\/www.tgrthaber.com\/mavikadin\/wp-content\/uploads\/Wednesday-2-7-1-768x432.jpg 768w, https:\/\/www.tgrthaber.com\/mavikadin\/wp-content\/uploads\/Wednesday-2-7-1.jpg 1208w\" sizes=\"(max-width: 1208px) 100vw, 1208px\" \/><\/p>\n<hr \/>\n<p>Olduk\u00e7a ba\u015far\u0131l\u0131 bir projeye imza atan Wednesday kurucular\u0131 Alfred Gough ve Miles Millar, yeni sezonda daha fazla Addams Ailesi \u00fcyesinin ekranda yer alaca\u011f\u0131 ve aile s\u0131rlar\u0131n\u0131n perdesinin aralanaca\u011f\u0131 m\u00fcjdesini verdi. \u00d6n\u00fcm\u00fczdeki y\u0131llarda yay\u0131nlanmas\u0131 beklenen 3. sezon \u015fimdiden merak konusu oldu.<\/p>\n<p><img loading=\"lazy\" decoding=\"async\" class=\"alignnone wp-image-230624\" src=\"https:\/\/www.tgrthaber.com\/mavikadin\/wp-content\/uploads\/Wednesday-2-8-1-1024x576.jpg\" alt=\"Wednesday 3. sezon ne zaman \u00e7\u0131kacak? Wednesday devam edecek mi?\" width=\"1208\" height=\"680\" title=\"\" srcset=\"https:\/\/www.tgrthaber.com\/mavikadin\/wp-content\/uploads\/Wednesday-2-8-1-1024x576.jpg 1024w, https:\/\/www.tgrthaber.com\/mavikadin\/wp-content\/uploads\/Wednesday-2-8-1-300x169.jpg 300w, https:\/\/www.tgrthaber.com\/mavikadin\/wp-content\/uploads\/Wednesday-2-8-1-768x432.jpg 768w, https:\/\/www.tgrthaber.com\/mavikadin\/wp-content\/uploads\/Wednesday-2-8-1.jpg 1208w\" sizes=\"(max-width: 1208px) 100vw, 1208px\" \/><\/p>\n<hr \/>\n<p>Ayn\u0131 zamanda Netflix dijital platformu 3. sezonla s\u0131n\u0131rl\u0131 kalmayarak, Wednesday evreninde yeni bir spin-off projesini de g\u00fcndeme getirdi. Dizinin yap\u0131mc\u0131lar\u0131 ve platform yetkilileri, Addams Ailesi evreninde h\u00e2l\u00e2 ke\u015ffedilecek \u00e7ok\u00e7a hik\u00e2ye oldu\u011funu belirtti. Bu a\u00e7\u0131klamalar ise ak\u0131llara \u201cYeni bir yan dizi mi geliyor?\u201d sorusunu getirdi.<\/p>\n<p>\u0130ddia edilen tarihlere g\u00f6re Wednesday dizisinin \u00f6n\u00fcm\u00fczdeki Kas\u0131m ay\u0131 gibi yeni sezon \u00e7al\u0131\u015fmalar\u0131na ba\u015flayaca\u011f\u0131 d\u00fc\u015f\u00fcn\u00fcl\u00fcyor. \u0130lk iki sezonuyla izlenme rekorlar\u0131 k\u0131ran ve izleyiciyi ekran ba\u015f\u0131na kilitleyen dizinin 2027 y\u0131l\u0131 gibi yay\u0131nlanmas\u0131 planlan\u0131yor.<\/p>\n","protected":false},"excerpt":{"rendered":"<p>Wednesday, 2. Sezonuyla b\u00fcy\u00fck bir ilgi g\u00f6rd\u00fc. Dizinin s\u0131k\u0131 takip\u00e7ileri ise 3. sezonun ne zaman \u00e7\u0131kaca\u011f\u0131n\u0131 merakla ara\u015ft\u0131r\u0131r oldu. Peki, Wednesday 3. sezon ne zaman \u00e7\u0131kacak? Wednesday devam edecek mi? \u0130\u015fte detaylar\u2026<\/p>\n","protected":false},"author":26,"featured_media":230616,"comment_status":"closed","ping_status":"closed","sticky":false,"template":"","format":"standard","meta":{"rank_math_lock_modified_date":false,"footnotes":""},"categories":[602],"tags":[32159,2628,8149,7688,30300],"class_list":["post-230614","post","type-post","status-publish","format-standard","has-post-thumbnail","hentry","category-diziler","tag-dizi","tag-dizi-haberleri","tag-wednesday","tag-wednesday-2-sezon","tag-wednesday-3-sezon"],"_links":{"self":[{"href":"https:\/\/www.tgrthaber.com\/mavikadin\/wp-json\/wp\/v2\/posts\/230614"}],"collection":[{"href":"https:\/\/www.tgrthaber.com\/mavikadin\/wp-json\/wp\/v2\/posts"}],"about":[{"href":"https:\/\/www.tgrthaber.com\/mavikadin\/wp-json\/wp\/v2\/types\/post"}],"author":[{"embeddable":true,"href":"https:\/\/www.tgrthaber.com\/mavikadin\/wp-json\/wp\/v2\/users\/26"}],"replies":[{"embeddable":true,"href":"https:\/\/www.tgrthaber.com\/mavikadin\/wp-json\/wp\/v2\/comments?post=230614"}],"version-history":[{"count":2,"href":"https:\/\/www.tgrthaber.com\/mavikadin\/wp-json\/wp\/v2\/posts\/230614\/revisions"}],"predecessor-version":[{"id":230631,"href":"https:\/\/www.tgrthaber.com\/mavikadin\/wp-json\/wp\/v2\/posts\/230614\/revisions\/230631"}],"wp:featuredmedia":[{"embeddable":true,"href":"https:\/\/www.tgrthaber.com\/mavikadin\/wp-json\/wp\/v2\/media\/230616"}],"wp:attachment":[{"href":"https:\/\/www.tgrthaber.com\/mavikadin\/wp-json\/wp\/v2\/media?parent=230614"}],"wp:term":[{"taxonomy":"category","embeddable":true,"href":"https:\/\/www.tgrthaber.com\/mavikadin\/wp-json\/wp\/v2\/categories?post=230614"},{"taxonomy":"post_tag","embeddable":true,"href":"https:\/\/www.tgrthaber.com\/mavikadin\/wp-json\/wp\/v2\/tags?post=230614"}],"curies":[{"name":"wp","href":"https:\/\/api.w.org\/{rel}","templated":true}]}}