{"id":230615,"date":"2025-09-04T10:57:49","date_gmt":"2025-09-04T07:57:49","guid":{"rendered":"https:\/\/www.tgrthaber.com\/mavikadin\/?p=230615"},"modified":"2025-09-04T10:58:39","modified_gmt":"2025-09-04T07:58:39","slug":"inci-taneleri-ne-zaman-basliyor-2025-inci-taneleri-final-yapti-mi","status":"publish","type":"post","link":"https:\/\/www.tgrthaber.com\/mavikadin\/inci-taneleri-ne-zaman-basliyor-2025-inci-taneleri-final-yapti-mi\/","title":{"rendered":"\u0130nci Taneleri ne zaman ba\u015fl\u0131yor 2025? \u0130nci Taneleri final yapt\u0131 m\u0131?"},"content":{"rendered":"<p>\u0130nci Taneleri dizisi, y\u00fcksek reytingleriyle per\u015fembe ak\u015famlar\u0131n\u0131n en \u00e7ok izlenen yap\u0131mlar\u0131 aras\u0131nda yer al\u0131yordu. Senaristli\u011fini ve ba\u015frol oyunculu\u011funu Y\u0131lmaz Erdo\u011fan\u2019\u0131n \u00fcstlendi\u011fi dizi deneyimli oyuncu kadrosu ile de dikkat \u00e7ekiyordu. \u0130nci Taneleri dizisi fanlar\u0131 dizinin ne zaman ba\u015flayaca\u011f\u0131n\u0131 merak edip ara\u015ft\u0131r\u0131yor. \u0130nci Taneleri ne zaman ba\u015fl\u0131yor? \u0130nci Taneleri final yapt\u0131 m\u0131?<\/p>\n<h3>\u0130NC\u0130 TANELER\u0130 NE ZAMAN BA\u015eLIYOR?<\/h3>\n<p>\u0130nci Taneleri dizisi 15 May\u0131s 2025 Per\u015fembe ak\u015fam\u0131, 44. b\u00f6l\u00fcm\u00fc ile sezon finali yaparak ekran maceras\u0131na ara vermi\u015fti.<\/p>\n<p><img loading=\"lazy\" decoding=\"async\" class=\"size-full wp-image-230622 aligncenter\" src=\"https:\/\/www.tgrthaber.com\/mavikadin\/wp-content\/uploads\/inci-taneleri-ne-zaman-basliyor-2025-inci-taneleri-final-yapti-mi-7.jpg\" alt=\"\" width=\"1208\" height=\"680\" title=\"\" srcset=\"https:\/\/www.tgrthaber.com\/mavikadin\/wp-content\/uploads\/inci-taneleri-ne-zaman-basliyor-2025-inci-taneleri-final-yapti-mi-7.jpg 1208w, https:\/\/www.tgrthaber.com\/mavikadin\/wp-content\/uploads\/inci-taneleri-ne-zaman-basliyor-2025-inci-taneleri-final-yapti-mi-7-300x169.jpg 300w, https:\/\/www.tgrthaber.com\/mavikadin\/wp-content\/uploads\/inci-taneleri-ne-zaman-basliyor-2025-inci-taneleri-final-yapti-mi-7-1024x576.jpg 1024w, https:\/\/www.tgrthaber.com\/mavikadin\/wp-content\/uploads\/inci-taneleri-ne-zaman-basliyor-2025-inci-taneleri-final-yapti-mi-7-768x432.jpg 768w\" sizes=\"(max-width: 1208px) 100vw, 1208px\" \/><\/p>\n<hr \/>\n<p>\u0130nci Taneleri&#8217;nin 2. sezonu 10 Ekim 2024 Per\u015fembe ak\u015fam\u0131 saat 20.00&#8217;da Kanal D\u2019de start vermi\u015fti. Dizinin yeni b\u00f6l\u00fcmlerinin ne zaman yay\u0131nlanaca\u011f\u0131, 3.sezonun ne zaman ba\u015flayaca\u011f\u0131 \u00e7ok merak ediliyor.<\/p>\n<p><img loading=\"lazy\" decoding=\"async\" class=\"size-full wp-image-230625 aligncenter\" src=\"https:\/\/www.tgrthaber.com\/mavikadin\/wp-content\/uploads\/inci-taneleri-ne-zaman-basliyor-2025-inci-taneleri-final-yapti-mi-4.jpg\" alt=\"\" width=\"1208\" height=\"680\" title=\"\" srcset=\"https:\/\/www.tgrthaber.com\/mavikadin\/wp-content\/uploads\/inci-taneleri-ne-zaman-basliyor-2025-inci-taneleri-final-yapti-mi-4.jpg 1208w, https:\/\/www.tgrthaber.com\/mavikadin\/wp-content\/uploads\/inci-taneleri-ne-zaman-basliyor-2025-inci-taneleri-final-yapti-mi-4-300x169.jpg 300w, https:\/\/www.tgrthaber.com\/mavikadin\/wp-content\/uploads\/inci-taneleri-ne-zaman-basliyor-2025-inci-taneleri-final-yapti-mi-4-1024x576.jpg 1024w, https:\/\/www.tgrthaber.com\/mavikadin\/wp-content\/uploads\/inci-taneleri-ne-zaman-basliyor-2025-inci-taneleri-final-yapti-mi-4-768x432.jpg 768w\" sizes=\"(max-width: 1208px) 100vw, 1208px\" \/><\/p>\n<hr \/>\n<p>\u0130nci Taneleri dizisinin 3.sezonun ne zaman ba\u015flayaca\u011f\u0131 netle\u015fmedi, hen\u00fcz izleyici ile payla\u015f\u0131lmad\u0131. Fakat Magazinci Birsen Altunta\u015f\u2019\u0131n haberine g\u00f6re \u0130nci Taneleri dizisi Ocak ay\u0131nda yay\u0131nlanmaya ba\u015flayacak. <strong>\u0130nci Taneleri dizisinin 3. Sezonu 2026 Ocak ay\u0131ndan itibaren ekranlarda olacak.<\/strong><\/p>\n<p><img loading=\"lazy\" decoding=\"async\" class=\"size-full wp-image-230626 aligncenter\" src=\"https:\/\/www.tgrthaber.com\/mavikadin\/wp-content\/uploads\/inci-taneleri-ne-zaman-basliyor-2025-inci-taneleri-final-yapti-mi-3.jpg\" alt=\"\" width=\"1208\" height=\"680\" title=\"\" srcset=\"https:\/\/www.tgrthaber.com\/mavikadin\/wp-content\/uploads\/inci-taneleri-ne-zaman-basliyor-2025-inci-taneleri-final-yapti-mi-3.jpg 1208w, https:\/\/www.tgrthaber.com\/mavikadin\/wp-content\/uploads\/inci-taneleri-ne-zaman-basliyor-2025-inci-taneleri-final-yapti-mi-3-300x169.jpg 300w, https:\/\/www.tgrthaber.com\/mavikadin\/wp-content\/uploads\/inci-taneleri-ne-zaman-basliyor-2025-inci-taneleri-final-yapti-mi-3-1024x576.jpg 1024w, https:\/\/www.tgrthaber.com\/mavikadin\/wp-content\/uploads\/inci-taneleri-ne-zaman-basliyor-2025-inci-taneleri-final-yapti-mi-3-768x432.jpg 768w\" sizes=\"(max-width: 1208px) 100vw, 1208px\" \/><\/p>\n<hr \/>\n<p>Y\u0131lmaz Erdo\u011fan\u2019\u0131n senaristli\u011fini \u00fcstlendi\u011fi ve ba\u015frol ald\u0131\u011f\u0131 Organize \u0130\u015fler dizisinin biti\u015f tarihine g\u00f6re \u0130nci Taneleri\u2019nin 3. sezon i\u00e7in sete \u00e7\u0131kmas\u0131 planlan\u0131yor.<\/p>\n<h3>\u0130NC\u0130 TANELER\u0130 D\u0130Z\u0130S\u0130 F\u0130NAL YAPTI MI?<\/h3>\n<p>\u0130nci Taneleri dizisi, di\u011fer diziler gibi 2025 Eyl\u00fcl ay\u0131nda ekranlara gelmeyince, yeni sezon ba\u015flamay\u0131nca dizinin takip\u00e7ileri \u0130nci Taneleri\u2019nin final yap\u0131p yapmad\u0131\u011f\u0131n\u0131 ara\u015ft\u0131rmaya ba\u015flad\u0131.<\/p>\n<p><img loading=\"lazy\" decoding=\"async\" class=\"size-full wp-image-230627 aligncenter\" src=\"https:\/\/www.tgrthaber.com\/mavikadin\/wp-content\/uploads\/inci-taneleri-ne-zaman-basliyor-2025-inci-taneleri-final-yapti-mi-5.jpg\" alt=\"\" width=\"1208\" height=\"680\" title=\"\" srcset=\"https:\/\/www.tgrthaber.com\/mavikadin\/wp-content\/uploads\/inci-taneleri-ne-zaman-basliyor-2025-inci-taneleri-final-yapti-mi-5.jpg 1208w, https:\/\/www.tgrthaber.com\/mavikadin\/wp-content\/uploads\/inci-taneleri-ne-zaman-basliyor-2025-inci-taneleri-final-yapti-mi-5-300x169.jpg 300w, https:\/\/www.tgrthaber.com\/mavikadin\/wp-content\/uploads\/inci-taneleri-ne-zaman-basliyor-2025-inci-taneleri-final-yapti-mi-5-1024x576.jpg 1024w, https:\/\/www.tgrthaber.com\/mavikadin\/wp-content\/uploads\/inci-taneleri-ne-zaman-basliyor-2025-inci-taneleri-final-yapti-mi-5-768x432.jpg 768w\" sizes=\"(max-width: 1208px) 100vw, 1208px\" \/><\/p>\n<hr \/>\n<p>\u0130nci Taneleri final yapmad\u0131. 2026 Ocak ay\u0131ndan itibaren 3. Sezonu ile ekranlara gelmeye devam edecek.<\/p>\n<h3>\u0130NC\u0130 TANELER\u0130 D\u0130Z\u0130S\u0130 YEN\u0130 OYUNCULARI K\u0130M?<\/h3>\n<p>\u0130nci Taneleri dizisine baz\u0131 oyuncular\u0131 veda ederken, baz\u0131 oyuncular ise diziye dahil oluyor.<\/p>\n<p><img loading=\"lazy\" decoding=\"async\" class=\"size-full wp-image-230628 aligncenter\" src=\"https:\/\/www.tgrthaber.com\/mavikadin\/wp-content\/uploads\/inci-taneleri-ne-zaman-basliyor-2025-inci-taneleri-final-yapti-mi-6.jpg\" alt=\"\" width=\"1208\" height=\"680\" title=\"\" srcset=\"https:\/\/www.tgrthaber.com\/mavikadin\/wp-content\/uploads\/inci-taneleri-ne-zaman-basliyor-2025-inci-taneleri-final-yapti-mi-6.jpg 1208w, https:\/\/www.tgrthaber.com\/mavikadin\/wp-content\/uploads\/inci-taneleri-ne-zaman-basliyor-2025-inci-taneleri-final-yapti-mi-6-300x169.jpg 300w, https:\/\/www.tgrthaber.com\/mavikadin\/wp-content\/uploads\/inci-taneleri-ne-zaman-basliyor-2025-inci-taneleri-final-yapti-mi-6-1024x576.jpg 1024w, https:\/\/www.tgrthaber.com\/mavikadin\/wp-content\/uploads\/inci-taneleri-ne-zaman-basliyor-2025-inci-taneleri-final-yapti-mi-6-768x432.jpg 768w\" sizes=\"(max-width: 1208px) 100vw, 1208px\" \/><\/p>\n<hr \/>\n<p>\u0130nci Taneleri dizisinde Arcan karakterini oynayan Bora Cengiz ile annesi Mahun\u2019u oynayan G\u00fclenay Kalkan diziden ayr\u0131ld\u0131.<\/p>\n<p>\u0130nci Taneleri 2026 y\u0131l\u0131nda yay\u0131nlanacak b\u00f6l\u00fcmlerde oyuncu kadrosu \u015f\u00f6yle:<\/p>\n<ul>\n<li>Y\u0131lmaz Erdo\u011fan \u201cAzem Y\u00fcceda\u011f\u201d<\/li>\n<li>Hazar Erg\u00fc\u00e7l\u00fc \u201cDilber\u201d<\/li>\n<\/ul>\n<p><img loading=\"lazy\" decoding=\"async\" class=\"alignnone size-full wp-image-230629\" src=\"https:\/\/www.tgrthaber.com\/mavikadin\/wp-content\/uploads\/inci-taneleri-ne-zaman-basliyor-2025-inci-taneleri-final-yapti-mi-2.jpg\" alt=\"\" width=\"1208\" height=\"680\" title=\"\" srcset=\"https:\/\/www.tgrthaber.com\/mavikadin\/wp-content\/uploads\/inci-taneleri-ne-zaman-basliyor-2025-inci-taneleri-final-yapti-mi-2.jpg 1208w, https:\/\/www.tgrthaber.com\/mavikadin\/wp-content\/uploads\/inci-taneleri-ne-zaman-basliyor-2025-inci-taneleri-final-yapti-mi-2-300x169.jpg 300w, https:\/\/www.tgrthaber.com\/mavikadin\/wp-content\/uploads\/inci-taneleri-ne-zaman-basliyor-2025-inci-taneleri-final-yapti-mi-2-1024x576.jpg 1024w, https:\/\/www.tgrthaber.com\/mavikadin\/wp-content\/uploads\/inci-taneleri-ne-zaman-basliyor-2025-inci-taneleri-final-yapti-mi-2-768x432.jpg 768w\" sizes=\"(max-width: 1208px) 100vw, 1208px\" \/><\/p>\n<hr \/>\n<ul>\n<li>Selma Erge\u00e7 \u201cPiraye\u201d<\/li>\n<li>Kubilay Aka \u201cCihan\u201d<\/li>\n<li>Yasemin \u00c7onka \u201cNergis\u201d<\/li>\n<li>G\u00fcven K\u0131ra\u00e7 \u201cKas\u0131m\u201d<\/li>\n<li>\u00dclk\u00fc Hilal \u00c7ift\u00e7i<\/li>\n<li>Mustafa Y\u0131ld\u0131ran<\/li>\n<li>Kayra S\u0131r<\/li>\n<li>\u00dcmit Beste Karg\u0131n<\/li>\n<li>Orkuncan \u0130zan<\/li>\n<li>Elif Erol<\/li>\n<li>Furkan R. Demirel<\/li>\n<li>Beg\u00fcm Atak<\/li>\n<li>Muhammet Kulu<\/li>\n<li>Deniz Erdo\u011fan<\/li>\n<li>\u015einasi Yurtsever<\/li>\n<\/ul>\n","protected":false},"excerpt":{"rendered":"<p>\u0130nci Taneleri dizisi 15 May\u0131s 2025 Per\u015fembe ak\u015fam\u0131 sezon finali yaparak ekranlara ara vermi\u015fti. \u0130nci Taneleri&#8217;nin yeni b\u00f6l\u00fcm\u00fcn\u00fcn ne zaman ba\u015flayaca\u011f\u0131, dizinin final yap\u0131p yapmad\u0131\u011f\u0131 merak ediliyor. \u0130nci Taneleri ne zaman ba\u015fl\u0131yor 2025? \u0130nci Taneleri final yapt\u0131 m\u0131?<\/p>\n","protected":false},"author":30,"featured_media":230617,"comment_status":"closed","ping_status":"closed","sticky":false,"template":"","format":"standard","meta":{"rank_math_lock_modified_date":false,"footnotes":""},"categories":[602],"tags":[2628,3896,61433,61432,3035],"class_list":["post-230615","post","type-post","status-publish","format-standard","has-post-thumbnail","hentry","category-diziler","tag-dizi-haberleri","tag-hazar-erguclu","tag-inci-taneleri-final-mi-yapti","tag-inci-taneleri-ne-zaman-basliyor","tag-yilmaz-erdogan"],"_links":{"self":[{"href":"https:\/\/www.tgrthaber.com\/mavikadin\/wp-json\/wp\/v2\/posts\/230615"}],"collection":[{"href":"https:\/\/www.tgrthaber.com\/mavikadin\/wp-json\/wp\/v2\/posts"}],"about":[{"href":"https:\/\/www.tgrthaber.com\/mavikadin\/wp-json\/wp\/v2\/types\/post"}],"author":[{"embeddable":true,"href":"https:\/\/www.tgrthaber.com\/mavikadin\/wp-json\/wp\/v2\/users\/30"}],"replies":[{"embeddable":true,"href":"https:\/\/www.tgrthaber.com\/mavikadin\/wp-json\/wp\/v2\/comments?post=230615"}],"version-history":[{"count":2,"href":"https:\/\/www.tgrthaber.com\/mavikadin\/wp-json\/wp\/v2\/posts\/230615\/revisions"}],"predecessor-version":[{"id":230633,"href":"https:\/\/www.tgrthaber.com\/mavikadin\/wp-json\/wp\/v2\/posts\/230615\/revisions\/230633"}],"wp:featuredmedia":[{"embeddable":true,"href":"https:\/\/www.tgrthaber.com\/mavikadin\/wp-json\/wp\/v2\/media\/230617"}],"wp:attachment":[{"href":"https:\/\/www.tgrthaber.com\/mavikadin\/wp-json\/wp\/v2\/media?parent=230615"}],"wp:term":[{"taxonomy":"category","embeddable":true,"href":"https:\/\/www.tgrthaber.com\/mavikadin\/wp-json\/wp\/v2\/categories?post=230615"},{"taxonomy":"post_tag","embeddable":true,"href":"https:\/\/www.tgrthaber.com\/mavikadin\/wp-json\/wp\/v2\/tags?post=230615"}],"curies":[{"name":"wp","href":"https:\/\/api.w.org\/{rel}","templated":true}]}}