{"id":230645,"date":"2025-09-04T14:04:38","date_gmt":"2025-09-04T11:04:38","guid":{"rendered":"https:\/\/www.tgrthaber.com\/mavikadin\/?p=230645"},"modified":"2025-09-16T17:48:51","modified_gmt":"2025-09-16T14:48:51","slug":"arda-turandan-manidar-fatih-terim-paylasimi-galatasarayin-vefali-cocugu","status":"publish","type":"post","link":"https:\/\/www.tgrthaber.com\/mavikadin\/arda-turandan-manidar-fatih-terim-paylasimi-galatasarayin-vefali-cocugu\/","title":{"rendered":"Arda Turan\u2019dan manidar Fatih Terim payla\u015f\u0131m\u0131! Galatasaray\u2019\u0131n vefal\u0131 \u00e7ocu\u011fu"},"content":{"rendered":"<p>Galatasaray ve milli tak\u0131m\u0131n eski efsane teknik direkt\u00f6r\u00fc Fatih Terim, 72 ya\u015f\u0131na girdi. Terim\u2019in do\u011fum g\u00fcn\u00fc i\u00e7in Galatasaray, efsanele\u015fen ve milli tak\u0131mda \u00f6nemli ba\u015far\u0131lara imza atan teknik direkt\u00f6rlerinin do\u011fum g\u00fcn\u00fcn\u00fc sosyal medya hesab\u0131ndan yapt\u0131\u011f\u0131 bir payla\u015f\u0131m ile kutlad\u0131.<\/p>\n<h3>ARDA TURAN FAT\u0130H TER\u0130M\u0130 UNUTMADI<\/h3>\n<p>Fatih Terim\u2019in Galatasaray ve milli tak\u0131mdan \u00f6\u011frencisi olan, \u015fu anda Ukrayna\u2019n\u0131n Shakhtar Donetsk tak\u0131m\u0131n\u0131n teknik direkt\u00f6rl\u00fc\u011f\u00fcn\u00fc yapan Arda Turan Fatih Terimin bu \u00f6zel g\u00fcn\u00fc unutmayarak sosyal medya hesab\u0131ndan duygusal bir payla\u015f\u0131mda bulundu.<a href=\"https:\/\/www.tgrthaber.com\/mavikadin\/arda-turan-ukraynali-muhabirle-goz-goze-bile-gelemedi-sosyal-medya-bu-roportaji-konusuyor\/\"> Arda Turan<\/a>, <a href=\"https:\/\/www.tgrthaber.com\/mavikadin\/fatih-terimin-kizlari-emir-can-igrek-icin-yarisa-girdi-sosyal-medyadan-paylastilar\/\">Fatih Terim<\/a> ile birlikte bir foto\u011fraf\u0131n\u0131 payla\u015farak \u015funlar\u0131 yazd\u0131:<\/p>\n<p><img loading=\"lazy\" decoding=\"async\" class=\"alignnone size-full wp-image-230706\" src=\"https:\/\/www.tgrthaber.com\/mavikadin\/wp-content\/uploads\/Adsiz-tasarim-34-15.png\" alt=\"\" width=\"1208\" height=\"680\" title=\"\" srcset=\"https:\/\/www.tgrthaber.com\/mavikadin\/wp-content\/uploads\/Adsiz-tasarim-34-15.png 1208w, https:\/\/www.tgrthaber.com\/mavikadin\/wp-content\/uploads\/Adsiz-tasarim-34-15-300x169.png 300w, https:\/\/www.tgrthaber.com\/mavikadin\/wp-content\/uploads\/Adsiz-tasarim-34-15-1024x576.png 1024w, https:\/\/www.tgrthaber.com\/mavikadin\/wp-content\/uploads\/Adsiz-tasarim-34-15-768x432.png 768w\" sizes=\"(max-width: 1208px) 100vw, 1208px\" \/><\/p>\n<p>&#8220;En iyisinden \u00f6\u011frenirken. Can\u0131m hocam, nice senelere! Allah seni ba\u015f\u0131m\u0131zdan eksik etmesin&#8230; Hayalim, hayat\u0131m, yolum.&#8221; ifadelerini kullanarak payla\u015f\u0131m yapt\u0131.<\/p>\n<hr \/>\n<h3>SARI-KIRMIZILI KUL\u00dcPTEN FAT\u0130H TER\u0130M\u2019E DO\u011eUM G\u00dcN\u00dc MESAJI<\/h3>\n<p>Galatasaray Spor Kulu\u0308bu\u0308 resmi sosyal medya hesab\u0131ndan \u015fu ifadelere yer verdiler:<\/p>\n<p><img loading=\"lazy\" decoding=\"async\" class=\"alignnone size-full wp-image-230691\" src=\"https:\/\/www.tgrthaber.com\/mavikadin\/wp-content\/uploads\/Adsiz-tasarim-39-12.png\" alt=\"\" width=\"1208\" height=\"680\" title=\"\" srcset=\"https:\/\/www.tgrthaber.com\/mavikadin\/wp-content\/uploads\/Adsiz-tasarim-39-12.png 1208w, https:\/\/www.tgrthaber.com\/mavikadin\/wp-content\/uploads\/Adsiz-tasarim-39-12-300x169.png 300w, https:\/\/www.tgrthaber.com\/mavikadin\/wp-content\/uploads\/Adsiz-tasarim-39-12-1024x576.png 1024w, https:\/\/www.tgrthaber.com\/mavikadin\/wp-content\/uploads\/Adsiz-tasarim-39-12-768x432.png 768w\" sizes=\"(max-width: 1208px) 100vw, 1208px\" \/><\/p>\n<p>&#8220;Bug\u00fcn, kul\u00fcb\u00fcm\u00fcze futbolcu ve teknik direkt\u00f6r olarak hizmet ederek say\u0131s\u0131z ba\u015far\u0131lara imza atan efsanemiz Fatih Terim\u2019in do\u011fum g\u00fcn\u00fc! Nice mutlu y\u0131llara, \u0130mparator!&#8221;<\/p>\n<hr \/>\n<h3>ARDA TURAN, KEREM AKT\u00dcRKO\u011eLU\u2019NA G\u00d6NDERME!<\/h3>\n<p>Muhammed Kerem Akt\u00fcrko\u011flu, sol kanat mevkiinde oynayan T\u00fcrk milli futbolcumuzdur. S\u00fcper Lig tak\u0131mlar\u0131ndan Fenerbah\u00e7e\u2019de forma giymeye ba\u015flayan Kerem Akt\u00fcrko\u011flu, Galatasaray taraftarlar\u0131ndan tepki toplad\u0131\u011f\u0131 gibi pek \u00e7ok meslekta\u015f\u0131 futbolcudan da ele\u015ftiri alm\u0131\u015ft\u0131r. Mauro Icardi d\u0131\u015f\u0131nda tepkilerle g\u00fcndeme gelen isimlerden biri de Arda Turan\u2019d\u0131r.<\/p>\n<p><img loading=\"lazy\" decoding=\"async\" class=\"alignnone size-full wp-image-230716\" src=\"https:\/\/www.tgrthaber.com\/mavikadin\/wp-content\/uploads\/Adsiz-tasarim-43-8.png\" alt=\"\" width=\"1208\" height=\"680\" title=\"\" srcset=\"https:\/\/www.tgrthaber.com\/mavikadin\/wp-content\/uploads\/Adsiz-tasarim-43-8.png 1208w, https:\/\/www.tgrthaber.com\/mavikadin\/wp-content\/uploads\/Adsiz-tasarim-43-8-300x169.png 300w, https:\/\/www.tgrthaber.com\/mavikadin\/wp-content\/uploads\/Adsiz-tasarim-43-8-1024x576.png 1024w, https:\/\/www.tgrthaber.com\/mavikadin\/wp-content\/uploads\/Adsiz-tasarim-43-8-768x432.png 768w\" sizes=\"(max-width: 1208px) 100vw, 1208px\" \/><\/p>\n<p>2020 y\u0131l\u0131nda Galatasaray\u2019da forma giymi\u015f olan Arda Turan, Galatasaray\u2019\u0131n \u00f6z evlad\u0131 olarak Kerem Akt\u00fcrko\u011flu\u2019na i\u011fneleyici bir g\u00f6nderme yapm\u0131\u015ft\u0131r.<\/p>\n<hr \/>\n<h3>ARDA TURAN&#8217;A FAT\u0130H TER\u0130M\u2019DEN A\u00c7IKLAMA<\/h3>\n<p>Ge\u00e7ti\u011fimiz sene, Ey\u00fcpspor teknik direkt\u00f6rl\u00fc\u011f\u00fcn\u00fc yaparken Arda Turan\u2019\u0131n hayat\u0131n\u0131 konu alan \u201cArda Turan: Y\u00fczle\u015fme\u201d adl\u0131 belgeselin galas\u0131 yap\u0131lm\u0131\u015ft\u0131. Galaya teknik direkt\u00f6r Fatih Terim, eski \u0130\u00e7i\u015fleri Bakan\u0131 Mehmet A\u011far, eski futbolcular Necati Ate\u015f ve Tolga Zengin, Ey\u00fcpsporlu futbolcular, milli ok\u00e7u <a href=\"https:\/\/www.tgrthaber.com\/mavikadin\/milli-okcu-mete-gazozdan-kalp-emojili-paylasim-askini-ilan-ettigi-o-kareye-aninda-yorum-yagdi\/\">Mete Gazoz<\/a> ile sanat ve spor d\u00fcnyas\u0131ndan bir\u00e7ok isim kat\u0131lm\u0131\u015ft\u0131.<\/p>\n<p><img loading=\"lazy\" decoding=\"async\" class=\"alignnone size-full wp-image-230693\" src=\"https:\/\/www.tgrthaber.com\/mavikadin\/wp-content\/uploads\/Adsiz-tasarim-35-16.png\" alt=\"\" width=\"1208\" height=\"680\" title=\"\" srcset=\"https:\/\/www.tgrthaber.com\/mavikadin\/wp-content\/uploads\/Adsiz-tasarim-35-16.png 1208w, https:\/\/www.tgrthaber.com\/mavikadin\/wp-content\/uploads\/Adsiz-tasarim-35-16-300x169.png 300w, https:\/\/www.tgrthaber.com\/mavikadin\/wp-content\/uploads\/Adsiz-tasarim-35-16-1024x576.png 1024w, https:\/\/www.tgrthaber.com\/mavikadin\/wp-content\/uploads\/Adsiz-tasarim-35-16-768x432.png 768w\" sizes=\"(max-width: 1208px) 100vw, 1208px\" \/><\/p>\n<hr \/>\n<p>Gala \u00f6ncesinde bas\u0131n mensuplar\u0131na a\u00e7\u0131klamalarda bulunan Arda Turan, kariyerinin belgeseli hak etti\u011fini belirterek \u015funlar\u0131 s\u00f6ylemi\u015fti:<\/p>\n<p>&#8220;Ba\u015f\u0131ndan sonuna ger\u00e7ek bir hikaye. Ba\u015far\u0131lar, ba\u015far\u0131s\u0131zl\u0131klar ger\u00e7ek. B\u00fct\u00fcn olaylar\u0131 anlatmaya \u00e7al\u0131\u015ft\u0131k. Bu y\u00fczle\u015fmeyle gurur duyuyorum. Bilal Abi konusu ve prim konusu beni \u00fczd\u00fc. Bilal Abi ile bir kahve i\u00e7ip neden b\u00f6yle oldu\u011funu konu\u015fmak isterdim. Bu belgeselde her \u015feyi, g\u00fczel ve insana \u00f6zg\u00fc bir hikaye oldu\u011funu g\u00f6receksiniz.&#8221;<\/p>\n<p><img loading=\"lazy\" decoding=\"async\" class=\"alignnone size-full wp-image-230694\" src=\"https:\/\/www.tgrthaber.com\/mavikadin\/wp-content\/uploads\/Adsiz-tasarim-36-16.png\" alt=\"\" width=\"1208\" height=\"680\" title=\"\" srcset=\"https:\/\/www.tgrthaber.com\/mavikadin\/wp-content\/uploads\/Adsiz-tasarim-36-16.png 1208w, https:\/\/www.tgrthaber.com\/mavikadin\/wp-content\/uploads\/Adsiz-tasarim-36-16-300x169.png 300w, https:\/\/www.tgrthaber.com\/mavikadin\/wp-content\/uploads\/Adsiz-tasarim-36-16-1024x576.png 1024w, https:\/\/www.tgrthaber.com\/mavikadin\/wp-content\/uploads\/Adsiz-tasarim-36-16-768x432.png 768w\" sizes=\"(max-width: 1208px) 100vw, 1208px\" \/><\/p>\n<hr \/>\n<p>Gelecek hedeflerine de de\u011finen Arda Turan, o s\u0131rada <a href=\"https:\/\/www.tgrthaber.com\/mavikadin\/sosyal-medya-fenomeni-asena-atalarin-futbolcu-sevgilisi-ahmed-kutucu-kimdir\/\">Ey\u00fcpspor<\/a> ile ilgili planlar\u0131 hakk\u0131nda \u015funlar\u0131 aktarm\u0131\u015ft\u0131:<\/p>\n<p><img loading=\"lazy\" decoding=\"async\" class=\"alignnone size-full wp-image-230696\" src=\"https:\/\/www.tgrthaber.com\/mavikadin\/wp-content\/uploads\/Adsiz-tasarim-41-11.png\" alt=\"\" width=\"1208\" height=\"680\" title=\"\" srcset=\"https:\/\/www.tgrthaber.com\/mavikadin\/wp-content\/uploads\/Adsiz-tasarim-41-11.png 1208w, https:\/\/www.tgrthaber.com\/mavikadin\/wp-content\/uploads\/Adsiz-tasarim-41-11-300x169.png 300w, https:\/\/www.tgrthaber.com\/mavikadin\/wp-content\/uploads\/Adsiz-tasarim-41-11-1024x576.png 1024w, https:\/\/www.tgrthaber.com\/mavikadin\/wp-content\/uploads\/Adsiz-tasarim-41-11-768x432.png 768w\" sizes=\"(max-width: 1208px) 100vw, 1208px\" \/><\/p>\n<p>&#8220;Hayallerimiz var. \u0130lk sene ligde kalmak istiyoruz. K\u0131rm\u0131z\u0131 kart\u0131mla da gurur duyuyorum. Hakaret etmedim; oyuncular\u0131m\u0131n hakk\u0131n\u0131 korumak zorundayd\u0131m. Bunlar futbolda olabilecek \u015feyler. Daha iyi ileti\u015fim halinde olmak zorunday\u0131z. Hakemlere de tavsiyem bu.&#8221; dedi.<\/p>\n<hr \/>\n<p>Teknik direkt\u00f6r Fatih Terim de Arda Turan ad\u0131na \u00e7ok mutlu oldu\u011funu belirterek \u015fu ifadelerde bulunmu\u015ftu:<\/p>\n<p><img loading=\"lazy\" decoding=\"async\" class=\"alignnone size-full wp-image-230695\" src=\"https:\/\/www.tgrthaber.com\/mavikadin\/wp-content\/uploads\/Adsiz-tasarim-37-13.png\" alt=\"\" width=\"1208\" height=\"680\" title=\"\" srcset=\"https:\/\/www.tgrthaber.com\/mavikadin\/wp-content\/uploads\/Adsiz-tasarim-37-13.png 1208w, https:\/\/www.tgrthaber.com\/mavikadin\/wp-content\/uploads\/Adsiz-tasarim-37-13-300x169.png 300w, https:\/\/www.tgrthaber.com\/mavikadin\/wp-content\/uploads\/Adsiz-tasarim-37-13-1024x576.png 1024w, https:\/\/www.tgrthaber.com\/mavikadin\/wp-content\/uploads\/Adsiz-tasarim-37-13-768x432.png 768w\" sizes=\"(max-width: 1208px) 100vw, 1208px\" \/><\/p>\n<p>&#8220;12 ya\u015f\u0131ndan beri tan\u0131yorum Arda\u2019y\u0131. Bu zaman dilimi i\u00e7inde sevin\u00e7lerine, \u00fcz\u00fcnt\u00fclerine, ba\u015far\u0131lar\u0131na ve s\u0131rlar\u0131na hakimim. Futbol k\u00fclliyat\u0131 m\u00fcthi\u015f. \u00c7ok \u00f6nemli tak\u0131mlarda oynad\u0131. T\u00fcrkiye\u2019nin en kariyerli futbolcular\u0131ndan biri. \u0130lk y\u0131l\u0131nda \u015fampiyon olmak kolay de\u011fil. Onun ad\u0131na \u00e7ok mutluyum. Arda, T\u00fcrk futboluna k\u0131smetse en az 30-35 y\u0131l hizmet edecek ya\u015fta.&#8221; diyerek Arda turan&#8217;dan \u00f6vg\u00fcyle bahsetmi\u015fti.<\/p>\n<hr \/>\n<h3>ARDA TURAN\u2019IN E\u015e\u0130 ASLIHAN DO\u011eAN TURAN \u00c7\u0130FT\u0130NDEN \u015eOK KARAR<\/h3>\n<p>Ge\u00e7ti\u011fimiz g\u00fcnlerde \u00fcnl\u00fc futbolcu Arda Turan\u2019\u0131n e\u015fi Asl\u0131han Do\u011fan Turan, sosyal medya hesaplar\u0131yla ilgili \u015fa\u015f\u0131rtan bir karar alm\u0131\u015ft\u0131. O\u011fullar\u0131 Asil Aslan ve Hamza Arda\u2019n\u0131n foto\u011fraflar\u0131n\u0131 sosyal medya hesaplar\u0131ndan payla\u015fmay\u0131 b\u0131rakaca\u011f\u0131n\u0131 a\u00e7\u0131klayan Turan\u2019\u0131n takip\u00e7ileri bu karara \u015fa\u015f\u0131rm\u0131\u015f ve nedenini merak etmi\u015fti.<\/p>\n<p><img loading=\"lazy\" decoding=\"async\" class=\"alignnone size-full wp-image-230707\" src=\"https:\/\/www.tgrthaber.com\/mavikadin\/wp-content\/uploads\/Adsiz-tasarim-42-12.png\" alt=\"\" width=\"1208\" height=\"680\" title=\"\" srcset=\"https:\/\/www.tgrthaber.com\/mavikadin\/wp-content\/uploads\/Adsiz-tasarim-42-12.png 1208w, https:\/\/www.tgrthaber.com\/mavikadin\/wp-content\/uploads\/Adsiz-tasarim-42-12-300x169.png 300w, https:\/\/www.tgrthaber.com\/mavikadin\/wp-content\/uploads\/Adsiz-tasarim-42-12-1024x576.png 1024w, https:\/\/www.tgrthaber.com\/mavikadin\/wp-content\/uploads\/Adsiz-tasarim-42-12-768x432.png 768w\" sizes=\"(max-width: 1208px) 100vw, 1208px\" \/><\/p>\n<p>Shakhtar Donetsk tak\u0131m\u0131n\u0131n teknik direkt\u00f6r\u00fc Arda Turan\u2019\u0131n e\u015fi Asl\u0131han Do\u011fan Turan, yapt\u0131\u011f\u0131 a\u00e7\u0131klamada o\u011fullar\u0131 Asil Aslan ve Hamza Arda\u2019n\u0131n foto\u011fraflar\u0131n\u0131 sosyal medya hesaplar\u0131nda payla\u015fmayaca\u011f\u0131n\u0131 belirterek, &#8220;Art\u0131k o\u011fullar\u0131m\u0131 payla\u015fmama karar\u0131 ald\u0131m&#8221; ifadelerini kulland\u0131.<\/p>\n","protected":false},"excerpt":{"rendered":"<p>Ukrayna ekibi Shakhtar Donetsk\u2019in teknik direkt\u00f6r\u00fc Arda Turan, eski teknik direkt\u00f6r\u00fc Fatih Terim\u2019in do\u011fum g\u00fcn\u00fcn\u00fc kutlad\u0131.<\/p>\n","protected":false},"author":37,"featured_media":230690,"comment_status":"closed","ping_status":"closed","sticky":false,"template":"","format":"standard","meta":{"rank_math_lock_modified_date":false,"footnotes":""},"categories":[76],"tags":[5771,2837,1336,6531,5916,31429,133],"class_list":["post-230645","post","type-post","status-publish","format-standard","has-post-thumbnail","hentry","category-magazin","tag-arda-turan","tag-dogum-gunu","tag-fatih-terim","tag-futbol","tag-kerem-akturkoglu","tag-kutlama","tag-magazin"],"_links":{"self":[{"href":"https:\/\/www.tgrthaber.com\/mavikadin\/wp-json\/wp\/v2\/posts\/230645"}],"collection":[{"href":"https:\/\/www.tgrthaber.com\/mavikadin\/wp-json\/wp\/v2\/posts"}],"about":[{"href":"https:\/\/www.tgrthaber.com\/mavikadin\/wp-json\/wp\/v2\/types\/post"}],"author":[{"embeddable":true,"href":"https:\/\/www.tgrthaber.com\/mavikadin\/wp-json\/wp\/v2\/users\/37"}],"replies":[{"embeddable":true,"href":"https:\/\/www.tgrthaber.com\/mavikadin\/wp-json\/wp\/v2\/comments?post=230645"}],"version-history":[{"count":4,"href":"https:\/\/www.tgrthaber.com\/mavikadin\/wp-json\/wp\/v2\/posts\/230645\/revisions"}],"predecessor-version":[{"id":230752,"href":"https:\/\/www.tgrthaber.com\/mavikadin\/wp-json\/wp\/v2\/posts\/230645\/revisions\/230752"}],"wp:featuredmedia":[{"embeddable":true,"href":"https:\/\/www.tgrthaber.com\/mavikadin\/wp-json\/wp\/v2\/media\/230690"}],"wp:attachment":[{"href":"https:\/\/www.tgrthaber.com\/mavikadin\/wp-json\/wp\/v2\/media?parent=230645"}],"wp:term":[{"taxonomy":"category","embeddable":true,"href":"https:\/\/www.tgrthaber.com\/mavikadin\/wp-json\/wp\/v2\/categories?post=230645"},{"taxonomy":"post_tag","embeddable":true,"href":"https:\/\/www.tgrthaber.com\/mavikadin\/wp-json\/wp\/v2\/tags?post=230645"}],"curies":[{"name":"wp","href":"https:\/\/api.w.org\/{rel}","templated":true}]}}