{"id":230782,"date":"2025-09-04T15:11:46","date_gmt":"2025-09-04T12:11:46","guid":{"rendered":"https:\/\/www.tgrthaber.com\/mavikadin\/?p=230782"},"modified":"2025-09-04T15:11:46","modified_gmt":"2025-09-04T12:11:46","slug":"nihal-candanin-babasi-kiziyla-ilgili-ilk-defa-konustu-cocuklarimi-taniyamaz-hale-geldim","status":"publish","type":"post","link":"https:\/\/www.tgrthaber.com\/mavikadin\/nihal-candanin-babasi-kiziyla-ilgili-ilk-defa-konustu-cocuklarimi-taniyamaz-hale-geldim\/","title":{"rendered":"Nihal Candan\u2019\u0131n babas\u0131 k\u0131z\u0131yla ilgili ilk defa konu\u015ftu! \u2018\u00c7ocuklar\u0131m\u0131 tan\u0131yamaz hale geldim\u2019"},"content":{"rendered":"<p>Anoreksiya nervoza hastal\u0131\u011f\u0131 nedeniyle hayat\u0131n\u0131 kaybeden fenomen Nihal Candan g\u00fcnlerce magazin g\u00fcndeminde kalm\u0131\u015ft\u0131. \u00dcnl\u00fc fenomenin ac\u0131l\u0131 babas\u0131 k\u0131zlar\u0131yla ilgili ilk defa samimi a\u00e7\u0131klamalarda bulundu.<\/p>\n<h3>N\u0130HAL CANDAN\u2019IN BABASI KIZIYLA \u0130LG\u0130L\u0130 \u0130LK DEFA KONU\u015eTU<\/h3>\n<p>Kanal D\u2019nin sevilen programlar\u0131ndan biri olan \u201cNeler Oluyor Hayatta\u201d bug\u00fcn \u00e7ok \u00e7arp\u0131c\u0131 bir konukla ekranlara damgas\u0131n\u0131 vurdu. Fenomen Nihal Candan\u2019\u0131n babas\u0131 Prof. Dr. Hakan Candan&#8217;\u0131 st\u00fcdyodayd\u0131. Hayatlar\u0131n\u0131n bir programla alt \u00fcst oldu\u011funu a\u00e7\u0131klayan baba \u0130lk kez bir canl\u0131 yay\u0131na kat\u0131ld\u0131.<\/p>\n<p>K\u0131zlar\u0131na kar\u015f\u0131 s\u00fcre\u00e7te ilgisiz oldu\u011fu iddias\u0131yla su\u00e7land\u0131\u011f\u0131n\u0131 ifade eden baba Candan\u2019\u0131n \u00fcz\u00fcnt\u00fcden iki kez kalp krizi ge\u00e7irdi\u011fi ortaya \u00e7\u0131km\u0131\u015ft\u0131. \u201cNeler Oluyor Hayatta\u201d program\u0131na konu\u015fan Hakan Candan, konu\u015furken g\u00f6zya\u015flar\u0131na hakim olamad\u0131.<\/p>\n<p><img loading=\"lazy\" decoding=\"async\" class=\"aligncenter size-full wp-image-230790\" src=\"https:\/\/www.tgrthaber.com\/mavikadin\/wp-content\/uploads\/nihal-candan-1-2.png\" alt=\"\" width=\"1208\" height=\"680\" title=\"\" srcset=\"https:\/\/www.tgrthaber.com\/mavikadin\/wp-content\/uploads\/nihal-candan-1-2.png 1208w, https:\/\/www.tgrthaber.com\/mavikadin\/wp-content\/uploads\/nihal-candan-1-2-300x169.png 300w, https:\/\/www.tgrthaber.com\/mavikadin\/wp-content\/uploads\/nihal-candan-1-2-1024x576.png 1024w, https:\/\/www.tgrthaber.com\/mavikadin\/wp-content\/uploads\/nihal-candan-1-2-768x432.png 768w\" sizes=\"(max-width: 1208px) 100vw, 1208px\" \/><\/p>\n<hr \/>\n<h3>N\u0130HAL CANDAN TEDAV\u0130DEN KA\u00c7TI MI?<\/h3>\n<p>Hakan Candan t\u00fcm samimiyeti ile a\u00e7\u0131klamalar yapt\u0131. \u201c\u00c7ocuklar\u0131m \u00e7ok efendi \u00e7ocuklard\u0131 ama \u015f\u00f6hretin etkisiyle de\u011fi\u015ftiler\u201d diyen Candan s\u00f6zlerine \u015f\u00f6yle devam etti:<br \/>\nBenim o yar\u0131\u015fma program\u0131na kat\u0131ld\u0131klar\u0131ndan haberim olmad\u0131. Olsa kesinlikle izin vermez ve m\u00fcdahale ederdim. Ama s\u00f6zle\u015fmeler \u00e7oktan imzalanm\u0131\u015ft\u0131. Anneleri \u00e7ocuklar\u0131na benim gibi kar\u015f\u0131 \u00e7\u0131kam\u0131yor ve daha \u00e7ok onlara \u2018Evet\u2019 diyordu.<\/p>\n<p>Ben o yay\u0131nlar\u0131 izleyince deh\u015fete kap\u0131l\u0131yordum, reyting u\u011fruna korkun\u00e7 bir mizansen yap\u0131l\u0131yordu. Bana dedikleri \u2018Realite \u015fov\u2019 ama bu benim i\u00e7ime sinmiyordu. Resmen bir \u015fiddet vard\u0131 orada. O yar\u0131\u015fma hayat\u0131m\u0131za girene kadar normal bir aileydik. Ben \u00e7ocuklar\u0131m\u0131 tan\u0131yamaz hale geldim. \u0130zlemedim o programlar\u0131, sosyal medyadan uzak kald\u0131m ve oradan \u00e7ocuklar\u0131m nedeniyle bana rahats\u0131z edici mesajlar geliyordu.<\/p>\n<p><img loading=\"lazy\" decoding=\"async\" class=\"aligncenter size-full wp-image-230792\" src=\"https:\/\/www.tgrthaber.com\/mavikadin\/wp-content\/uploads\/nihal-candan-3-1.png\" alt=\"\" width=\"1208\" height=\"680\" title=\"\" srcset=\"https:\/\/www.tgrthaber.com\/mavikadin\/wp-content\/uploads\/nihal-candan-3-1.png 1208w, https:\/\/www.tgrthaber.com\/mavikadin\/wp-content\/uploads\/nihal-candan-3-1-300x169.png 300w, https:\/\/www.tgrthaber.com\/mavikadin\/wp-content\/uploads\/nihal-candan-3-1-1024x576.png 1024w, https:\/\/www.tgrthaber.com\/mavikadin\/wp-content\/uploads\/nihal-candan-3-1-768x432.png 768w\" sizes=\"(max-width: 1208px) 100vw, 1208px\" \/><\/p>\n<hr \/>\n<p>\u00c7ocuklar\u0131m asl\u0131nda beni dinlemek istiyordu ama i\u00e7lerinde bulunduklar\u0131 sistem onlar\u0131 ak\u0131nt\u0131ya s\u00fcr\u00fckl\u00fcyordu. Ben onlar\u0131 oradan \u00e7\u0131karamad\u0131m. Ben Konya\u2019da ya\u015f\u0131yor ve Karaman \u00dcniversitesi\u2019nde g\u00f6rev yap\u0131yorum ama buna ra\u011fmen \u00e7ocuklar\u0131m\u0131 korumak ad\u0131na \u0130stanbul\u2019a ta\u015f\u0131nd\u0131m. Derslerimin olmad\u0131\u011f\u0131 g\u00fcnler s\u00fcrekli \u0130stanbul\u2019a geldim, amac\u0131m onlar\u0131 bu rahats\u0131z edici durumdan kurtarmakt\u0131. Annelerinden ayr\u0131lma sebebim de \u00e7ocuklar konusundaki fikir ayr\u0131l\u0131klar\u0131m\u0131zd\u0131. Bu esnek tutumu bizim kopmam\u0131za neden oldu.<\/p>\n<h3>\u201cGER\u00c7EK SES TONU B\u0130LE O DE\u011e\u0130LD\u0130\u201d<\/h3>\n<p>S\u00fcre\u00e7te bir\u00e7ok konuya itiraz etti\u011fini, e\u015fiyle de b\u00fcy\u00fck fikir ayr\u0131l\u0131klar\u0131 ya\u015fad\u0131klar\u0131n\u0131 s\u00f6yleyen baba s\u00f6zlerine \u015f\u00f6yle devam etti:<\/p>\n<p>\u201cNihal ile Bahar \u00e7ok farkl\u0131 karakterlerdi. Nihal \u00e7ok nazik, insanlara kar\u015f\u0131 daha kibar ve duyarl\u0131; Bahar ise daha sert, kat\u0131 ve bildi\u011fini okuyan bir karakterdi. Konu\u015fma tarz\u0131, tav\u0131rlar, mimikler o programla de\u011fi\u015fti. Asla b\u00f6yle de\u011fillerdi. O ekranlar\u0131n b\u00fcy\u00fcs\u00fc Bahar\u2019\u0131n kimli\u011fi d\u0131\u015f\u0131nda yeni bir kimlik olu\u015fturmas\u0131na neden oldu. Hi\u00e7 b\u00f6yle de\u011fildi. Ger\u00e7ek kimli\u011fini kaybetti. O konu\u015fma tarz\u0131 beni bile \u015fa\u015f\u0131rtt\u0131. Ger\u00e7ek ses tonu bile o de\u011fildi.\u201d<\/p>\n<p><img loading=\"lazy\" decoding=\"async\" class=\"aligncenter size-full wp-image-230793\" src=\"https:\/\/www.tgrthaber.com\/mavikadin\/wp-content\/uploads\/nihal-candan-5-2.png\" alt=\"\" width=\"1208\" height=\"680\" title=\"\" srcset=\"https:\/\/www.tgrthaber.com\/mavikadin\/wp-content\/uploads\/nihal-candan-5-2.png 1208w, https:\/\/www.tgrthaber.com\/mavikadin\/wp-content\/uploads\/nihal-candan-5-2-300x169.png 300w, https:\/\/www.tgrthaber.com\/mavikadin\/wp-content\/uploads\/nihal-candan-5-2-1024x576.png 1024w, https:\/\/www.tgrthaber.com\/mavikadin\/wp-content\/uploads\/nihal-candan-5-2-768x432.png 768w\" sizes=\"(max-width: 1208px) 100vw, 1208px\" \/><\/p>\n<hr \/>\n<h3>\u201cYALVARMALARIMIZLA TEDAV\u0130Y\u0130 KABUL ETT\u0130\u201d<\/h3>\n<p>\u201cBu sanal ger\u00e7ek dedi\u011fimiz olay Nihal\u2019in \u00f6l\u00fcm\u00fcn\u00fc tetikledi. Nihal, \u00f6l\u00fcm\u00fcn e\u015fi\u011finde oldu\u011funu bile kabullenmedi. Doktorlar\u0131n s\u00f6zlerine ra\u011fmen \u2018Ben iyiyim\u2019 dedi. Serumda \u015feker var diye onu bile engelledi, istemedi. Tedaviye bir t\u00fcrl\u00fc ikna olmad\u0131. Vasi atamak istedik o s\u00fcre\u00e7te ama Nihal \u0131srarlar\u0131m\u0131z ve yalvarmalar\u0131m\u0131zla tedaviyi kabul etti. Vasi atanamad\u0131. Ama ili\u011fi kurumu\u015ftu. V\u00fccudunda hi\u00e7bir \u015fey kalmam\u0131\u015ft\u0131. Kaslar zaten komple erimi\u015fti. E\u015fiyle de zaten bo\u015fanma s\u00fcrecindeydi bundan da etkilendi. Nihal\u2019in cezaevine gitme nedeni doland\u0131r\u0131c\u0131l\u0131k iddias\u0131yd\u0131.<\/p>\n<p><img loading=\"lazy\" decoding=\"async\" class=\"aligncenter size-full wp-image-230794\" src=\"https:\/\/www.tgrthaber.com\/mavikadin\/wp-content\/uploads\/nihal-candan-6-1.png\" alt=\"\" width=\"1208\" height=\"680\" title=\"\" srcset=\"https:\/\/www.tgrthaber.com\/mavikadin\/wp-content\/uploads\/nihal-candan-6-1.png 1208w, https:\/\/www.tgrthaber.com\/mavikadin\/wp-content\/uploads\/nihal-candan-6-1-300x169.png 300w, https:\/\/www.tgrthaber.com\/mavikadin\/wp-content\/uploads\/nihal-candan-6-1-1024x576.png 1024w, https:\/\/www.tgrthaber.com\/mavikadin\/wp-content\/uploads\/nihal-candan-6-1-768x432.png 768w\" sizes=\"(max-width: 1208px) 100vw, 1208px\" \/><\/p>\n<hr \/>\n<p>E\u015fi sonu\u00e7ta i\u015f insan\u0131 muhtemelen i\u015finde kay\u0131plar ya\u015famamak ad\u0131na k\u0131z\u0131mdan uzakla\u015ft\u0131. Nihal de bu durumdan \u00e7ok etkilendi. \u0130ki k\u0131z\u0131m da hukuk okudu. Nihal zaten avukat olmu\u015ftu. Nihal\u2019i bu noktalara getiren \u015fey bence cezaevine b\u00f6yle bir su\u00e7lama ile girmi\u015f olmas\u0131. Sonu\u00e7ta y\u00fcz k\u0131zart\u0131c\u0131 bir su\u00e7 ve ger\u00e7ekten b\u00f6yle bir \u015fey yapmad\u0131\u011f\u0131 i\u00e7in \u00e7ok hayattan koptu.<\/p>\n<p>D\u00fc\u015f\u00fcn\u00fcn kimseden haks\u0131z yere bir kuru\u015f alm\u0131\u015f, kazan\u00e7 sa\u011flam\u0131\u015f de\u011filler. 5,5 ay haks\u0131z yere cezaevinde yatt\u0131 ve Nihal bunu kabullenemedi. Haks\u0131zl\u0131k olarak g\u00f6rd\u00fc hep. Cezaevinde yakaland\u0131 zaten anoreksiyaya. Ben hastanede onu g\u00f6rd\u00fc\u011f\u00fcmde art\u0131k konu\u015famayacak durumdayd\u0131.\u201d<\/p>\n","protected":false},"excerpt":{"rendered":"<p>Anoreksiya nervoza hastal\u0131\u011f\u0131 y\u00fcz\u00fcnden hayata veda eden Nihal Candan \u00f6l\u00fcm\u00fcyle herkesi h\u00fczne bo\u011fmu\u015ftu. Fenomen ismin babas\u0131 ise k\u0131z\u0131yla ilgili ilk kez bir programa kat\u0131larak \u00e7arp\u0131c\u0131 a\u00e7\u0131klamalarda bulundu.<\/p>\n","protected":false},"author":5,"featured_media":230791,"comment_status":"closed","ping_status":"closed","sticky":false,"template":"","format":"standard","meta":{"rank_math_lock_modified_date":false,"footnotes":""},"categories":[76],"tags":[25093,11426,25203,8476],"class_list":["post-230782","post","type-post","status-publish","format-standard","has-post-thumbnail","hentry","category-magazin","tag-anoreksiya-nervoza","tag-bahar-candan","tag-hakan-candan","tag-nihal-candan"],"_links":{"self":[{"href":"https:\/\/www.tgrthaber.com\/mavikadin\/wp-json\/wp\/v2\/posts\/230782"}],"collection":[{"href":"https:\/\/www.tgrthaber.com\/mavikadin\/wp-json\/wp\/v2\/posts"}],"about":[{"href":"https:\/\/www.tgrthaber.com\/mavikadin\/wp-json\/wp\/v2\/types\/post"}],"author":[{"embeddable":true,"href":"https:\/\/www.tgrthaber.com\/mavikadin\/wp-json\/wp\/v2\/users\/5"}],"replies":[{"embeddable":true,"href":"https:\/\/www.tgrthaber.com\/mavikadin\/wp-json\/wp\/v2\/comments?post=230782"}],"version-history":[{"count":2,"href":"https:\/\/www.tgrthaber.com\/mavikadin\/wp-json\/wp\/v2\/posts\/230782\/revisions"}],"predecessor-version":[{"id":230796,"href":"https:\/\/www.tgrthaber.com\/mavikadin\/wp-json\/wp\/v2\/posts\/230782\/revisions\/230796"}],"wp:featuredmedia":[{"embeddable":true,"href":"https:\/\/www.tgrthaber.com\/mavikadin\/wp-json\/wp\/v2\/media\/230791"}],"wp:attachment":[{"href":"https:\/\/www.tgrthaber.com\/mavikadin\/wp-json\/wp\/v2\/media?parent=230782"}],"wp:term":[{"taxonomy":"category","embeddable":true,"href":"https:\/\/www.tgrthaber.com\/mavikadin\/wp-json\/wp\/v2\/categories?post=230782"},{"taxonomy":"post_tag","embeddable":true,"href":"https:\/\/www.tgrthaber.com\/mavikadin\/wp-json\/wp\/v2\/tags?post=230782"}],"curies":[{"name":"wp","href":"https:\/\/api.w.org\/{rel}","templated":true}]}}