{"id":230852,"date":"2025-09-04T17:08:53","date_gmt":"2025-09-04T14:08:53","guid":{"rendered":"https:\/\/www.tgrthaber.com\/mavikadin\/?p=230852"},"modified":"2025-09-04T17:08:54","modified_gmt":"2025-09-04T14:08:54","slug":"giorgio-armani-serveti-ne-kadar-giorgio-armani-hangi-sirketin-sahibi","status":"publish","type":"post","link":"https:\/\/www.tgrthaber.com\/mavikadin\/giorgio-armani-serveti-ne-kadar-giorgio-armani-hangi-sirketin-sahibi\/","title":{"rendered":"Giorgio Armani serveti ne kadar? Giorgio Armani hangi \u015firketin sahibi?"},"content":{"rendered":"<p>Giorgio Armani serveti ne kadar? Giorgio Armani hangi \u015firketin sahibi? Gibi sorular merak konusu oldu. 91 ya\u015f\u0131nda hayat\u0131n\u0131 kaybeden Giorgio Armani sevenlerini h\u00fczne bo\u011fdu.<\/p>\n<h3>G\u0130ORG\u0130O ARMAN\u0130 SERVET\u0130 NE KADAR?<\/h3>\n<p>Modern \u0130talyan stili ve zarafetin simgesi olarak tan\u0131mlanan Armani, yetene\u011fini i\u015f insani zekas\u0131yla birle\u015ftirmi\u015fti. Armani Grup, y\u0131lda yakla\u015f\u0131k 2,3 milyar euro ciro yap\u0131yordu. Sa\u011fl\u0131\u011f\u0131 bir s\u00fcredir iyi olmayan Armani, haziran ay\u0131nda Milano Erkek Moda Haftas\u0131&#8217;nda grubunun defilelerine kat\u0131lmaktan vazge\u00e7mek zorunda kald\u0131. Onun i\u00e7in bu durum kariyerinde ilk kez bir podyum etkinli\u011fini ka\u00e7\u0131rmas\u0131 oldu.<\/p>\n<p><img loading=\"lazy\" decoding=\"async\" class=\"aligncenter size-full wp-image-230862\" src=\"https:\/\/www.tgrthaber.com\/mavikadin\/wp-content\/uploads\/Giorgio-Armani-1.png\" alt=\"\" width=\"1208\" height=\"680\" title=\"\" srcset=\"https:\/\/www.tgrthaber.com\/mavikadin\/wp-content\/uploads\/Giorgio-Armani-1.png 1208w, https:\/\/www.tgrthaber.com\/mavikadin\/wp-content\/uploads\/Giorgio-Armani-1-300x169.png 300w, https:\/\/www.tgrthaber.com\/mavikadin\/wp-content\/uploads\/Giorgio-Armani-1-1024x576.png 1024w, https:\/\/www.tgrthaber.com\/mavikadin\/wp-content\/uploads\/Giorgio-Armani-1-768x432.png 768w\" sizes=\"(max-width: 1208px) 100vw, 1208px\" \/><\/p>\n<hr \/>\n<p>\u201cRe Giorgio\u201d (Kral Giorgio) olarak an\u0131lan tasar\u0131mc\u0131, koleksiyonunun her ayr\u0131nt\u0131s\u0131n\u0131 ve mankenlerin podyuma \u00e7\u0131karken sa\u00e7lar\u0131n\u0131 d\u00fczeltmeye kadar i\u015finin her y\u00f6n\u00fcn\u00fc kendisi denetlerdi.<br \/>\nArmani i\u00e7in \u015firketi cumartesi ve pazar g\u00fcn\u00fc Milano&#8217;da bir cenaze salonu kurulaca\u011f\u0131n\u0131 a\u00e7\u0131klad\u0131. Ard\u0131ndan da tarihi belirlenmemi\u015f \u00f6zel bir cenaze t\u00f6reni d\u00fczenlenece\u011fini belirtildi.<\/p>\n<p><img loading=\"lazy\" decoding=\"async\" class=\"aligncenter size-full wp-image-230865\" src=\"https:\/\/www.tgrthaber.com\/mavikadin\/wp-content\/uploads\/Giorgio-Armani-2.png\" alt=\"\" width=\"1208\" height=\"680\" title=\"\" srcset=\"https:\/\/www.tgrthaber.com\/mavikadin\/wp-content\/uploads\/Giorgio-Armani-2.png 1208w, https:\/\/www.tgrthaber.com\/mavikadin\/wp-content\/uploads\/Giorgio-Armani-2-300x169.png 300w, https:\/\/www.tgrthaber.com\/mavikadin\/wp-content\/uploads\/Giorgio-Armani-2-1024x576.png 1024w, https:\/\/www.tgrthaber.com\/mavikadin\/wp-content\/uploads\/Giorgio-Armani-2-768x432.png 768w\" sizes=\"(max-width: 1208px) 100vw, 1208px\" \/><\/p>\n<hr \/>\n<h3>\u201cBIRAKTI\u011eI BO\u015eLU\u011eU H\u0130SSED\u0130YORUZ\u201d<\/h3>\n<p>Armani Grubu, \u0130talyan tasar\u0131mc\u0131n\u0131n, ailesinin yan\u0131nda huzur i\u00e7inde vefat etti\u011fini duyurdu. Moda \u015firketi bug\u00fcn yay\u0131nlad\u0131\u011f\u0131 a\u00e7\u0131klamada \u015funlar\u0131 ifade etti:<\/p>\n<p>&#8220;Bu \u015firkette her zaman bir aile par\u00e7as\u0131 gibi hissettik. Bug\u00fcn, derin bir duygu ile, bu aileyi vizyon, tutku ve adanm\u0131\u015fl\u0131kla kuran ve b\u00fcy\u00fcten ki\u015finin b\u0131rakt\u0131\u011f\u0131 bo\u015flu\u011fu hissediyoruz, ancak tam da onun ruhu ile, her zaman Armani ile birlikte \u00e7al\u0131\u015fan \u00e7al\u0131\u015fanlar ve aile \u00fcyeleri olarak, onun kurdu\u011fu \u015feyi korumaya ve \u015firketini sayg\u0131, sorumluluk ve sevgi ile onun an\u0131s\u0131na devam ettirmeye kararl\u0131y\u0131z.&#8221;<\/p>\n<p>\u00d6l\u00fcm\u00fc resmi olarak bug\u00fcn duyurulan Giorgio Armani, 91 ya\u015f\u0131nda hayat\u0131n\u0131 kaybetti. Armani, y\u0131ll\u0131k yakla\u015f\u0131k 2.3 milyar euroluk ciroya sahip dev bir moda imparatorlu\u011funu y\u00f6netiyordu.<\/p>\n<h3><img loading=\"lazy\" decoding=\"async\" class=\"aligncenter size-full wp-image-230867\" src=\"https:\/\/www.tgrthaber.com\/mavikadin\/wp-content\/uploads\/Giorgio-Armani-3.png\" alt=\"\" width=\"1208\" height=\"680\" title=\"\" srcset=\"https:\/\/www.tgrthaber.com\/mavikadin\/wp-content\/uploads\/Giorgio-Armani-3.png 1208w, https:\/\/www.tgrthaber.com\/mavikadin\/wp-content\/uploads\/Giorgio-Armani-3-300x169.png 300w, https:\/\/www.tgrthaber.com\/mavikadin\/wp-content\/uploads\/Giorgio-Armani-3-1024x576.png 1024w, https:\/\/www.tgrthaber.com\/mavikadin\/wp-content\/uploads\/Giorgio-Armani-3-768x432.png 768w\" sizes=\"(max-width: 1208px) 100vw, 1208px\" \/><\/h3>\n<hr \/>\n<h3>MODA SAHNES\u0130NDEN ARMAN\u0130 GE\u00c7T\u0130<\/h3>\n<p>Zarif \u00e7izgileri, minimalist tasar\u0131mlar\u0131 ve \u00e7a\u011fda\u015f esteti\u011fi ile sadece \u0130talya\u2019da de\u011fil, d\u00fcnya genelinde moda sahnesinde iz b\u0131rakan Armani i\u00e7in moda tutkunlar\u0131 ve sekt\u00f6r temsilcileri ba\u015fsa\u011fl\u0131\u011f\u0131 mesajlar\u0131n\u0131 payla\u015ft\u0131.<\/p>\n<p><img loading=\"lazy\" decoding=\"async\" class=\"aligncenter size-full wp-image-230868\" src=\"https:\/\/www.tgrthaber.com\/mavikadin\/wp-content\/uploads\/Giorgio-Armani-5.png\" alt=\"\" width=\"1208\" height=\"680\" title=\"\" srcset=\"https:\/\/www.tgrthaber.com\/mavikadin\/wp-content\/uploads\/Giorgio-Armani-5.png 1208w, https:\/\/www.tgrthaber.com\/mavikadin\/wp-content\/uploads\/Giorgio-Armani-5-300x169.png 300w, https:\/\/www.tgrthaber.com\/mavikadin\/wp-content\/uploads\/Giorgio-Armani-5-1024x576.png 1024w, https:\/\/www.tgrthaber.com\/mavikadin\/wp-content\/uploads\/Giorgio-Armani-5-768x432.png 768w\" sizes=\"(max-width: 1208px) 100vw, 1208px\" \/><\/p>\n<hr \/>\n<h3>G\u0130ORG\u0130O ARMAN\u0130 SERVET\u0130 NE KADAR?<\/h3>\n<p>Armani\u2019nin serveti 12,1 milyar USD olarak biliniyor.<\/p>\n<h3>G\u0130ORG\u0130O ARMAN\u0130 HANG\u0130 \u015e\u0130RKET\u0130N SAH\u0130B\u0130?<\/h3>\n<p>Giorgio Armani Milano merkezli moda evi Giorgio Armani SpA&#8217;n\u0131n kurucu orta\u011f\u0131 ve tek sahibidir.<\/p>\n<p><img loading=\"lazy\" decoding=\"async\" class=\"aligncenter size-full wp-image-230869\" src=\"https:\/\/www.tgrthaber.com\/mavikadin\/wp-content\/uploads\/Giorgio-Armani-7.png\" alt=\"\" width=\"1208\" height=\"680\" title=\"\" srcset=\"https:\/\/www.tgrthaber.com\/mavikadin\/wp-content\/uploads\/Giorgio-Armani-7.png 1208w, https:\/\/www.tgrthaber.com\/mavikadin\/wp-content\/uploads\/Giorgio-Armani-7-300x169.png 300w, https:\/\/www.tgrthaber.com\/mavikadin\/wp-content\/uploads\/Giorgio-Armani-7-1024x576.png 1024w, https:\/\/www.tgrthaber.com\/mavikadin\/wp-content\/uploads\/Giorgio-Armani-7-768x432.png 768w\" sizes=\"(max-width: 1208px) 100vw, 1208px\" \/><\/p>\n<hr \/>\n<p>\u015eirketin 2024 y\u0131l\u0131 geliri, AJ Armani Jeans ve Emporio Armani gibi markalardan 2,3 milyar avro (2,7 milyar dolar) olmu\u015ftur.<\/p>\n<p>\u0130talyan as\u0131ll\u0131 tasar\u0131mc\u0131, ayn\u0131 ad\u0131 ta\u015f\u0131yan l\u00fcks moda evini 1975 y\u0131l\u0131nda hayata ge\u00e7irdi.<\/p>\n<p><img loading=\"lazy\" decoding=\"async\" class=\"aligncenter size-full wp-image-230872\" src=\"https:\/\/www.tgrthaber.com\/mavikadin\/wp-content\/uploads\/Giorgio-Armani-6.png\" alt=\"\" width=\"1208\" height=\"680\" title=\"\" srcset=\"https:\/\/www.tgrthaber.com\/mavikadin\/wp-content\/uploads\/Giorgio-Armani-6.png 1208w, https:\/\/www.tgrthaber.com\/mavikadin\/wp-content\/uploads\/Giorgio-Armani-6-300x169.png 300w, https:\/\/www.tgrthaber.com\/mavikadin\/wp-content\/uploads\/Giorgio-Armani-6-1024x576.png 1024w, https:\/\/www.tgrthaber.com\/mavikadin\/wp-content\/uploads\/Giorgio-Armani-6-768x432.png 768w\" sizes=\"(max-width: 1208px) 100vw, 1208px\" \/><\/p>\n<p>&nbsp;<\/p>\n","protected":false},"excerpt":{"rendered":"<p>Hayata 91 ya\u015f\u0131nda veda eden Giorgio Armani servetiyle g\u00fcndem oldu. \u0130talyan haber ajans\u0131 AGI taraf\u0131ndan payla\u015f\u0131lan bilgi Giorgio Armani sevenlerini h\u00fczne bo\u011fdu. Peki Giorgio Armani serveti ne kadar?<\/p>\n","protected":false},"author":5,"featured_media":230874,"comment_status":"closed","ping_status":"closed","sticky":false,"template":"","format":"standard","meta":{"rank_math_lock_modified_date":false,"footnotes":""},"categories":[491],"tags":[61460,61459,61461,133],"class_list":["post-230852","post","type-post","status-publish","format-standard","has-post-thumbnail","hentry","category-biyografi","tag-armani-grup","tag-giorgio-armani","tag-giorgio-armani-serveti","tag-magazin"],"_links":{"self":[{"href":"https:\/\/www.tgrthaber.com\/mavikadin\/wp-json\/wp\/v2\/posts\/230852"}],"collection":[{"href":"https:\/\/www.tgrthaber.com\/mavikadin\/wp-json\/wp\/v2\/posts"}],"about":[{"href":"https:\/\/www.tgrthaber.com\/mavikadin\/wp-json\/wp\/v2\/types\/post"}],"author":[{"embeddable":true,"href":"https:\/\/www.tgrthaber.com\/mavikadin\/wp-json\/wp\/v2\/users\/5"}],"replies":[{"embeddable":true,"href":"https:\/\/www.tgrthaber.com\/mavikadin\/wp-json\/wp\/v2\/comments?post=230852"}],"version-history":[{"count":1,"href":"https:\/\/www.tgrthaber.com\/mavikadin\/wp-json\/wp\/v2\/posts\/230852\/revisions"}],"predecessor-version":[{"id":230875,"href":"https:\/\/www.tgrthaber.com\/mavikadin\/wp-json\/wp\/v2\/posts\/230852\/revisions\/230875"}],"wp:featuredmedia":[{"embeddable":true,"href":"https:\/\/www.tgrthaber.com\/mavikadin\/wp-json\/wp\/v2\/media\/230874"}],"wp:attachment":[{"href":"https:\/\/www.tgrthaber.com\/mavikadin\/wp-json\/wp\/v2\/media?parent=230852"}],"wp:term":[{"taxonomy":"category","embeddable":true,"href":"https:\/\/www.tgrthaber.com\/mavikadin\/wp-json\/wp\/v2\/categories?post=230852"},{"taxonomy":"post_tag","embeddable":true,"href":"https:\/\/www.tgrthaber.com\/mavikadin\/wp-json\/wp\/v2\/tags?post=230852"}],"curies":[{"name":"wp","href":"https:\/\/api.w.org\/{rel}","templated":true}]}}