{"id":230878,"date":"2025-09-04T17:18:27","date_gmt":"2025-09-04T14:18:27","guid":{"rendered":"https:\/\/www.tgrthaber.com\/mavikadin\/?p=230878"},"modified":"2025-09-04T17:18:27","modified_gmt":"2025-09-04T14:18:27","slug":"giorgio-armani-kimdir-kac-yasinda-giorgio-armani-oldu-mu","status":"publish","type":"post","link":"https:\/\/www.tgrthaber.com\/mavikadin\/giorgio-armani-kimdir-kac-yasinda-giorgio-armani-oldu-mu\/","title":{"rendered":"Giorgio Armani kimdir ka\u00e7 ya\u015f\u0131nda? Giorgio Armani \u00f6ld\u00fc m\u00fc?"},"content":{"rendered":"<p>\u0130talyan moda tasar\u0131mc\u0131s\u0131 Giorgio Armani, yar\u0131m as\u0131rl\u0131k \u00f6mr\u00fcnde yapt\u0131\u011f\u0131 moda tasar\u0131mlar\u0131 ile dikkatleri \u00fczerine \u00e7ekmeyi ba\u015faran isimler aras\u0131nda yer al\u0131yor. Moda anlay\u0131\u015f\u0131 ile g\u00fcndeme gelen Giorgio Armani. Ge\u00e7ti\u011fimiz dakika vefat haberleri ile g\u00fcndeme geldi. Arama motorlar\u0131nda Giorgio Armani hakk\u0131nda ise merak edilenler ara\u015ft\u0131r\u0131lmaya ba\u015fland\u0131. Peki, Giorgio Armani kimdir ka\u00e7 ya\u015f\u0131nda? Giorgio Armani \u00f6ld\u00fc m\u00fc? sorular\u0131n\u0131 sizin i\u00e7in ara\u015ft\u0131rd\u0131k. \u0130\u015fte detaylar\u2026<\/p>\n<h3>G\u0130ORG\u0130O ARMAN\u0130 K\u0130MD\u0130R?<\/h3>\n<p>\u00dcnl\u00fc \u0130talyan moda tasar\u0131mc\u0131s\u0131 <a href=\"https:\/\/www.tgrthaber.com\/mavikadin\/giorgio-armani-serveti-ne-kadar-giorgio-armani-hangi-sirketin-sahibi\/\">Giorgio Armani<\/a>, moda d\u00fcnyas\u0131n\u0131n en \u00f6nemli temsilcileri aras\u0131nda yer al\u0131yor. D\u00fcnyaca \u00fcnl\u00fc Giorgio Armani, moda tasar\u0131mlar\u0131 ile dikkat \u00e7ekiyor. 11 Temmuz 1934 y\u0131l\u0131nda \u0130talya\u2019n\u0131n Piacenza kentinden do\u011fan Giorgio Armani, tasar\u0131mlar\u0131ndaki \u015f\u0131kl\u0131k ve sadelik ile \u00f6n plana \u00e7\u0131k\u0131yor.<\/p>\n<p><img loading=\"lazy\" decoding=\"async\" class=\"alignnone size-full wp-image-230885\" src=\"https:\/\/www.tgrthaber.com\/mavikadin\/wp-content\/uploads\/ARZU-2025-09-04T171501.102.jpg\" alt=\"Giorgio Armani kimdir ka\u00e7 ya\u015f\u0131nda? Giorgio Armani \u00f6ld\u00fc m\u00fc?\" width=\"1208\" height=\"680\" title=\"\" srcset=\"https:\/\/www.tgrthaber.com\/mavikadin\/wp-content\/uploads\/ARZU-2025-09-04T171501.102.jpg 1208w, https:\/\/www.tgrthaber.com\/mavikadin\/wp-content\/uploads\/ARZU-2025-09-04T171501.102-300x169.jpg 300w, https:\/\/www.tgrthaber.com\/mavikadin\/wp-content\/uploads\/ARZU-2025-09-04T171501.102-1024x576.jpg 1024w, https:\/\/www.tgrthaber.com\/mavikadin\/wp-content\/uploads\/ARZU-2025-09-04T171501.102-768x432.jpg 768w\" sizes=\"(max-width: 1208px) 100vw, 1208px\" \/><\/p>\n<hr \/>\n<p>D\u00fcnyaca tan\u0131nan Giorgio Armani, e\u011fitimleri ile de dikkat \u00e7ekiyor. Milano \u00dcniversitesi\u2019nde eczac\u0131l\u0131k okuyan Giorgio Armani, modaya ilgi duymas\u0131 ile de bu alanda ilerliyor. La Rinascente ma\u011fazas\u0131nda \u00e7al\u0131\u015farak sekt\u00f6re ad\u0131m atan Giorgio Armani, k\u0131sa s\u00fcrede tan\u0131n\u0131rl\u0131k kazand\u0131.<\/p>\n<p><img loading=\"lazy\" decoding=\"async\" class=\"alignnone size-full wp-image-230879\" src=\"https:\/\/www.tgrthaber.com\/mavikadin\/wp-content\/uploads\/ARZU-2025-09-04T171545.279.jpg\" alt=\"Giorgio Armani kimdir ka\u00e7 ya\u015f\u0131nda? Giorgio Armani \u00f6ld\u00fc m\u00fc?\" width=\"1208\" height=\"680\" title=\"\" srcset=\"https:\/\/www.tgrthaber.com\/mavikadin\/wp-content\/uploads\/ARZU-2025-09-04T171545.279.jpg 1208w, https:\/\/www.tgrthaber.com\/mavikadin\/wp-content\/uploads\/ARZU-2025-09-04T171545.279-300x169.jpg 300w, https:\/\/www.tgrthaber.com\/mavikadin\/wp-content\/uploads\/ARZU-2025-09-04T171545.279-1024x576.jpg 1024w, https:\/\/www.tgrthaber.com\/mavikadin\/wp-content\/uploads\/ARZU-2025-09-04T171545.279-768x432.jpg 768w\" sizes=\"(max-width: 1208px) 100vw, 1208px\" \/><\/p>\n<hr \/>\n<p>1975 y\u0131l\u0131nda kendi kurdu\u011fu Giorgio Armani S.P.A. markas\u0131 ile k\u00fcresel anlamda ba\u015far\u0131ya ula\u015fmas\u0131 ile dikkatleri \u00fczerine \u00e7ekti. Ba\u015far\u0131lar\u0131 ile g\u00fcndeme gelen Giorgio Armani, \u015fimdilerde parf\u00fcm, aksesuar ve ya\u015fam tarz\u0131 \u00fcr\u00fcnleriyle moda d\u00fcnyas\u0131n\u0131n en g\u00fc\u00e7l\u00fc markalar\u0131 haline geldi.<\/p>\n<h3><img loading=\"lazy\" decoding=\"async\" class=\"alignnone size-full wp-image-230884\" src=\"https:\/\/www.tgrthaber.com\/mavikadin\/wp-content\/uploads\/ARZU-2025-09-04T171508.679.jpg\" alt=\"Giorgio Armani kimdir ka\u00e7 ya\u015f\u0131nda? Giorgio Armani \u00f6ld\u00fc m\u00fc?\" width=\"1208\" height=\"680\" title=\"\" srcset=\"https:\/\/www.tgrthaber.com\/mavikadin\/wp-content\/uploads\/ARZU-2025-09-04T171508.679.jpg 1208w, https:\/\/www.tgrthaber.com\/mavikadin\/wp-content\/uploads\/ARZU-2025-09-04T171508.679-300x169.jpg 300w, https:\/\/www.tgrthaber.com\/mavikadin\/wp-content\/uploads\/ARZU-2025-09-04T171508.679-1024x576.jpg 1024w, https:\/\/www.tgrthaber.com\/mavikadin\/wp-content\/uploads\/ARZU-2025-09-04T171508.679-768x432.jpg 768w\" sizes=\"(max-width: 1208px) 100vw, 1208px\" \/><\/h3>\n<hr \/>\n<h3>G\u0130ORG\u0130O ARMAN\u0130 KA\u00c7 YA\u015eINDA?<\/h3>\n<p>\u0130talya\u2019n\u0131n moda tasar\u0131mc\u0131s\u0131 olan Giorgio Armani, 11 Temmuz 1943 do\u011fumu ile \u015fimdilerde 91 ya\u015f\u0131ndad\u0131r. 1975 y\u0131l\u0131nda orta\u011f\u0131 olan Sergio Galeotti ile Milano\u2019da Giorgio Armani S. P. A. \u015eirketini kurarak ilk koleksiyonunu sundu.<\/p>\n<p><img loading=\"lazy\" decoding=\"async\" class=\"alignnone size-full wp-image-230883\" src=\"https:\/\/www.tgrthaber.com\/mavikadin\/wp-content\/uploads\/ARZU-2025-09-04T171515.391.jpg\" alt=\"Giorgio Armani kimdir ka\u00e7 ya\u015f\u0131nda? Giorgio Armani \u00f6ld\u00fc m\u00fc?\" width=\"1208\" height=\"680\" title=\"\" srcset=\"https:\/\/www.tgrthaber.com\/mavikadin\/wp-content\/uploads\/ARZU-2025-09-04T171515.391.jpg 1208w, https:\/\/www.tgrthaber.com\/mavikadin\/wp-content\/uploads\/ARZU-2025-09-04T171515.391-300x169.jpg 300w, https:\/\/www.tgrthaber.com\/mavikadin\/wp-content\/uploads\/ARZU-2025-09-04T171515.391-1024x576.jpg 1024w, https:\/\/www.tgrthaber.com\/mavikadin\/wp-content\/uploads\/ARZU-2025-09-04T171515.391-768x432.jpg 768w\" sizes=\"(max-width: 1208px) 100vw, 1208px\" \/><\/p>\n<hr \/>\n<p>\u0130lk etap da erkek giyimi ile ba\u015flay\u0131p kad\u0131n giyime, aksesuarlar\u0131ndan parf\u00fcm\u00fc kadar pek \u00e7ok alanda markas\u0131n\u0131 b\u00fcy\u00fctm\u00fc\u015ft\u00fcr. \u00d6zellikle Hollywood y\u0131ld\u0131zlar\u0131 i\u00e7in haz\u0131rlad\u0131\u011f\u0131 k\u0131yafetler ile uluslararas\u0131 \u015f\u00f6hret kazanm\u0131\u015ft\u0131r.<\/p>\n<h3><img loading=\"lazy\" decoding=\"async\" class=\"alignnone size-full wp-image-230882\" src=\"https:\/\/www.tgrthaber.com\/mavikadin\/wp-content\/uploads\/ARZU-2025-09-04T171521.350.jpg\" alt=\"Giorgio Armani kimdir ka\u00e7 ya\u015f\u0131nda? Giorgio Armani \u00f6ld\u00fc m\u00fc?\" width=\"1208\" height=\"680\" title=\"\" srcset=\"https:\/\/www.tgrthaber.com\/mavikadin\/wp-content\/uploads\/ARZU-2025-09-04T171521.350.jpg 1208w, https:\/\/www.tgrthaber.com\/mavikadin\/wp-content\/uploads\/ARZU-2025-09-04T171521.350-300x169.jpg 300w, https:\/\/www.tgrthaber.com\/mavikadin\/wp-content\/uploads\/ARZU-2025-09-04T171521.350-1024x576.jpg 1024w, https:\/\/www.tgrthaber.com\/mavikadin\/wp-content\/uploads\/ARZU-2025-09-04T171521.350-768x432.jpg 768w\" sizes=\"(max-width: 1208px) 100vw, 1208px\" \/><\/h3>\n<hr \/>\n<h3>G\u0130ORG\u0130O ARMAN\u0130 \u00d6LD\u00dc M\u00dc?<\/h3>\n<p>D\u00fcnyaca \u00fcnl\u00fc Giorgio Armani\u2019nin hayat\u0131n\u0131 kaybetti\u011fi duyuruldu. Moda d\u00fcnyas\u0131n\u0131n \u00f6nde gelen isimlerinden olan Giorgio Armani, ge\u00e7ti\u011fimiz saatlerde 91 ya\u015f\u0131nda hayat\u0131n\u0131 kaybetti.<\/p>\n<p><img loading=\"lazy\" decoding=\"async\" class=\"alignnone size-full wp-image-230880\" src=\"https:\/\/www.tgrthaber.com\/mavikadin\/wp-content\/uploads\/ARZU-2025-09-04T171537.586.jpg\" alt=\"Giorgio Armani kimdir ka\u00e7 ya\u015f\u0131nda? Giorgio Armani \u00f6ld\u00fc m\u00fc?\" width=\"1208\" height=\"680\" title=\"\" srcset=\"https:\/\/www.tgrthaber.com\/mavikadin\/wp-content\/uploads\/ARZU-2025-09-04T171537.586.jpg 1208w, https:\/\/www.tgrthaber.com\/mavikadin\/wp-content\/uploads\/ARZU-2025-09-04T171537.586-300x169.jpg 300w, https:\/\/www.tgrthaber.com\/mavikadin\/wp-content\/uploads\/ARZU-2025-09-04T171537.586-1024x576.jpg 1024w, https:\/\/www.tgrthaber.com\/mavikadin\/wp-content\/uploads\/ARZU-2025-09-04T171537.586-768x432.jpg 768w\" sizes=\"(max-width: 1208px) 100vw, 1208px\" \/><\/p>\n<hr \/>\n<p>\u00d6l\u00fcm nedeni hen\u00fcz a\u00e7\u0131klanmayan Giorgio Armani, \u0130talyan bas\u0131n\u0131na g\u00f6re, do\u011fal nedenler ile vefat etti\u011fi bildirildi. Moda d\u00fcnyas\u0131nda bu ac\u0131 haber derin bir h\u00fczne neden oldu.<\/p>\n","protected":false},"excerpt":{"rendered":"<p>\u00dcnl\u00fc \u0130talyan moda tasar\u0131mc\u0131s\u0131 Giorgio Armani, tasar\u0131mlar\u0131 ile moda d\u00fcnyas\u0131na y\u00f6n vermesi ile dikkat \u00e7eken isimler aras\u0131nda yer al\u0131yor. Modan\u0131n \u00f6nc\u00fclerinden olan Giorgio Armani, arama motorlar\u0131nda ad\u0131 en \u00e7ok aranan ki\u015filer aras\u0131nda yer ald\u0131. Peki, Giorgio Armani kimdir ka\u00e7 ya\u015f\u0131nda? Giorgio Armani \u00f6ld\u00fc m\u00fc? \u0130\u015fte detaylar\u2026<\/p>\n","protected":false},"author":34,"featured_media":230881,"comment_status":"closed","ping_status":"closed","sticky":false,"template":"","format":"standard","meta":{"rank_math_lock_modified_date":false,"footnotes":""},"categories":[491],"tags":[16521,61459,61462,61463],"class_list":["post-230878","post","type-post","status-publish","format-standard","has-post-thumbnail","hentry","category-biyografi","tag-biyografi-haberleri","tag-giorgio-armani","tag-giorgio-armani-kimdir","tag-giorgio-armani-oldu-mu"],"_links":{"self":[{"href":"https:\/\/www.tgrthaber.com\/mavikadin\/wp-json\/wp\/v2\/posts\/230878"}],"collection":[{"href":"https:\/\/www.tgrthaber.com\/mavikadin\/wp-json\/wp\/v2\/posts"}],"about":[{"href":"https:\/\/www.tgrthaber.com\/mavikadin\/wp-json\/wp\/v2\/types\/post"}],"author":[{"embeddable":true,"href":"https:\/\/www.tgrthaber.com\/mavikadin\/wp-json\/wp\/v2\/users\/34"}],"replies":[{"embeddable":true,"href":"https:\/\/www.tgrthaber.com\/mavikadin\/wp-json\/wp\/v2\/comments?post=230878"}],"version-history":[{"count":2,"href":"https:\/\/www.tgrthaber.com\/mavikadin\/wp-json\/wp\/v2\/posts\/230878\/revisions"}],"predecessor-version":[{"id":230895,"href":"https:\/\/www.tgrthaber.com\/mavikadin\/wp-json\/wp\/v2\/posts\/230878\/revisions\/230895"}],"wp:featuredmedia":[{"embeddable":true,"href":"https:\/\/www.tgrthaber.com\/mavikadin\/wp-json\/wp\/v2\/media\/230881"}],"wp:attachment":[{"href":"https:\/\/www.tgrthaber.com\/mavikadin\/wp-json\/wp\/v2\/media?parent=230878"}],"wp:term":[{"taxonomy":"category","embeddable":true,"href":"https:\/\/www.tgrthaber.com\/mavikadin\/wp-json\/wp\/v2\/categories?post=230878"},{"taxonomy":"post_tag","embeddable":true,"href":"https:\/\/www.tgrthaber.com\/mavikadin\/wp-json\/wp\/v2\/tags?post=230878"}],"curies":[{"name":"wp","href":"https:\/\/api.w.org\/{rel}","templated":true}]}}