{"id":230927,"date":"2025-09-04T18:31:59","date_gmt":"2025-09-04T15:31:59","guid":{"rendered":"https:\/\/www.tgrthaber.com\/mavikadin\/?p=230927"},"modified":"2025-09-04T18:31:59","modified_gmt":"2025-09-04T15:31:59","slug":"zuhal-topalla-yemekteyiz-onur-kimdir-onur-baysal-kac-yasinda","status":"publish","type":"post","link":"https:\/\/www.tgrthaber.com\/mavikadin\/zuhal-topalla-yemekteyiz-onur-kimdir-onur-baysal-kac-yasinda\/","title":{"rendered":"Zuhal Topal&#8217;la Yemekteyiz Onur kimdir? Onur Baysal ka\u00e7 ya\u015f\u0131nda?"},"content":{"rendered":"<p>Zuhal Topal&#8217;la Yemekteyiz yeni sezon b\u00f6l\u00fcmleriyle yine g\u00fcndemde kalmay\u0131 ba\u015far\u0131yor. Her hafta 5 farkl\u0131 yar\u0131\u015fmac\u0131n\u0131n mutfakta h\u00fcnerlerini sergiledi\u011fi yar\u0131\u015fmada, bu hafta \u00f6ne \u00e7\u0131kan isim Onur Baysal oldu. Ne\u015feli ve esprili tav\u0131rlar\u0131yla dikkat \u00e7eken Onur Baysal izleyici taraf\u0131ndan merak edildi. Peki Zuhal Topal&#8217;la Yemekteyiz Onur kimdir? Yemekteyiz Onur Baysal ka\u00e7 ya\u015f\u0131nda ve mesle\u011fi nedir? \u0130\u015fte Yemekteyiz Onur Bey hakk\u0131nda merak edilen t\u00fcm detaylar&#8230;<\/p>\n<h3>ZUHAL TOPAL&#8217;LA YEMEKTEY\u0130Z ONUR K\u0130MD\u0130R?<\/h3>\n<p>\u0130ki bayan arkada\u015f\u0131 ve k\u00f6pe\u011fiyle yar\u0131\u015fmaya kat\u0131lan Onur Baysal, aslen Aksarayl\u0131 kendisi \u0130stanbul&#8217;da ya\u015f\u0131yor. Gayrimenkul Dan\u0131\u015fmanl\u0131\u011f\u0131 alan\u0131nda \u00e7al\u0131\u015f\u0131yor. Maliye b\u00f6l\u00fcm\u00fc mezunu olan Onur Bey ileti\u015fimi g\u00fc\u00e7l\u00fc oldu\u011fu i\u00e7in emlak alan\u0131na y\u00f6neldi\u011fini belirtti. Sezonun en iyisi ben olaca\u011f\u0131m diyerek iddias\u0131n\u0131 ortaya koydu.<\/p>\n<h3><img loading=\"lazy\" decoding=\"async\" class=\"alignnone wp-image-230943\" src=\"https:\/\/www.tgrthaber.com\/mavikadin\/wp-content\/uploads\/zuhal-topalla-yemekteyiz-omer-baysal-300x169.webp\" alt=\"\" width=\"1208\" height=\"680\" title=\"\" srcset=\"https:\/\/www.tgrthaber.com\/mavikadin\/wp-content\/uploads\/zuhal-topalla-yemekteyiz-omer-baysal-300x169.webp 300w, https:\/\/www.tgrthaber.com\/mavikadin\/wp-content\/uploads\/zuhal-topalla-yemekteyiz-omer-baysal-1024x576.webp 1024w, https:\/\/www.tgrthaber.com\/mavikadin\/wp-content\/uploads\/zuhal-topalla-yemekteyiz-omer-baysal-768x432.webp 768w, https:\/\/www.tgrthaber.com\/mavikadin\/wp-content\/uploads\/zuhal-topalla-yemekteyiz-omer-baysal.webp 1280w\" sizes=\"(max-width: 1208px) 100vw, 1208px\" \/><\/h3>\n<hr \/>\n<h3>YEL\u0130Z HANIM \u0130LE D\u0130ALO\u011eU G\u00dcNDEM OLDU<\/h3>\n<p>Yemekteyiz yar\u0131\u015fmac\u0131s\u0131 Onur Baysal&#8217;\u0131n di\u011fer yar\u0131\u015fmac\u0131 olan Yeliz Han\u0131m&#8217;la girdi\u011fi at\u0131\u015fma sosyal medyada g\u00fcndem olmu\u015ftu. Yeliz Han\u0131m&#8217;\u0131n &#8216;Ge\u00e7en makarna yapt\u0131m. O\u011flum bana &#8216;anne bir daha makarnay\u0131 sen yapmasan olur mu?&#8217; dedi s\u00f6zlerine kar\u015f\u0131l\u0131k Onur Baysal&#8217;\u0131n &#8216;Makarnay\u0131 bile beceremiyorsunuz. Burada bize ne yapmay\u0131 d\u00fc\u015f\u00fcn\u00fcyorsunuz?&#8217; s\u00f6zleri izleyici taraf\u0131ndan olduk\u00e7a dikkat \u00e7ekti.<\/p>\n<p><img loading=\"lazy\" decoding=\"async\" class=\"alignnone wp-image-230941\" src=\"https:\/\/www.tgrthaber.com\/mavikadin\/wp-content\/uploads\/Ekran-goruntusu-2025-09-04-152250-300x134.png\" alt=\"\" width=\"1208\" height=\"538\" title=\"\" srcset=\"https:\/\/www.tgrthaber.com\/mavikadin\/wp-content\/uploads\/Ekran-goruntusu-2025-09-04-152250-300x134.png 300w, https:\/\/www.tgrthaber.com\/mavikadin\/wp-content\/uploads\/Ekran-goruntusu-2025-09-04-152250-768x342.png 768w, https:\/\/www.tgrthaber.com\/mavikadin\/wp-content\/uploads\/Ekran-goruntusu-2025-09-04-152250.png 801w\" sizes=\"(max-width: 1208px) 100vw, 1208px\" \/><\/p>\n<hr \/>\n<p>Hareketli duru\u015fu, esprili ve dobra yorumlar\u0131yla izleyiciden tam not alan Onur Baysal kendi g\u00fcn\u00fcnde men\u00fcs\u00fcyle de g\u00f6ze \u00e7arpt\u0131. \u0130\u015fte Yemekteyiz Onur Bey&#8217;in sofras\u0131&#8230;<\/p>\n<p><img loading=\"lazy\" decoding=\"async\" class=\"alignnone wp-image-230942\" src=\"https:\/\/www.tgrthaber.com\/mavikadin\/wp-content\/uploads\/Ekran-goruntusu-2025-09-04-175028-300x167.png\" alt=\"\" width=\"1208\" height=\"673\" title=\"\" srcset=\"https:\/\/www.tgrthaber.com\/mavikadin\/wp-content\/uploads\/Ekran-goruntusu-2025-09-04-175028-300x167.png 300w, https:\/\/www.tgrthaber.com\/mavikadin\/wp-content\/uploads\/Ekran-goruntusu-2025-09-04-175028-768x428.png 768w, https:\/\/www.tgrthaber.com\/mavikadin\/wp-content\/uploads\/Ekran-goruntusu-2025-09-04-175028.png 800w\" sizes=\"(max-width: 1208px) 100vw, 1208px\" \/><\/p>\n<hr \/>\n<h3>YEMEKTEY\u0130Z ONUR BAYSAL MEN\u00dcS\u00dcYLE D\u0130KKAT \u00c7EKT\u0130<\/h3>\n<p>Yemekteyiz Onur Baysal adeta g\u00f6z dolduran bir men\u00fcyle izleyicisinin kar\u015f\u0131s\u0131na \u00e7\u0131kt\u0131. \u0130\u015fte Yemekteyiz Onur&#8217;un men\u00fcs\u00fc:<\/p>\n<p>Peynirli kabak \u00e7orbas\u0131<\/p>\n<p>Yaz k\u0131zartmas\u0131<\/p>\n<p><img loading=\"lazy\" decoding=\"async\" class=\"alignnone wp-image-230939\" src=\"https:\/\/www.tgrthaber.com\/mavikadin\/wp-content\/uploads\/Ekran-goruntusu-2025-09-04-152148-300x163.png\" alt=\"\" width=\"1208\" height=\"657\" title=\"\" srcset=\"https:\/\/www.tgrthaber.com\/mavikadin\/wp-content\/uploads\/Ekran-goruntusu-2025-09-04-152148-300x163.png 300w, https:\/\/www.tgrthaber.com\/mavikadin\/wp-content\/uploads\/Ekran-goruntusu-2025-09-04-152148.png 752w\" sizes=\"(max-width: 1208px) 100vw, 1208px\" \/><\/p>\n<hr \/>\n<p>Eli b\u00f6\u011fr\u00fcnde kebab\u0131<\/p>\n<p>Meyhane pilav\u0131<\/p>\n<p><img loading=\"lazy\" decoding=\"async\" class=\"alignnone wp-image-230940\" src=\"https:\/\/www.tgrthaber.com\/mavikadin\/wp-content\/uploads\/Ekran-goruntusu-2025-09-04-152157-300x174.png\" alt=\"\" width=\"1208\" height=\"703\" title=\"\" srcset=\"https:\/\/www.tgrthaber.com\/mavikadin\/wp-content\/uploads\/Ekran-goruntusu-2025-09-04-152157-300x174.png 300w, https:\/\/www.tgrthaber.com\/mavikadin\/wp-content\/uploads\/Ekran-goruntusu-2025-09-04-152157.png 760w\" sizes=\"(max-width: 1208px) 100vw, 1208px\" \/><\/p>\n<hr \/>\n<p>Gavurda\u011f\u0131 salata<\/p>\n<p>Dondurma e\u015fli\u011finde s\u00fctla\u00e7<\/p>\n<p><img loading=\"lazy\" decoding=\"async\" class=\"alignnone wp-image-230938\" src=\"https:\/\/www.tgrthaber.com\/mavikadin\/wp-content\/uploads\/Ekran-goruntusu-2025-09-04-152218-300x172.png\" alt=\"\" width=\"1208\" height=\"694\" title=\"\" srcset=\"https:\/\/www.tgrthaber.com\/mavikadin\/wp-content\/uploads\/Ekran-goruntusu-2025-09-04-152218-300x172.png 300w, https:\/\/www.tgrthaber.com\/mavikadin\/wp-content\/uploads\/Ekran-goruntusu-2025-09-04-152218.png 761w\" sizes=\"(max-width: 1208px) 100vw, 1208px\" \/><\/p>\n<hr \/>\n<h3>ZUHAL TOPAL&#8217;LA B\u00dcY\u00dcK \u00d6D\u00dcL 200 B\u0130N TL!<\/h3>\n<p>Zuhal Topal sunumuyla TV8 ekranlar\u0131nda hafta i\u00e7i her g\u00fcn yay\u0131nlanan Zuhal Topal&#8217;la Yemekteyiz program\u0131, yeni sezonda 150 bin TL olan b\u00fcy\u00fck \u00f6d\u00fcl\u00fc 200 bin TL&#8217;ye \u00e7\u0131kard\u0131. Yemeklerin sunumu, masa d\u00fczeni, yemeklerin lezzeti ile belirlenen puanlarla haftan\u0131n birincisi her Cuma g\u00fcn\u00fc belli oluyor. Bakal\u0131m Onur Baysal&#8217;\u0131n alaca\u011f\u0131 puanlar 200 bin TL i\u00e7in yeterli olacak m\u0131? Bekleyip g\u00f6rece\u011fiz.<\/p>\n","protected":false},"excerpt":{"rendered":"<p>TV8 ekranlar\u0131n\u0131n vazge\u00e7ilmeyen yemek program\u0131 Zuhal Topal&#8217;la Yemekteyiz de 1 ila 5 Eyl\u00fcl hafta aras\u0131nda yar\u0131\u015fan Onur Baysal izleyicinin dikkatini epeyce \u00e7ekti. Sosyal medyada aran\u0131lan Onur Baysal&#8217;\u0131n kim oldu\u011fu, ya\u015f\u0131 ve ne i\u015f yapt\u0131\u011f\u0131 merak konusu oldu. Peki Zuhal Topal&#8217;la Yemekteyiz Onur kimdir? Onur Baysal ka\u00e7 ya\u015f\u0131nda, ne i\u015f yap\u0131yor? \u0130\u015fte merak edilenler&#8230;<\/p>\n","protected":false},"author":35,"featured_media":230928,"comment_status":"closed","ping_status":"closed","sticky":false,"template":"","format":"standard","meta":{"rank_math_lock_modified_date":false,"footnotes":""},"categories":[491],"tags":[3374,8465,61475,61476,61474],"class_list":["post-230927","post","type-post","status-publish","format-standard","has-post-thumbnail","hentry","category-biyografi","tag-biyografi","tag-yemekteyiz","tag-yemekteyiz-onur-baysal-kimdir","tag-yemekteyiz-onur-kac-yasinda","tag-zuhal-topal-yemekteyiz-1-5-eylul"],"_links":{"self":[{"href":"https:\/\/www.tgrthaber.com\/mavikadin\/wp-json\/wp\/v2\/posts\/230927"}],"collection":[{"href":"https:\/\/www.tgrthaber.com\/mavikadin\/wp-json\/wp\/v2\/posts"}],"about":[{"href":"https:\/\/www.tgrthaber.com\/mavikadin\/wp-json\/wp\/v2\/types\/post"}],"author":[{"embeddable":true,"href":"https:\/\/www.tgrthaber.com\/mavikadin\/wp-json\/wp\/v2\/users\/35"}],"replies":[{"embeddable":true,"href":"https:\/\/www.tgrthaber.com\/mavikadin\/wp-json\/wp\/v2\/comments?post=230927"}],"version-history":[{"count":1,"href":"https:\/\/www.tgrthaber.com\/mavikadin\/wp-json\/wp\/v2\/posts\/230927\/revisions"}],"predecessor-version":[{"id":230948,"href":"https:\/\/www.tgrthaber.com\/mavikadin\/wp-json\/wp\/v2\/posts\/230927\/revisions\/230948"}],"wp:featuredmedia":[{"embeddable":true,"href":"https:\/\/www.tgrthaber.com\/mavikadin\/wp-json\/wp\/v2\/media\/230928"}],"wp:attachment":[{"href":"https:\/\/www.tgrthaber.com\/mavikadin\/wp-json\/wp\/v2\/media?parent=230927"}],"wp:term":[{"taxonomy":"category","embeddable":true,"href":"https:\/\/www.tgrthaber.com\/mavikadin\/wp-json\/wp\/v2\/categories?post=230927"},{"taxonomy":"post_tag","embeddable":true,"href":"https:\/\/www.tgrthaber.com\/mavikadin\/wp-json\/wp\/v2\/tags?post=230927"}],"curies":[{"name":"wp","href":"https:\/\/api.w.org\/{rel}","templated":true}]}}