{"id":230947,"date":"2025-09-04T19:23:55","date_gmt":"2025-09-04T16:23:55","guid":{"rendered":"https:\/\/www.tgrthaber.com\/mavikadin\/?p=230947"},"modified":"2025-09-05T22:45:44","modified_gmt":"2025-09-05T19:45:44","slug":"masterchef-4-eylul-2025-dokunulmazlik-oyununu-kim-kazandi-masterchef-eleme-adayi-kim-oldu","status":"publish","type":"post","link":"https:\/\/www.tgrthaber.com\/mavikadin\/masterchef-4-eylul-2025-dokunulmazlik-oyununu-kim-kazandi-masterchef-eleme-adayi-kim-oldu\/","title":{"rendered":"MasterChef 4 Eyl\u00fcl 2025 dokunulmazl\u0131k oyununu kim kazand\u0131? MasterChef eleme aday\u0131 kim oldu?"},"content":{"rendered":"<p class=\"p1\">Ekranlar\u0131n sevilen program\u0131 MasterChef T\u00fcrkiye\u2019de bu ak\u015fam 3. dokunulmazl\u0131k oyunu oynanacak. \u015eeflerin yar\u0131\u015fmac\u0131lardan bu ak\u015fam istedi\u011fi yemek ha\u015flamalar oldu.<span class=\"Apple-converted-space\">\u00a0 <\/span>\u00c7a\u011flar ve Ayten\u2019in 3. 4. eleme aday\u0131 olarak belirlenmesinin ard\u0131ndan g\u00f6zler 5. 6. eleme adaylar\u0131na \u00e7evrildi. \u0130zileyiciler MasterChef 4 Eyl\u00fcl 2025 dokunulmazl\u0131k oyununu kim kazand\u0131? MasterChef eleme aday\u0131 kim oldu? \u0130\u015fte detaylar..<\/p>\n<h3>MASTERCHEF DOKUNULMAZLIK OYUNU HEYECANI HIZ KESMEDEN DEVAM ED\u0130YOR<\/h3>\n<p>TV8 ekranlar\u0131n\u0131n sevilen program\u0131 MasterChef T\u00fcrkiye&#8217;de dokunulmazl\u0131k heyecan\u0131 h\u0131z kesmeden devam ediyor. 2 dokunulmazl\u0131k oyununun kazanan\u0131 Mavi tak\u0131m olurken eleme adaylar\u0131 olarak \u00c7a\u011flar ve Ayten belirlendi. \u015eimdi ise g\u00f6zler 5. ve 6. eleme aday\u0131na \u00e7evrildi. \u015eeflerin bu ak\u015fam yar\u0131\u015fmac\u0131lardan istedi\u011fi yemek ha\u015flamalar oldu.<\/p>\n<p><img loading=\"lazy\" decoding=\"async\" class=\"alignnone wp-image-230960 size-large\" src=\"https:\/\/www.tgrthaber.com\/mavikadin\/wp-content\/uploads\/Ekran-Resmi-2025-09-04-19.13.52-1024x671.png\" alt=\"\" width=\"1024\" height=\"671\" title=\"\" srcset=\"https:\/\/www.tgrthaber.com\/mavikadin\/wp-content\/uploads\/Ekran-Resmi-2025-09-04-19.13.52-1024x671.png 1024w, https:\/\/www.tgrthaber.com\/mavikadin\/wp-content\/uploads\/Ekran-Resmi-2025-09-04-19.13.52-300x197.png 300w, https:\/\/www.tgrthaber.com\/mavikadin\/wp-content\/uploads\/Ekran-Resmi-2025-09-04-19.13.52-768x503.png 768w, https:\/\/www.tgrthaber.com\/mavikadin\/wp-content\/uploads\/Ekran-Resmi-2025-09-04-19.13.52-1536x1006.png 1536w, https:\/\/www.tgrthaber.com\/mavikadin\/wp-content\/uploads\/Ekran-Resmi-2025-09-04-19.13.52.png 1810w\" sizes=\"(max-width: 1024px) 100vw, 1024px\" \/><\/p>\n<hr \/>\n<h3>MASTERCHEF 4 EYL\u00dcL 2025\u00a0 DOKUNULMAZLIK OYUNUNU K\u0130M KAZANDI?<\/h3>\n<p>MasterChef 4 Eyl\u00fcl 2025 dokunulmazl\u0131k oyununun kazanan\u0131 Mavi tak\u0131m oldu.<\/p>\n<h3>MASTERCHEF 4 EYL\u00dcL 2025 ELEME ADAYLARI K\u0130MLER OLDU?<\/h3>\n<p>MasterChef 4 Eyl\u00fcl 2025 eleme adaylar\u0131 \u00c7a\u011fatay ve Mert oldu.<\/p>\n<p><img loading=\"lazy\" decoding=\"async\" class=\"alignnone wp-image-230961 size-large\" src=\"https:\/\/www.tgrthaber.com\/mavikadin\/wp-content\/uploads\/Ekran-Resmi-2025-09-04-19.13.36-1024x587.png\" alt=\"\" width=\"1024\" height=\"587\" title=\"\" srcset=\"https:\/\/www.tgrthaber.com\/mavikadin\/wp-content\/uploads\/Ekran-Resmi-2025-09-04-19.13.36-1024x587.png 1024w, https:\/\/www.tgrthaber.com\/mavikadin\/wp-content\/uploads\/Ekran-Resmi-2025-09-04-19.13.36-300x172.png 300w, https:\/\/www.tgrthaber.com\/mavikadin\/wp-content\/uploads\/Ekran-Resmi-2025-09-04-19.13.36-768x440.png 768w, https:\/\/www.tgrthaber.com\/mavikadin\/wp-content\/uploads\/Ekran-Resmi-2025-09-04-19.13.36-1536x880.png 1536w, https:\/\/www.tgrthaber.com\/mavikadin\/wp-content\/uploads\/Ekran-Resmi-2025-09-04-19.13.36.png 1724w\" sizes=\"(max-width: 1024px) 100vw, 1024px\" \/><\/p>\n<hr \/>\n<h3 class=\"p1\">MASTERHCEF T\u00dcRK\u0130YE DOKUNULMAZLIK OYUNUNU K\u0130M KAZANDI? (3 Eyl\u00fcl)<\/h3>\n<p class=\"p2\">MasterChef T\u00fcrkiye\u2019de haftan\u0131n ikinci dokunulmazl\u0131k oyununu MAV\u0130 tak\u0131m kazand\u0131.<\/p>\n<h3 class=\"p1\">MASTERCHEF ELEME ADAYI K\u0130M OLDU?<\/h3>\n<p class=\"p1\">Yap\u0131lan oylaman\u0131n sonucunda MasterChef T\u00fcrkiye 2025\u2019te haftan\u0131n 3. 4. eleme adaylar\u0131 \u00c7a\u011flar ve Ayten oldu.<\/p>\n<p><img loading=\"lazy\" decoding=\"async\" class=\"alignnone wp-image-230962 size-large\" src=\"https:\/\/www.tgrthaber.com\/mavikadin\/wp-content\/uploads\/Ekran-Resmi-2025-09-04-19.13.32-1024x683.png\" alt=\"\" width=\"1024\" height=\"683\" title=\"\" srcset=\"https:\/\/www.tgrthaber.com\/mavikadin\/wp-content\/uploads\/Ekran-Resmi-2025-09-04-19.13.32-1024x683.png 1024w, https:\/\/www.tgrthaber.com\/mavikadin\/wp-content\/uploads\/Ekran-Resmi-2025-09-04-19.13.32-300x200.png 300w, https:\/\/www.tgrthaber.com\/mavikadin\/wp-content\/uploads\/Ekran-Resmi-2025-09-04-19.13.32-768x512.png 768w, https:\/\/www.tgrthaber.com\/mavikadin\/wp-content\/uploads\/Ekran-Resmi-2025-09-04-19.13.32-1536x1025.png 1536w, https:\/\/www.tgrthaber.com\/mavikadin\/wp-content\/uploads\/Ekran-Resmi-2025-09-04-19.13.32.png 1742w\" sizes=\"(max-width: 1024px) 100vw, 1024px\" \/><\/p>\n<hr \/>\n<h3 class=\"p1\">MASTERCHEF T\u00dcRK\u0130YE 2025 KAPTANLIK OYUNU TAKIMLARI (5.HAFTA)<\/h3>\n<p class=\"p2\"><b>Mavi tak\u0131m<\/b><\/p>\n<ul class=\"ul1\">\n<li class=\"li1\">Ayla ( kaptan)<\/li>\n<li class=\"li1\">Hakan<\/li>\n<li class=\"li1\">S\u00fcmeyye<\/li>\n<li class=\"li1\">Onur<\/li>\n<li class=\"li1\">Eyl\u00fcl<\/li>\n<li class=\"li1\">\u00d6zkan<\/li>\n<li class=\"li1\">Sercan<\/li>\n<li class=\"li1\">\u0130hsan<\/li>\n<li class=\"li1\">Cansu<\/li>\n<li class=\"li1\">\u0130rem<\/li>\n<\/ul>\n<p><img loading=\"lazy\" decoding=\"async\" class=\"alignnone wp-image-230965 \" src=\"https:\/\/www.tgrthaber.com\/mavikadin\/wp-content\/uploads\/Ekran-Resmi-2025-09-04-19.13.48-1024x617.png\" alt=\"\" width=\"1024\" height=\"617\" title=\"\" srcset=\"https:\/\/www.tgrthaber.com\/mavikadin\/wp-content\/uploads\/Ekran-Resmi-2025-09-04-19.13.48-1024x617.png 1024w, https:\/\/www.tgrthaber.com\/mavikadin\/wp-content\/uploads\/Ekran-Resmi-2025-09-04-19.13.48-300x181.png 300w, https:\/\/www.tgrthaber.com\/mavikadin\/wp-content\/uploads\/Ekran-Resmi-2025-09-04-19.13.48-768x463.png 768w, https:\/\/www.tgrthaber.com\/mavikadin\/wp-content\/uploads\/Ekran-Resmi-2025-09-04-19.13.48-1536x926.png 1536w, https:\/\/www.tgrthaber.com\/mavikadin\/wp-content\/uploads\/Ekran-Resmi-2025-09-04-19.13.48.png 1778w\" sizes=\"(max-width: 1024px) 100vw, 1024px\" \/><\/p>\n<hr \/>\n<p class=\"p2\"><b>K\u0131rm\u0131z\u0131 tak\u0131m<\/b><\/p>\n<ul class=\"ul1\">\n<li class=\"li1\">\u00c7a\u011flar(kaptan)<\/li>\n<li class=\"li1\">\u00c7a\u011fatay<\/li>\n<li class=\"li1\">Furkan<\/li>\n<li class=\"li1\">Gizem<\/li>\n<li class=\"li1\">Sezer<\/li>\n<li class=\"li1\">Mert<\/li>\n<li class=\"li1\">Ayten<\/li>\n<li class=\"li1\">\u0130lhan<\/li>\n<li class=\"li1\">Bar\u0131\u015f<\/li>\n<\/ul>\n<h3 class=\"p1\">MASTERCHEF T\u00dcRK\u0130YE 2025 ANA KADRO L\u0130STES\u0130<\/h3>\n<p class=\"p1\">MasterChef T\u00fcrkiye 2025 ana kadro g\u00fcncel listesi:<\/p>\n<p class=\"p1\">MasterChef T\u00fcrkiye Ana Kadroya Giren 1. Yar\u0131\u015fmac\u0131: Furkan<\/p>\n<p class=\"p1\">MasterChef T\u00fcrkiye Ana Kadroya Giren 2. Yar\u0131\u015fmac\u0131: Eyl\u00fcl<\/p>\n<p class=\"p1\">MasterChef T\u00fcrkiye Ana Kadroya Giren 3. Yar\u0131\u015fmac\u0131: \u00c7a\u011fatay<\/p>\n<p class=\"p1\">MasterChef T\u00fcrkiye Ana Kadroya Giren 4. Yar\u0131\u015fmac\u0131: Onur<\/p>\n<p><img loading=\"lazy\" decoding=\"async\" class=\"alignnone wp-image-230966 size-large\" src=\"https:\/\/www.tgrthaber.com\/mavikadin\/wp-content\/uploads\/Ekran-Resmi-2025-09-04-19.13.43-1024x614.png\" alt=\"\" width=\"1024\" height=\"614\" title=\"\" srcset=\"https:\/\/www.tgrthaber.com\/mavikadin\/wp-content\/uploads\/Ekran-Resmi-2025-09-04-19.13.43-1024x614.png 1024w, https:\/\/www.tgrthaber.com\/mavikadin\/wp-content\/uploads\/Ekran-Resmi-2025-09-04-19.13.43-300x180.png 300w, https:\/\/www.tgrthaber.com\/mavikadin\/wp-content\/uploads\/Ekran-Resmi-2025-09-04-19.13.43-768x460.png 768w, https:\/\/www.tgrthaber.com\/mavikadin\/wp-content\/uploads\/Ekran-Resmi-2025-09-04-19.13.43-1536x921.png 1536w, https:\/\/www.tgrthaber.com\/mavikadin\/wp-content\/uploads\/Ekran-Resmi-2025-09-04-19.13.43.png 1742w\" sizes=\"(max-width: 1024px) 100vw, 1024px\" \/><\/p>\n<hr \/>\n<p class=\"p1\">MasterChef T\u00fcrkiye Ana kadroya giren 5. Yar\u0131\u015fmac\u0131: Nisa Nur ( yedeklerden dahil oldu)<\/p>\n<p class=\"p1\">MasterChef T\u00fcrkiye Ana kadroya giren 6. Yar\u0131\u015fmac\u0131: Sercan<\/p>\n<p class=\"p1\">MasterChef T\u00fcrkiye Ana kadroya giren 7. Yar\u0131\u015fmac\u0131: Ayla<\/p>\n<p class=\"p1\">MasterChef T\u00fcrkiye Ana kadroya giren 8. Yar\u0131\u015fmac\u0131: \u0130hsan<\/p>\n<p class=\"p1\">MasterChef T\u00fcrkiye Ana kadroya giren 9. Yar\u0131\u015fmac\u0131: Ayten<\/p>\n<p class=\"p1\">MasterChef T\u00fcrkiye Ana kadroya giren 10. Yar\u0131\u015fmac\u0131: \u00c7a\u011flar<\/p>\n<p class=\"p1\">MasterChef T\u00fcrkiye Ana kadroya giren 11. Yar\u0131\u015fmac\u0131: Sezer<\/p>\n<p class=\"p1\">MasterChef T\u00fcrkiye Ana kadroya giren 12. Yar\u0131\u015fmac\u0131: Cansu<\/p>\n<p><img loading=\"lazy\" decoding=\"async\" class=\"alignnone wp-image-230967 size-large\" src=\"https:\/\/www.tgrthaber.com\/mavikadin\/wp-content\/uploads\/Ekran-Resmi-2025-09-04-19.13.27-1024x629.png\" alt=\"\" width=\"1024\" height=\"629\" title=\"\" srcset=\"https:\/\/www.tgrthaber.com\/mavikadin\/wp-content\/uploads\/Ekran-Resmi-2025-09-04-19.13.27-1024x629.png 1024w, https:\/\/www.tgrthaber.com\/mavikadin\/wp-content\/uploads\/Ekran-Resmi-2025-09-04-19.13.27-300x184.png 300w, https:\/\/www.tgrthaber.com\/mavikadin\/wp-content\/uploads\/Ekran-Resmi-2025-09-04-19.13.27-768x472.png 768w, https:\/\/www.tgrthaber.com\/mavikadin\/wp-content\/uploads\/Ekran-Resmi-2025-09-04-19.13.27-1536x944.png 1536w, https:\/\/www.tgrthaber.com\/mavikadin\/wp-content\/uploads\/Ekran-Resmi-2025-09-04-19.13.27.png 1654w\" sizes=\"(max-width: 1024px) 100vw, 1024px\" \/><\/p>\n<hr \/>\n<p class=\"p1\">MasterChef T\u00fcrkiye Ana kadroya giren 13. Yar\u0131\u015fmac\u0131: \u00d6zkan<\/p>\n<p class=\"p1\">MasterChef T\u00fcrkiye Ana kadroya giren 14. yar\u0131\u015fmac\u0131: Gizem<\/p>\n<p class=\"p1\">MasterChef T\u00fcrkiye Ana kadroya giren 15. yar\u0131\u015fmac\u0131: \u0130rem<\/p>\n<p class=\"p1\">MasterChef T\u00fcrkiye Ana kadroya giren 16. yar\u0131\u015fmac\u0131: Hakan<\/p>\n<p class=\"p1\">MasterChef T\u00fcrkiye Ana kadroya giren 17. yar\u0131\u015fmac\u0131: Mert ( yedeklerden dahil oldu)<\/p>\n<p class=\"p1\">MasterChef T\u00fcrkiye Ana kadroya giren 18. yar\u0131\u015fmac\u0131: S\u00fcmeyye<\/p>\n<p class=\"p1\">MasterChef T\u00fcrkiye Ana kadroya giren 19. yar\u0131\u015fmac\u0131: Bar\u0131\u015f Kaya ( yedeklerden dahil oldu)<\/p>\n<p class=\"p1\">MasterChef T\u00fcrkiye Ana kadroya giren 20. yar\u0131\u015fmac\u0131 \u0130lhan<\/p>\n","protected":false},"excerpt":{"rendered":"<p>MasterChef T\u00fcrkiye&#8217;de bu ak\u015fam ekranlara gelen b\u00f6l\u00fcmde 3. dokunulmazl\u0131k oyunu oynanacak. Milli ma\u00e7 G\u00fcrcistan- T\u00fcrkiye ma\u00e7\u0131n\u0131n ard\u0131ndan yay\u0131nlanacak olan programda 5. 6. eleme adaylar\u0131 da belli olacak. \u0130zleyiciler &#8216;4. Eyl\u00fcl 2025 dokunulmazl\u0131k oyununu kim kazand\u0131? Eleme adaylar\u0131 kim oldu?&#8217; sorular\u0131n\u0131n cevab\u0131n\u0131 merak ediyor. \u0130\u015fte detaylar&#8230; <\/p>\n","protected":false},"author":16,"featured_media":230971,"comment_status":"closed","ping_status":"closed","sticky":false,"template":"","format":"standard","meta":{"rank_math_lock_modified_date":false,"footnotes":""},"categories":[76],"tags":[133,2218,61480,61481,30855],"class_list":["post-230947","post","type-post","status-publish","format-standard","has-post-thumbnail","hentry","category-magazin","tag-magazin","tag-magazin-haberleri","tag-masterchef-4-eylul-2025-dokunulmazlik-oyununu-kim-kazandi","tag-masterchef-4-eylul-2025-eleme-adayi-kim-oldu","tag-masterchef-dokunulmazlik-oyununu-kim-kazandi"],"_links":{"self":[{"href":"https:\/\/www.tgrthaber.com\/mavikadin\/wp-json\/wp\/v2\/posts\/230947"}],"collection":[{"href":"https:\/\/www.tgrthaber.com\/mavikadin\/wp-json\/wp\/v2\/posts"}],"about":[{"href":"https:\/\/www.tgrthaber.com\/mavikadin\/wp-json\/wp\/v2\/types\/post"}],"author":[{"embeddable":true,"href":"https:\/\/www.tgrthaber.com\/mavikadin\/wp-json\/wp\/v2\/users\/16"}],"replies":[{"embeddable":true,"href":"https:\/\/www.tgrthaber.com\/mavikadin\/wp-json\/wp\/v2\/comments?post=230947"}],"version-history":[{"count":4,"href":"https:\/\/www.tgrthaber.com\/mavikadin\/wp-json\/wp\/v2\/posts\/230947\/revisions"}],"predecessor-version":[{"id":231673,"href":"https:\/\/www.tgrthaber.com\/mavikadin\/wp-json\/wp\/v2\/posts\/230947\/revisions\/231673"}],"wp:featuredmedia":[{"embeddable":true,"href":"https:\/\/www.tgrthaber.com\/mavikadin\/wp-json\/wp\/v2\/media\/230971"}],"wp:attachment":[{"href":"https:\/\/www.tgrthaber.com\/mavikadin\/wp-json\/wp\/v2\/media?parent=230947"}],"wp:term":[{"taxonomy":"category","embeddable":true,"href":"https:\/\/www.tgrthaber.com\/mavikadin\/wp-json\/wp\/v2\/categories?post=230947"},{"taxonomy":"post_tag","embeddable":true,"href":"https:\/\/www.tgrthaber.com\/mavikadin\/wp-json\/wp\/v2\/tags?post=230947"}],"curies":[{"name":"wp","href":"https:\/\/api.w.org\/{rel}","templated":true}]}}