{"id":230964,"date":"2025-09-04T19:57:50","date_gmt":"2025-09-04T16:57:50","guid":{"rendered":"https:\/\/www.tgrthaber.com\/mavikadin\/?p=230964"},"modified":"2025-09-04T19:57:50","modified_gmt":"2025-09-04T16:57:50","slug":"kubra-aydin-kimdir-kubra-aydin-neden-gundem-oldu","status":"publish","type":"post","link":"https:\/\/www.tgrthaber.com\/mavikadin\/kubra-aydin-kimdir-kubra-aydin-neden-gundem-oldu\/","title":{"rendered":"K\u00fcbra Ayd\u0131n kimdir? K\u00fcbra Ayd\u0131n neden g\u00fcndem oldu?"},"content":{"rendered":"<p>Erzincan&#8217;da g\u00f6rev yapan K\u00fcbra Ayd\u0131n, bir \u00f6\u011frencisinin ya\u015fad\u0131\u011f\u0131 zorluklar\u0131 dile getirerek, \u00e7ok k\u0131sa s\u00fcrede milyonlar\u0131n dikkatini \u00e7ekti. Sosyal medyada yay\u0131lan g\u00f6r\u00fcnt\u00fcler sonras\u0131 ise arama motorlar\u0131nda &#8216;K\u00fcbra Ayd\u0131n kimdir, ka\u00e7 ya\u015f\u0131nda?&#8217;, &#8216; K\u00fcbra Ayd\u0131n neden g\u00fcndemde?&#8217; ve &#8216; K\u00fcbra Ayd\u0131n mesle\u011fi nedir?&#8217; sorular\u0131 pe\u015f pe\u015fe sorulmaya ba\u015fland\u0131. \u0130\u015fte g\u00f6zya\u015flar\u0131 i\u00e7inde bir \u00f6\u011frencisinin ya\u015fad\u0131\u011f\u0131 durumu anlatan ve herkesin kalbinde taht kuran K\u00fcbra Ayd\u0131n hakk\u0131nda merak edilen t\u00fcm detaylar ve sosyal medyada viral olan o anlar&#8230;<\/p>\n<h3>K\u00dcBRA AYDIN K\u0130MD\u0130R?<\/h3>\n<p>Erzincan 13 \u015eubat \u0130lkokulu&#8217;nda m\u00fcd\u00fcr yard\u0131mc\u0131s\u0131 olarak g\u00f6rev yapan K\u00fcbra Ayd\u0131n, sadece \u00f6\u011frencilerinin dersleriyle ilgilenmekle kalmayan ve onlar\u0131n hayatrlar\u0131na da dokunan bir isim. Mesle\u011fini y\u0131llard\u0131r \u00f6\u011frencilerin e\u011fitimine harcayan \u00f6\u011fretmen K\u00fcbra Ayd\u0131n m\u00fcd\u00fcr yard\u0131mc\u0131s\u0131 olarak g\u00f6rev yapan bir e\u011fitimcidir.<\/p>\n<p><img loading=\"lazy\" decoding=\"async\" class=\"alignnone wp-image-230989\" src=\"https:\/\/www.tgrthaber.com\/mavikadin\/wp-content\/uploads\/Adsiz-tasarim-5-62-300x169.png\" alt=\"\" width=\"1208\" height=\"680\" title=\"\" srcset=\"https:\/\/www.tgrthaber.com\/mavikadin\/wp-content\/uploads\/Adsiz-tasarim-5-62-300x169.png 300w, https:\/\/www.tgrthaber.com\/mavikadin\/wp-content\/uploads\/Adsiz-tasarim-5-62-1024x576.png 1024w, https:\/\/www.tgrthaber.com\/mavikadin\/wp-content\/uploads\/Adsiz-tasarim-5-62-768x432.png 768w, https:\/\/www.tgrthaber.com\/mavikadin\/wp-content\/uploads\/Adsiz-tasarim-5-62-1536x864.png 1536w, https:\/\/www.tgrthaber.com\/mavikadin\/wp-content\/uploads\/Adsiz-tasarim-5-62.png 1920w\" sizes=\"(max-width: 1208px) 100vw, 1208px\" \/><\/p>\n<hr \/>\n<h3>K\u00dcBRA AYDIN NEDEN G\u00dcNDEM OLDU?<\/h3>\n<p>K\u00fcbra Ayd\u0131n&#8217;\u0131 g\u00fcndemin merkezine ta\u015f\u0131yan olay ise bir \u00f6\u011frencisi i\u00e7in validen yard\u0131m istemesi oldu. Ordu Caddesi&#8217;nde ya\u015fanan olayda, Vali Aydo\u011fdu K\u00fcbra Ayd\u0131n taraf\u0131ndan yolda durduruldu.<\/p>\n<p><img loading=\"lazy\" decoding=\"async\" class=\"alignnone wp-image-230985\" src=\"https:\/\/www.tgrthaber.com\/mavikadin\/wp-content\/uploads\/Adsiz-tasarim-3-69-300x169.png\" alt=\"\" width=\"1208\" height=\"680\" title=\"\" srcset=\"https:\/\/www.tgrthaber.com\/mavikadin\/wp-content\/uploads\/Adsiz-tasarim-3-69-300x169.png 300w, https:\/\/www.tgrthaber.com\/mavikadin\/wp-content\/uploads\/Adsiz-tasarim-3-69-1024x576.png 1024w, https:\/\/www.tgrthaber.com\/mavikadin\/wp-content\/uploads\/Adsiz-tasarim-3-69-768x432.png 768w, https:\/\/www.tgrthaber.com\/mavikadin\/wp-content\/uploads\/Adsiz-tasarim-3-69-1536x864.png 1536w, https:\/\/www.tgrthaber.com\/mavikadin\/wp-content\/uploads\/Adsiz-tasarim-3-69.png 1920w\" sizes=\"(max-width: 1208px) 100vw, 1208px\" \/><\/p>\n<hr \/>\n<p>\u00d6\u011fretmen K\u00fcbra Ayd\u0131n, bir \u00f6\u011frencisinin babas\u0131n\u0131n uzun zamand\u0131r yo\u011fun bak\u0131mda oldu\u011funu ve \u0130stanbul \u00dcniversitesi Hukuk Fak\u00fcltesini kazanan \u00f6\u011frencisinin bursla birlikte yurt ihtiyac\u0131 oldu\u011funu s\u00f6yledi. G\u00f6zya\u015flar\u0131 i\u00e7inde durumu Vali Aydo\u011fdu&#8217;ya anlatan K\u00fcbra Ayd\u0131n \u00e7ok k\u0131sa s\u00fcrede binlerce be\u011feni ve destek ald\u0131.<\/p>\n<p><img loading=\"lazy\" decoding=\"async\" class=\"alignnone wp-image-230984\" src=\"https:\/\/www.tgrthaber.com\/mavikadin\/wp-content\/uploads\/Adsiz-tasarim-4-61-300x169.png\" alt=\"\" width=\"1208\" height=\"680\" title=\"\" srcset=\"https:\/\/www.tgrthaber.com\/mavikadin\/wp-content\/uploads\/Adsiz-tasarim-4-61-300x169.png 300w, https:\/\/www.tgrthaber.com\/mavikadin\/wp-content\/uploads\/Adsiz-tasarim-4-61-1024x576.png 1024w, https:\/\/www.tgrthaber.com\/mavikadin\/wp-content\/uploads\/Adsiz-tasarim-4-61-768x432.png 768w, https:\/\/www.tgrthaber.com\/mavikadin\/wp-content\/uploads\/Adsiz-tasarim-4-61-1536x864.png 1536w, https:\/\/www.tgrthaber.com\/mavikadin\/wp-content\/uploads\/Adsiz-tasarim-4-61.png 1920w\" sizes=\"(max-width: 1208px) 100vw, 1208px\" \/><\/p>\n<hr \/>\n<p>K\u00fcbra Ayd\u0131n&#8217;\u0131n t\u00fcm bu anlatt\u0131klar\u0131na kay\u0131ts\u0131z kalamayan Vali Hamza Aydo\u011fdu ise \u00f6\u011frenciyi telefonla arayarak, kendisine destek olaca\u011f\u0131na dair s\u00f6z verdi.<\/p>\n<p><img loading=\"lazy\" decoding=\"async\" class=\"alignnone wp-image-230980\" src=\"https:\/\/www.tgrthaber.com\/mavikadin\/wp-content\/uploads\/68b99bed0e55099b015d6d86-300x169.webp\" alt=\"\" width=\"1208\" height=\"680\" title=\"\" srcset=\"https:\/\/www.tgrthaber.com\/mavikadin\/wp-content\/uploads\/68b99bed0e55099b015d6d86-300x169.webp 300w, https:\/\/www.tgrthaber.com\/mavikadin\/wp-content\/uploads\/68b99bed0e55099b015d6d86-1024x576.webp 1024w, https:\/\/www.tgrthaber.com\/mavikadin\/wp-content\/uploads\/68b99bed0e55099b015d6d86-768x432.webp 768w, https:\/\/www.tgrthaber.com\/mavikadin\/wp-content\/uploads\/68b99bed0e55099b015d6d86.webp 1200w\" sizes=\"(max-width: 1208px) 100vw, 1208px\" \/><\/p>\n<hr \/>\n<p>O g\u00fcn\u00fcn ak\u015fam\u0131nda ise \u00f6\u011frencinin evine birlikte ziyaret ger\u00e7ekle\u015ftirerek aileyle g\u00f6r\u00fc\u015fme sa\u011fland\u0131. Vali Hamza Aydo\u011fdu, Yunus Emre Ada\u015f i\u00e7in maddi ve manevi t\u00fcm imkanlar\u0131 kullanaca\u011f\u0131n\u0131 s\u00f6yledi.<\/p>\n<p><img loading=\"lazy\" decoding=\"async\" class=\"alignnone wp-image-230983\" src=\"https:\/\/www.tgrthaber.com\/mavikadin\/wp-content\/uploads\/68b996638033b20ff4b32978-300x169.webp\" alt=\"\" width=\"1208\" height=\"680\" title=\"\" srcset=\"https:\/\/www.tgrthaber.com\/mavikadin\/wp-content\/uploads\/68b996638033b20ff4b32978-300x169.webp 300w, https:\/\/www.tgrthaber.com\/mavikadin\/wp-content\/uploads\/68b996638033b20ff4b32978.webp 750w\" sizes=\"(max-width: 1208px) 100vw, 1208px\" \/><\/p>\n<hr \/>\n<h3>SOSYAL MEDYADA GEN\u0130\u015e YANKI UYANDIRDI<\/h3>\n<p>Vali Aydo\u011fdu t\u00fcm bu geli\u015fmeleri sosyal medya hesab\u0131 \u00fczerinden de payla\u015ft\u0131. Vali Aydo\u011fdu ki\u015fisel hesab\u0131nda \u015fu ifadelere yer verdi;<\/p>\n<p>&#8216; K\u00fcbra \u00f6\u011fretmen g\u00f6n\u00fcl yolunu se\u00e7mi\u015fti. Ba\u015fkas\u0131n\u0131n y\u00fck\u00fcn\u00fc kendi y\u00fck\u00fc bilmi\u015fti.&#8217; Vali Aydo\u011fdu&#8217;nun bu s\u00f6zleri de sosyal medya kullan\u0131c\u0131lar\u0131 aras\u0131nda ger\u00e7ek kahramanlar s\u0131n\u0131fta yeti\u015fir \u015feklinde yorumland\u0131.<\/p>\n<div style=\"width: 640px;\" class=\"wp-video\"><!--[if lt IE 9]><script>document.createElement('video');<\/script><![endif]-->\n<video class=\"wp-video-shortcode\" id=\"video-230964-1\" width=\"640\" height=\"1138\" preload=\"metadata\" controls=\"controls\"><source type=\"video\/mp4\" src=\"https:\/\/www.tgrthaber.com\/mavikadin\/wp-content\/uploads\/3IzXfRQypdhPdc0n.mp4?_=1\" \/><a href=\"https:\/\/www.tgrthaber.com\/mavikadin\/wp-content\/uploads\/3IzXfRQypdhPdc0n.mp4\">https:\/\/www.tgrthaber.com\/mavikadin\/wp-content\/uploads\/3IzXfRQypdhPdc0n.mp4<\/a><\/video><\/div>\n<hr \/>\n<p>K\u00fcbra Ayd\u0131n \u00f6\u011frencisi Yunus Emre Ada\u015f i\u00e7in g\u00f6zya\u015flar\u0131n\u0131 tutamayarak yard\u0131m isteyen bir e\u011fitimci olarak haf\u0131zalara \u015fimdiden kaz\u0131nd\u0131.<\/p>\n","protected":false},"excerpt":{"rendered":"<p>Erzincan&#8217;da ya\u015fanan bir olayla g\u00fcndeme gelen K\u00fcbra Ayd\u0131n, sosyal medya ve arama trendlerinde yer ald\u0131. \u00d6\u011frencisi i\u00e7in istedi\u011fi yard\u0131mla k\u0131sa s\u00fcrede ilgi \u00e7eken K\u00fcbra Ayd\u0131n&#8217;\u0131n kim oldu\u011fu ve neden g\u00fcndeme geldi\u011fi detayl\u0131ca ara\u015ft\u0131r\u0131l\u0131yor. Peki K\u00fcbra Ayd\u0131n kimdir, mesle\u011fi nedir? K\u00fcbra Ayd\u0131n neden g\u00fcndeme geldi? \u0130\u015fte sosyal medyan\u0131n \u00e7ok konu\u015ftu\u011fu isim K\u00fcbra Ayd\u0131n hakk\u0131nda merak edilenler&#8230;<\/p>\n","protected":false},"author":35,"featured_media":230970,"comment_status":"closed","ping_status":"closed","sticky":false,"template":"","format":"standard","meta":{"rank_math_lock_modified_date":false,"footnotes":""},"categories":[491],"tags":[3374,5868,61484,61486,61485],"class_list":["post-230964","post","type-post","status-publish","format-standard","has-post-thumbnail","hentry","category-biyografi","tag-biyografi","tag-erzincan","tag-kubra-aydin","tag-kubra-aydin-kimdir","tag-kubra-aydin-neden-gundemde"],"_links":{"self":[{"href":"https:\/\/www.tgrthaber.com\/mavikadin\/wp-json\/wp\/v2\/posts\/230964"}],"collection":[{"href":"https:\/\/www.tgrthaber.com\/mavikadin\/wp-json\/wp\/v2\/posts"}],"about":[{"href":"https:\/\/www.tgrthaber.com\/mavikadin\/wp-json\/wp\/v2\/types\/post"}],"author":[{"embeddable":true,"href":"https:\/\/www.tgrthaber.com\/mavikadin\/wp-json\/wp\/v2\/users\/35"}],"replies":[{"embeddable":true,"href":"https:\/\/www.tgrthaber.com\/mavikadin\/wp-json\/wp\/v2\/comments?post=230964"}],"version-history":[{"count":2,"href":"https:\/\/www.tgrthaber.com\/mavikadin\/wp-json\/wp\/v2\/posts\/230964\/revisions"}],"predecessor-version":[{"id":230994,"href":"https:\/\/www.tgrthaber.com\/mavikadin\/wp-json\/wp\/v2\/posts\/230964\/revisions\/230994"}],"wp:featuredmedia":[{"embeddable":true,"href":"https:\/\/www.tgrthaber.com\/mavikadin\/wp-json\/wp\/v2\/media\/230970"}],"wp:attachment":[{"href":"https:\/\/www.tgrthaber.com\/mavikadin\/wp-json\/wp\/v2\/media?parent=230964"}],"wp:term":[{"taxonomy":"category","embeddable":true,"href":"https:\/\/www.tgrthaber.com\/mavikadin\/wp-json\/wp\/v2\/categories?post=230964"},{"taxonomy":"post_tag","embeddable":true,"href":"https:\/\/www.tgrthaber.com\/mavikadin\/wp-json\/wp\/v2\/tags?post=230964"}],"curies":[{"name":"wp","href":"https:\/\/api.w.org\/{rel}","templated":true}]}}