{"id":230974,"date":"2025-09-04T20:08:45","date_gmt":"2025-09-04T17:08:45","guid":{"rendered":"https:\/\/www.tgrthaber.com\/mavikadin\/?p=230974"},"modified":"2025-09-04T20:08:46","modified_gmt":"2025-09-04T17:08:46","slug":"masterchefte-caglar-sezer-birbirine-girdi-hakaretler-havada-ucustu","status":"publish","type":"post","link":"https:\/\/www.tgrthaber.com\/mavikadin\/masterchefte-caglar-sezer-birbirine-girdi-hakaretler-havada-ucustu\/","title":{"rendered":"MasterChef&#8217;te \u00c7a\u011flar Sezer birbirine girdi! Hakaretler havada u\u00e7u\u015ftu"},"content":{"rendered":"<p>TV8 ekranlar\u0131n\u0131n sevilen program\u0131 MasterChef T\u00fcrkiye&#8217;de bu ak\u015fam ortam fena gerildi. \u00c7a\u011flar ve Sezer&#8217;in kavgas\u0131 geceye damga vururken fragmanda ya\u015fananlar merak konusu oldu. Mavi tak\u0131m kaptan\u0131 \u00c7a\u011flar&#8217;\u0131n &#8216;Ben&#8217; ifadesi \u00fczerine \u00e7\u0131lg\u0131na d\u00f6nen Sezer a\u00e7t\u0131 a\u011fz\u0131n\u0131 yumdu g\u00f6z\u00fcn\u00fc.\u00a0 &#8216;Sen \u00e7ocu\u011funumu \u00e7a\u011f\u0131r\u0131yorsun, hay\u0131rd\u0131r&#8217; diye sitem eden Sezer, \u00c7a\u011flar&#8217;\u0131n hareketleri kar\u015f\u0131s\u0131nda \u00e7\u0131lg\u0131na d\u00f6nd\u00fc. \u0130\u015fte detaylar&#8230;<\/p>\n<h3>MASTERCHEF \u00c7A\u011eLAR VE SEZER B\u0130RB\u0130R\u0130NE G\u0130RD\u0130! HAKARETLER HAVADA U\u00c7U\u015eTU<\/h3>\n<p><a href=\"https:\/\/www.tgrthaber.com\/mavikadin\/masterchef-danillo-zannanin-asik-oldugum-dedigi-borek-hangisi-turkiyedeki-favorisi-bakin-neymis\/\">MasterChef<\/a> T\u00fcrkiye yeni sezonu h\u0131z kesmeden devam ediyor. Bu ak\u015fam ekranlara gelen b\u00f6l\u00fcmde 3. dokunulmazl\u0131k oyunu oynanacak. \u00c7a\u011flar ve Ayten&#8217;in 3. 4. eleme aday\u0131 olarak belirlenmesini ard\u0131ndan g\u00f6zler 5. ve 6. eleme adaylar\u0131na \u00e7evrildi. Geceye ise \u00c7a\u011flar ve Sezer aras\u0131nda ya\u015fanan gerginlik damga vurdu. Mavi tak\u0131m kaptan\u0131 \u00c7a\u011flar&#8217;\u0131n konu\u015fmalar\u0131ndan rahats\u0131z olan Sezer \u00e7ileden \u00e7\u0131kt\u0131. \u0130\u015fte fragmanda dikkat \u00e7eken anlar&#8230;<\/p>\n<div style=\"width: 640px;\" class=\"wp-video\"><!--[if lt IE 9]><script>document.createElement('video');<\/script><![endif]-->\n<video class=\"wp-video-shortcode\" id=\"video-230974-1\" width=\"640\" height=\"360\" preload=\"metadata\" controls=\"controls\"><source type=\"video\/mp4\" src=\"https:\/\/www.tgrthaber.com\/mavikadin\/wp-content\/uploads\/master-kavga-.mp4?_=1\" \/><a href=\"https:\/\/www.tgrthaber.com\/mavikadin\/wp-content\/uploads\/master-kavga-.mp4\">https:\/\/www.tgrthaber.com\/mavikadin\/wp-content\/uploads\/master-kavga-.mp4<\/a><\/video><\/div>\n<p>&nbsp;<\/p>\n<h3 class=\"p1\">MASTERHCEF T\u00dcRK\u0130YE DOKUNULMAZLIK OYUNUNU K\u0130M KAZANDI? (3 Eyl\u00fcl)<\/h3>\n<p class=\"p1\">MasterChef T\u00fcrkiye\u2019de haftan\u0131n ikinci dokunulmazl\u0131k oyununu MAV\u0130 tak\u0131m kazand\u0131.<\/p>\n<p><img loading=\"lazy\" decoding=\"async\" class=\"alignnone wp-image-230976 size-full\" src=\"https:\/\/www.tgrthaber.com\/mavikadin\/wp-content\/uploads\/Ekran-Resmi-2025-09-04-17.02.33.png\" alt=\"\" width=\"1010\" height=\"586\" title=\"\" srcset=\"https:\/\/www.tgrthaber.com\/mavikadin\/wp-content\/uploads\/Ekran-Resmi-2025-09-04-17.02.33.png 1010w, https:\/\/www.tgrthaber.com\/mavikadin\/wp-content\/uploads\/Ekran-Resmi-2025-09-04-17.02.33-300x174.png 300w, https:\/\/www.tgrthaber.com\/mavikadin\/wp-content\/uploads\/Ekran-Resmi-2025-09-04-17.02.33-768x446.png 768w\" sizes=\"(max-width: 1010px) 100vw, 1010px\" \/><\/p>\n<hr \/>\n<h3 class=\"p1\">MASTERCHEF ELEME ADAYI K\u0130M OLDU?<\/h3>\n<p class=\"p1\">Yap\u0131lan oylaman\u0131n sonucunda MasterChef T\u00fcrkiye 2025\u2019te haftan\u0131n 3. 4. eleme adaylar\u0131 \u00c7a\u011flar ve Ayten oldu.<\/p>\n<h3 class=\"p1\">MASTERCHEF T\u00dcRK\u0130YE 2025 KAPTANLIK OYUNU TAKIMLARI (5.HAFTA)<\/h3>\n<p class=\"p1\">Mavi tak\u0131m<\/p>\n<ul class=\"ul1\">\n<li class=\"li1\">Ayla ( kaptan)<\/li>\n<li class=\"li1\">Hakan<\/li>\n<li class=\"li1\">S\u00fcmeyye<\/li>\n<li class=\"li1\">Onur<\/li>\n<li class=\"li1\">Eyl\u00fcl<\/li>\n<li class=\"li1\">\u00d6zkan<\/li>\n<li class=\"li1\">Sercan<\/li>\n<li class=\"li1\">\u0130hsan<\/li>\n<li class=\"li1\">Cansu<\/li>\n<li class=\"li1\">\u0130rem<\/li>\n<\/ul>\n<p><img loading=\"lazy\" decoding=\"async\" class=\"alignnone wp-image-230977 size-large\" src=\"https:\/\/www.tgrthaber.com\/mavikadin\/wp-content\/uploads\/Ekran-Resmi-2025-09-04-16.55.06-1-1024x612.png\" alt=\"\" width=\"1024\" height=\"612\" title=\"\" srcset=\"https:\/\/www.tgrthaber.com\/mavikadin\/wp-content\/uploads\/Ekran-Resmi-2025-09-04-16.55.06-1-1024x612.png 1024w, https:\/\/www.tgrthaber.com\/mavikadin\/wp-content\/uploads\/Ekran-Resmi-2025-09-04-16.55.06-1-300x179.png 300w, https:\/\/www.tgrthaber.com\/mavikadin\/wp-content\/uploads\/Ekran-Resmi-2025-09-04-16.55.06-1-768x459.png 768w, https:\/\/www.tgrthaber.com\/mavikadin\/wp-content\/uploads\/Ekran-Resmi-2025-09-04-16.55.06-1-1536x917.png 1536w, https:\/\/www.tgrthaber.com\/mavikadin\/wp-content\/uploads\/Ekran-Resmi-2025-09-04-16.55.06-1.png 1798w\" sizes=\"(max-width: 1024px) 100vw, 1024px\" \/><\/p>\n<hr \/>\n<p class=\"p1\">K\u0131rm\u0131z\u0131 tak\u0131m<\/p>\n<ul class=\"ul1\">\n<li class=\"li1\">\u00c7a\u011flar(kaptan)<\/li>\n<li class=\"li1\">\u00c7a\u011fatay<\/li>\n<li class=\"li1\">Furkan<\/li>\n<li class=\"li1\">Gizem<\/li>\n<li class=\"li1\">Sezer<\/li>\n<li class=\"li1\">Mert<\/li>\n<li class=\"li1\">Ayten<\/li>\n<li class=\"li1\">\u0130lhan<\/li>\n<li class=\"li1\">Bar\u0131\u015f<\/li>\n<\/ul>\n<h3 class=\"p1\">MASTERCHEF T\u00dcRK\u0130YE 2025 ANA KADRO L\u0130STES\u0130<\/h3>\n<p class=\"p1\">MasterChef T\u00fcrkiye 2025 ana kadro g\u00fcncel listesi:<\/p>\n<p class=\"p1\">MasterChef T\u00fcrkiye Ana Kadroya Giren 1. Yar\u0131\u015fmac\u0131: Furkan<\/p>\n<p class=\"p1\">MasterChef T\u00fcrkiye Ana Kadroya Giren 2. Yar\u0131\u015fmac\u0131: Eyl\u00fcl<\/p>\n<p class=\"p1\">MasterChef T\u00fcrkiye Ana Kadroya Giren 3. Yar\u0131\u015fmac\u0131: \u00c7a\u011fatay<\/p>\n<p class=\"p1\">MasterChef T\u00fcrkiye Ana Kadroya Giren 4. Yar\u0131\u015fmac\u0131: Onur<\/p>\n<p><img loading=\"lazy\" decoding=\"async\" class=\"alignnone wp-image-230979 size-large\" src=\"https:\/\/www.tgrthaber.com\/mavikadin\/wp-content\/uploads\/Ekran-Resmi-2025-09-04-16.54.59-1024x594.png\" alt=\"\" width=\"1024\" height=\"594\" title=\"\" srcset=\"https:\/\/www.tgrthaber.com\/mavikadin\/wp-content\/uploads\/Ekran-Resmi-2025-09-04-16.54.59-1024x594.png 1024w, https:\/\/www.tgrthaber.com\/mavikadin\/wp-content\/uploads\/Ekran-Resmi-2025-09-04-16.54.59-300x174.png 300w, https:\/\/www.tgrthaber.com\/mavikadin\/wp-content\/uploads\/Ekran-Resmi-2025-09-04-16.54.59-768x446.png 768w, https:\/\/www.tgrthaber.com\/mavikadin\/wp-content\/uploads\/Ekran-Resmi-2025-09-04-16.54.59-1536x891.png 1536w, https:\/\/www.tgrthaber.com\/mavikadin\/wp-content\/uploads\/Ekran-Resmi-2025-09-04-16.54.59.png 1872w\" sizes=\"(max-width: 1024px) 100vw, 1024px\" \/><\/p>\n<hr \/>\n<p class=\"p1\">MasterChef T\u00fcrkiye Ana kadroya giren 5. Yar\u0131\u015fmac\u0131: Nisa Nur ( yedeklerden dahil oldu)<\/p>\n<p class=\"p1\">MasterChef T\u00fcrkiye Ana kadroya giren 6. Yar\u0131\u015fmac\u0131: Sercan<\/p>\n<p class=\"p1\">MasterChef T\u00fcrkiye Ana kadroya giren 7. Yar\u0131\u015fmac\u0131: Ayla<\/p>\n<p class=\"p1\">MasterChef T\u00fcrkiye Ana kadroya giren 8. Yar\u0131\u015fmac\u0131: \u0130hsan<\/p>\n<p><img loading=\"lazy\" decoding=\"async\" class=\"alignnone wp-image-230990 \" src=\"https:\/\/www.tgrthaber.com\/mavikadin\/wp-content\/uploads\/Ekran-Resmi-2025-09-04-19.13.32-1-1024x683.png\" alt=\"\" width=\"980\" height=\"654\" title=\"\" srcset=\"https:\/\/www.tgrthaber.com\/mavikadin\/wp-content\/uploads\/Ekran-Resmi-2025-09-04-19.13.32-1-1024x683.png 1024w, https:\/\/www.tgrthaber.com\/mavikadin\/wp-content\/uploads\/Ekran-Resmi-2025-09-04-19.13.32-1-300x200.png 300w, https:\/\/www.tgrthaber.com\/mavikadin\/wp-content\/uploads\/Ekran-Resmi-2025-09-04-19.13.32-1-768x512.png 768w, https:\/\/www.tgrthaber.com\/mavikadin\/wp-content\/uploads\/Ekran-Resmi-2025-09-04-19.13.32-1-1536x1025.png 1536w, https:\/\/www.tgrthaber.com\/mavikadin\/wp-content\/uploads\/Ekran-Resmi-2025-09-04-19.13.32-1.png 1742w\" sizes=\"(max-width: 980px) 100vw, 980px\" \/><\/p>\n<hr \/>\n<p class=\"p1\">MasterChef T\u00fcrkiye Ana kadroya giren 9. Yar\u0131\u015fmac\u0131: Ayten<\/p>\n<p class=\"p1\">MasterChef T\u00fcrkiye Ana kadroya giren 10. Yar\u0131\u015fmac\u0131: \u00c7a\u011flar<\/p>\n<p class=\"p1\">MasterChef T\u00fcrkiye Ana kadroya giren 11. Yar\u0131\u015fmac\u0131: Sezer<\/p>\n<p class=\"p1\">MasterChef T\u00fcrkiye Ana kadroya giren 12. Yar\u0131\u015fmac\u0131: Cansu<\/p>\n<p><img loading=\"lazy\" decoding=\"async\" class=\"alignnone wp-image-230982 size-large\" src=\"https:\/\/www.tgrthaber.com\/mavikadin\/wp-content\/uploads\/Ekran-Resmi-2025-09-04-16.55.13-2-1024x699.png\" alt=\"\" width=\"1024\" height=\"699\" title=\"\" srcset=\"https:\/\/www.tgrthaber.com\/mavikadin\/wp-content\/uploads\/Ekran-Resmi-2025-09-04-16.55.13-2-1024x699.png 1024w, https:\/\/www.tgrthaber.com\/mavikadin\/wp-content\/uploads\/Ekran-Resmi-2025-09-04-16.55.13-2-300x205.png 300w, https:\/\/www.tgrthaber.com\/mavikadin\/wp-content\/uploads\/Ekran-Resmi-2025-09-04-16.55.13-2-768x524.png 768w, https:\/\/www.tgrthaber.com\/mavikadin\/wp-content\/uploads\/Ekran-Resmi-2025-09-04-16.55.13-2-1536x1048.png 1536w, https:\/\/www.tgrthaber.com\/mavikadin\/wp-content\/uploads\/Ekran-Resmi-2025-09-04-16.55.13-2.png 1794w\" sizes=\"(max-width: 1024px) 100vw, 1024px\" \/><\/p>\n<hr \/>\n<p class=\"p1\">MasterChef T\u00fcrkiye Ana kadroya giren 13. Yar\u0131\u015fmac\u0131: \u00d6zkan<\/p>\n<p class=\"p1\">MasterChef T\u00fcrkiye Ana kadroya giren 14. yar\u0131\u015fmac\u0131: Gizem<\/p>\n<p class=\"p1\">MasterChef T\u00fcrkiye Ana kadroya giren 15. yar\u0131\u015fmac\u0131: \u0130rem<\/p>\n<p class=\"p1\">MasterChef T\u00fcrkiye Ana kadroya giren 16. yar\u0131\u015fmac\u0131: Hakan<\/p>\n<p><img loading=\"lazy\" decoding=\"async\" class=\"alignnone wp-image-230987 size-large\" src=\"https:\/\/www.tgrthaber.com\/mavikadin\/wp-content\/uploads\/Ekran-Resmi-2025-09-04-16.57.02-1-1024x593.png\" alt=\"\" width=\"1024\" height=\"593\" title=\"\" srcset=\"https:\/\/www.tgrthaber.com\/mavikadin\/wp-content\/uploads\/Ekran-Resmi-2025-09-04-16.57.02-1-1024x593.png 1024w, https:\/\/www.tgrthaber.com\/mavikadin\/wp-content\/uploads\/Ekran-Resmi-2025-09-04-16.57.02-1-300x174.png 300w, https:\/\/www.tgrthaber.com\/mavikadin\/wp-content\/uploads\/Ekran-Resmi-2025-09-04-16.57.02-1-768x445.png 768w, https:\/\/www.tgrthaber.com\/mavikadin\/wp-content\/uploads\/Ekran-Resmi-2025-09-04-16.57.02-1-1536x890.png 1536w, https:\/\/www.tgrthaber.com\/mavikadin\/wp-content\/uploads\/Ekran-Resmi-2025-09-04-16.57.02-1.png 1792w\" sizes=\"(max-width: 1024px) 100vw, 1024px\" \/><\/p>\n<hr \/>\n<p class=\"p1\">MasterChef T\u00fcrkiye Ana kadroya giren 17. yar\u0131\u015fmac\u0131: Mert ( yedeklerden dahil oldu)<\/p>\n<p class=\"p1\">MasterChef T\u00fcrkiye Ana kadroya giren 18. yar\u0131\u015fmac\u0131: S\u00fcmeyye<\/p>\n<p class=\"p1\">MasterChef T\u00fcrkiye Ana kadroya giren 19. yar\u0131\u015fmac\u0131: Bar\u0131\u015f Kaya ( yedeklerden dahil oldu)<\/p>\n<p class=\"p1\">MasterChef T\u00fcrkiye Ana kadroya giren 20. yar\u0131\u015fmac\u0131 \u0130lhan<\/p>\n","protected":false},"excerpt":{"rendered":"<p>MasterChef T\u00fcrkiye&#8217;nin yeni b\u00f6l\u00fcm\u00fcne Sezer ve \u00c7a\u011flar aras\u0131nda ya\u015fanan kavga dikkat \u00e7ekti. \u0130kili aras\u0131ndaki gerginlik fragmana damga vururken bu gece ya\u015fanacaklar da merak konusu oldu. \u0130\u015fte MasterChef T\u00fcrkiye&#8217;de bu ak\u015fam ya\u015fanacaklar&#8230; <\/p>\n","protected":false},"author":16,"featured_media":230997,"comment_status":"closed","ping_status":"closed","sticky":false,"template":"","format":"standard","meta":{"rank_math_lock_modified_date":false,"footnotes":""},"categories":[76],"tags":[133,2218,61483,61482,2564],"class_list":["post-230974","post","type-post","status-publish","format-standard","has-post-thumbnail","hentry","category-magazin","tag-magazin","tag-magazin-haberleri","tag-masterchef-caglar-sezer-kavga","tag-masterchef-caglar-sezer-kavgasi","tag-masterchef-kavga"],"_links":{"self":[{"href":"https:\/\/www.tgrthaber.com\/mavikadin\/wp-json\/wp\/v2\/posts\/230974"}],"collection":[{"href":"https:\/\/www.tgrthaber.com\/mavikadin\/wp-json\/wp\/v2\/posts"}],"about":[{"href":"https:\/\/www.tgrthaber.com\/mavikadin\/wp-json\/wp\/v2\/types\/post"}],"author":[{"embeddable":true,"href":"https:\/\/www.tgrthaber.com\/mavikadin\/wp-json\/wp\/v2\/users\/16"}],"replies":[{"embeddable":true,"href":"https:\/\/www.tgrthaber.com\/mavikadin\/wp-json\/wp\/v2\/comments?post=230974"}],"version-history":[{"count":3,"href":"https:\/\/www.tgrthaber.com\/mavikadin\/wp-json\/wp\/v2\/posts\/230974\/revisions"}],"predecessor-version":[{"id":230998,"href":"https:\/\/www.tgrthaber.com\/mavikadin\/wp-json\/wp\/v2\/posts\/230974\/revisions\/230998"}],"wp:featuredmedia":[{"embeddable":true,"href":"https:\/\/www.tgrthaber.com\/mavikadin\/wp-json\/wp\/v2\/media\/230997"}],"wp:attachment":[{"href":"https:\/\/www.tgrthaber.com\/mavikadin\/wp-json\/wp\/v2\/media?parent=230974"}],"wp:term":[{"taxonomy":"category","embeddable":true,"href":"https:\/\/www.tgrthaber.com\/mavikadin\/wp-json\/wp\/v2\/categories?post=230974"},{"taxonomy":"post_tag","embeddable":true,"href":"https:\/\/www.tgrthaber.com\/mavikadin\/wp-json\/wp\/v2\/tags?post=230974"}],"curies":[{"name":"wp","href":"https:\/\/api.w.org\/{rel}","templated":true}]}}