{"id":230995,"date":"2025-09-04T20:17:31","date_gmt":"2025-09-04T17:17:31","guid":{"rendered":"https:\/\/www.tgrthaber.com\/mavikadin\/?p=230995"},"modified":"2025-09-04T20:17:31","modified_gmt":"2025-09-04T17:17:31","slug":"kiskanmak-dizisinin-ikinci-tanitimi-yayinlandi-ozgu-namalin-oyuncugu-takdir-topladi","status":"publish","type":"post","link":"https:\/\/www.tgrthaber.com\/mavikadin\/kiskanmak-dizisinin-ikinci-tanitimi-yayinlandi-ozgu-namalin-oyuncugu-takdir-topladi\/","title":{"rendered":"K\u0131skanmak dizisinin ikinci tan\u0131t\u0131m\u0131 yay\u0131nland\u0131! \u00d6zg\u00fc Namal\u2019\u0131n oyuncu\u011fu takdir toplad\u0131!"},"content":{"rendered":"<p>\u00d6zg\u00fc Namal, Selahattin Pa\u015fal\u0131, Mehmet G\u00fcns\u00fcr ve Hafsanur San\u00e7aktutan&#8217;l\u0131 K\u0131skanmak dizisinin 2. Tan\u0131t\u0131m\u0131 yay\u0131nland\u0131. Dizinin tan\u0131t\u0131m\u0131 yay\u0131nlanmas\u0131yla seyircilerin merak\u0131n\u0131 daha da y\u00fckseldi. Hikayesiyle ve oyuncu kadrosuyla dikkatleri \u00fczerine \u00e7eken K\u0131skanmak dizisi Eyl\u00fcl ay\u0131n\u0131n ortalar\u0131nda NOW ekranlar\u0131nda izleyici ile bulu\u015facak.<\/p>\n<h3>KISKANMAK D\u0130Z\u0130S\u0130 2. TANITIMI YAYINLANDI<\/h3>\n<p>Ay Yap\u0131m imzal\u0131 ta\u015f\u0131yan K\u0131skanmak dizisi Nahid S\u0131rr\u0131 \u00d6rik\u2019in ayn\u0131 adl\u0131 klasik eserinden uyarlanarak ekranlara gelecek. Y\u0131lmaz \u015eahin\u2019in senaryosunu yazd\u0131\u011f\u0131, y\u00f6netmen koltu\u011funda Nadim G\u00fc\u00e7\u2019\u00fcn oturdu\u011fu K\u0131skanmak dizisi izleyiciye entrika, tutku ve iktidar m\u00fccadelesiyle \u00f6r\u00fcl\u00fc bir d\u00fcnyan\u0131n hikayesini anlatacak.<\/p>\n<p><img loading=\"lazy\" decoding=\"async\" class=\"alignnone wp-image-231000 size-full\" src=\"https:\/\/www.tgrthaber.com\/mavikadin\/wp-content\/uploads\/Adsiz-tasarim-4-82.jpg\" alt=\"\" width=\"1208\" height=\"680\" title=\"\" srcset=\"https:\/\/www.tgrthaber.com\/mavikadin\/wp-content\/uploads\/Adsiz-tasarim-4-82.jpg 1208w, https:\/\/www.tgrthaber.com\/mavikadin\/wp-content\/uploads\/Adsiz-tasarim-4-82-300x169.jpg 300w, https:\/\/www.tgrthaber.com\/mavikadin\/wp-content\/uploads\/Adsiz-tasarim-4-82-1024x576.jpg 1024w, https:\/\/www.tgrthaber.com\/mavikadin\/wp-content\/uploads\/Adsiz-tasarim-4-82-768x432.jpg 768w\" sizes=\"(max-width: 1208px) 100vw, 1208px\" \/><\/p>\n<hr \/>\n<p><strong>\u0130\u015fte K\u0131skanmak dizisinin 2. Tan\u0131t\u0131m\u0131:<\/strong><\/p>\n<div style=\"width: 640px;\" class=\"wp-video\"><!--[if lt IE 9]><script>document.createElement('video');<\/script><![endif]-->\n<video class=\"wp-video-shortcode\" id=\"video-230995-1\" width=\"640\" height=\"360\" preload=\"metadata\" controls=\"controls\"><source type=\"video\/mp4\" src=\"https:\/\/www.tgrthaber.com\/mavikadin\/wp-content\/uploads\/ssstwitter.com_1757005548907.mp4?_=1\" \/><a href=\"https:\/\/www.tgrthaber.com\/mavikadin\/wp-content\/uploads\/ssstwitter.com_1757005548907.mp4\">https:\/\/www.tgrthaber.com\/mavikadin\/wp-content\/uploads\/ssstwitter.com_1757005548907.mp4<\/a><\/video><\/div>\n<hr \/>\n<h3>KISKANMAK D\u0130Z\u0130S\u0130N\u0130N 1. B\u00d6L\u00dcM\u00dcNDE NELER OLACAK?<\/h3>\n<p>Seniha\u2019n\u0131n (\u00d6zg\u00fc Namal) annesi Mediha\u2019dan (Ayda Aksel) ve a\u011fabeyi Halit\u2019ten (Mehmet G\u00fcns\u00fcr) ald\u0131\u011f\u0131 yaralar\u0131n g\u00f6lgesinde \u015fekillenen derin i\u00e7 d\u00fcnyas\u0131na davet ediyor.<\/p>\n<p><img loading=\"lazy\" decoding=\"async\" class=\"alignnone wp-image-231001 size-full\" src=\"https:\/\/www.tgrthaber.com\/mavikadin\/wp-content\/uploads\/Adsiz-tasarim-2-87.jpg\" alt=\"\" width=\"1208\" height=\"680\" title=\"\" srcset=\"https:\/\/www.tgrthaber.com\/mavikadin\/wp-content\/uploads\/Adsiz-tasarim-2-87.jpg 1208w, https:\/\/www.tgrthaber.com\/mavikadin\/wp-content\/uploads\/Adsiz-tasarim-2-87-300x169.jpg 300w, https:\/\/www.tgrthaber.com\/mavikadin\/wp-content\/uploads\/Adsiz-tasarim-2-87-1024x576.jpg 1024w, https:\/\/www.tgrthaber.com\/mavikadin\/wp-content\/uploads\/Adsiz-tasarim-2-87-768x432.jpg 768w\" sizes=\"(max-width: 1208px) 100vw, 1208px\" \/><\/p>\n<hr \/>\n<p>Tan\u0131t\u0131mda, Seniha\u2019n\u0131n sab\u0131rla kurdu\u011fu planlar ve intikam duygusunun ilk ipu\u00e7lar\u0131 dikkat \u00e7ekiyor. T\u00fcm planlar\u0131n\u0131 ise N\u00fczhet (Selahattin Pa\u015fal\u0131), M\u00fckerrem (Hafsanur Sancaktutan) ve Nalan (Beril Pozam) \u00fczerinden \u015fekillendirecek.<\/p>\n<p><img loading=\"lazy\" decoding=\"async\" class=\"alignnone wp-image-231003 size-full\" src=\"https:\/\/www.tgrthaber.com\/mavikadin\/wp-content\/uploads\/Adsiz-tasarim-1-90.jpg\" alt=\"\" width=\"1208\" height=\"680\" title=\"\" srcset=\"https:\/\/www.tgrthaber.com\/mavikadin\/wp-content\/uploads\/Adsiz-tasarim-1-90.jpg 1208w, https:\/\/www.tgrthaber.com\/mavikadin\/wp-content\/uploads\/Adsiz-tasarim-1-90-300x169.jpg 300w, https:\/\/www.tgrthaber.com\/mavikadin\/wp-content\/uploads\/Adsiz-tasarim-1-90-1024x576.jpg 1024w, https:\/\/www.tgrthaber.com\/mavikadin\/wp-content\/uploads\/Adsiz-tasarim-1-90-768x432.jpg 768w\" sizes=\"(max-width: 1208px) 100vw, 1208px\" \/><\/p>\n<hr \/>\n<h3>KISKANMAK D\u0130Z\u0130S\u0130N\u0130N OYUNCU KADROSU<\/h3>\n<ul>\n<li>\u00d6zg\u00fc Namal<\/li>\n<li>Selahattin Pa\u015fal\u0131<\/li>\n<li>Mehmet G\u00fcns\u00fcr<\/li>\n<li>Hafsanur Sancaktutan<\/li>\n<li>Beril Pozam<\/li>\n<li>Hande Do\u011fandemir<\/li>\n<li>\u0130pek Tuzcuo\u011flu<\/li>\n<li>\u0130\u015ftar G\u00f6kseven<\/li>\n<li>Rozet Hube\u015f<\/li>\n<li>Cem Uslu<\/li>\n<li>Dilara Aks\u00fcyek<\/li>\n<li>Lila G\u00fcrmen<\/li>\n<li>Zeynep Y\u00fcce<\/li>\n<li>Ayda Aksel<\/li>\n<\/ul>\n<p><img loading=\"lazy\" decoding=\"async\" class=\"alignnone wp-image-231004 size-full\" src=\"https:\/\/www.tgrthaber.com\/mavikadin\/wp-content\/uploads\/Adsiz-tasarim-225.jpg\" alt=\"\" width=\"1208\" height=\"680\" title=\"\" srcset=\"https:\/\/www.tgrthaber.com\/mavikadin\/wp-content\/uploads\/Adsiz-tasarim-225.jpg 1208w, https:\/\/www.tgrthaber.com\/mavikadin\/wp-content\/uploads\/Adsiz-tasarim-225-300x169.jpg 300w, https:\/\/www.tgrthaber.com\/mavikadin\/wp-content\/uploads\/Adsiz-tasarim-225-1024x576.jpg 1024w, https:\/\/www.tgrthaber.com\/mavikadin\/wp-content\/uploads\/Adsiz-tasarim-225-768x432.jpg 768w\" sizes=\"(max-width: 1208px) 100vw, 1208px\" \/><\/p>\n<hr \/>\n<h3>KISKANMAK D\u0130Z\u0130S\u0130N\u0130N KONUSU<\/h3>\n<p>Pa\u015fazade ailesinin g\u00f6rkemine tezat bir \u015fekilde, sevgisizli\u011fin g\u00f6lgesiyle b\u00fcy\u00fcm\u00fc\u015f Seniha\u2019n\u0131n hem ge\u00e7mi\u015fiyle y\u00fczle\u015fmesini hem de hayat\u0131n\u0131 geri alma \u00e7abas\u0131n\u0131 merkeze alan dizi; derinlikli karakterleri ve dramatik yap\u0131s\u0131yla sezona damga vurmaya haz\u0131rlan\u0131yor.<\/p>\n<p><img loading=\"lazy\" decoding=\"async\" class=\"alignnone wp-image-231006 size-full\" src=\"https:\/\/www.tgrthaber.com\/mavikadin\/wp-content\/uploads\/Adsiz-tasarim-5-71.jpg\" alt=\"\" width=\"1208\" height=\"680\" title=\"\" srcset=\"https:\/\/www.tgrthaber.com\/mavikadin\/wp-content\/uploads\/Adsiz-tasarim-5-71.jpg 1208w, https:\/\/www.tgrthaber.com\/mavikadin\/wp-content\/uploads\/Adsiz-tasarim-5-71-300x169.jpg 300w, https:\/\/www.tgrthaber.com\/mavikadin\/wp-content\/uploads\/Adsiz-tasarim-5-71-1024x576.jpg 1024w, https:\/\/www.tgrthaber.com\/mavikadin\/wp-content\/uploads\/Adsiz-tasarim-5-71-768x432.jpg 768w\" sizes=\"(max-width: 1208px) 100vw, 1208px\" \/><\/p>\n<hr \/>\n<h3>KISKANMAK D\u0130Z\u0130S\u0130N\u0130N 1. B\u00d6L\u00dcM\u00dc NE ZAMAN YAYINLANACAK?<\/h3>\n<p>NOW ekranlar\u0131nda yay\u0131nlanacak olan <a href=\"https:\/\/www.tgrthaber.com\/mavikadin\/ozgu-namalin-yeni-dizisi-kiskanmak-ilk-tanitimiyla-ortaligi-salladi-sosyal-medyadan-yorum-yagdi\/\">K\u0131skanmak dizisi<\/a> Eyl\u00fcl ay\u0131n\u0131n ortalar\u0131nda izleyici ile bulu\u015facak. Kanal y\u00f6netimi K\u0131skanmak dizisinin hangi g\u00fcn yay\u0131nlanaca\u011f\u0131n\u0131 yak\u0131n zaman diliminde a\u00e7\u0131klayacak.<\/p>\n","protected":false},"excerpt":{"rendered":"<p>NOW ekranlar\u0131nda yay\u0131nlanacak olan K\u0131skanmak dizisinin 2. tan\u0131t\u0131m\u0131 yay\u0131nland\u0131. \u0130lk tan\u0131t\u0131m\u0131yla b\u00fcy\u00fck be\u011feni toplayan K\u0131skanmak dizisi 2. tan\u0131t\u0131m\u0131yla izleyenlerin merak\u0131n\u0131 daha da artt\u0131rd\u0131. Peki, k\u0131skanmak dizisi ne zaman yay\u0131nlanacak?<\/p>\n","protected":false},"author":10,"featured_media":231002,"comment_status":"closed","ping_status":"closed","sticky":false,"template":"","format":"standard","meta":{"rank_math_lock_modified_date":false,"footnotes":""},"categories":[602],"tags":[2628,10390,61487,61488,61490,61489],"class_list":["post-230995","post","type-post","status-publish","format-standard","has-post-thumbnail","hentry","category-diziler","tag-dizi-haberleri","tag-dizi-magazin","tag-kiskanmak-2-tanitimi","tag-kiskanmak-dizisinin-1-bolumunde-neler-olacak","tag-kiskanmak-dizisinin-konusu","tag-kiskanmak-dizisinin-oyuncu-kadrosu"],"_links":{"self":[{"href":"https:\/\/www.tgrthaber.com\/mavikadin\/wp-json\/wp\/v2\/posts\/230995"}],"collection":[{"href":"https:\/\/www.tgrthaber.com\/mavikadin\/wp-json\/wp\/v2\/posts"}],"about":[{"href":"https:\/\/www.tgrthaber.com\/mavikadin\/wp-json\/wp\/v2\/types\/post"}],"author":[{"embeddable":true,"href":"https:\/\/www.tgrthaber.com\/mavikadin\/wp-json\/wp\/v2\/users\/10"}],"replies":[{"embeddable":true,"href":"https:\/\/www.tgrthaber.com\/mavikadin\/wp-json\/wp\/v2\/comments?post=230995"}],"version-history":[{"count":2,"href":"https:\/\/www.tgrthaber.com\/mavikadin\/wp-json\/wp\/v2\/posts\/230995\/revisions"}],"predecessor-version":[{"id":231008,"href":"https:\/\/www.tgrthaber.com\/mavikadin\/wp-json\/wp\/v2\/posts\/230995\/revisions\/231008"}],"wp:featuredmedia":[{"embeddable":true,"href":"https:\/\/www.tgrthaber.com\/mavikadin\/wp-json\/wp\/v2\/media\/231002"}],"wp:attachment":[{"href":"https:\/\/www.tgrthaber.com\/mavikadin\/wp-json\/wp\/v2\/media?parent=230995"}],"wp:term":[{"taxonomy":"category","embeddable":true,"href":"https:\/\/www.tgrthaber.com\/mavikadin\/wp-json\/wp\/v2\/categories?post=230995"},{"taxonomy":"post_tag","embeddable":true,"href":"https:\/\/www.tgrthaber.com\/mavikadin\/wp-json\/wp\/v2\/tags?post=230995"}],"curies":[{"name":"wp","href":"https:\/\/api.w.org\/{rel}","templated":true}]}}