{"id":230999,"date":"2025-09-04T20:56:17","date_gmt":"2025-09-04T17:56:17","guid":{"rendered":"https:\/\/www.tgrthaber.com\/mavikadin\/?p=230999"},"modified":"2025-09-04T20:56:17","modified_gmt":"2025-09-04T17:56:17","slug":"manifest-kizlarinin-ciplak-ses-performansi-sosyal-medya-ates-puskurtuyor","status":"publish","type":"post","link":"https:\/\/www.tgrthaber.com\/mavikadin\/manifest-kizlarinin-ciplak-ses-performansi-sosyal-medya-ates-puskurtuyor\/","title":{"rendered":"Manifest k\u0131zlar\u0131n\u0131n \u00e7\u0131plak ses performans\u0131! Sosyal medya ate\u015f p\u00fcsk\u00fcrt\u00fcyor"},"content":{"rendered":"<p>Yapt\u0131klar\u0131 her hareketle g\u00fcndemde kalan Manifest, bu kez \u00e7\u0131plak ses performanslar\u0131yla sosyal medyan\u0131n g\u00fcndemine oturdu. St\u00fcdyoda ger\u00e7ekle\u015ftirdikleri \u00e7\u0131plak ses denemeleri binlerce yorum ve sert ele\u015ftiriye maruz kal\u0131rken, kimi Manifest hayranlar\u0131 ise k\u0131zlar\u0131n performans\u0131n\u0131 do\u011fal ve samimi buldu\u011funu dile getirdi. \u00d6zellikle TikTok ve X \u00fczerinden payla\u015f\u0131lan videolar k\u0131sa s\u00fcrede etkile\u015fim alarak, yeni bir tart\u0131\u015fmay\u0131 da ba\u015flatt\u0131. \u0130\u015fte son zamanlar\u0131n en \u00e7ok konu\u015fulan k\u0131z grubu Manifest&#8217;in g\u00fcndem olan \u00e7\u0131plak ses performans\u0131&#8230;<\/p>\n<h3>MAN\u0130FEST KIZLARININ \u00c7IPLAK SES PERFORMANSI<\/h3>\n<p>Gen\u00e7 hayran kitlesinin yo\u011funluklu oldu\u011fu Manifest grubu, \u00e7\u0131plak ses performans\u0131yla adeta sosyal medyay\u0131 hareketlendirdi. Hi\u00e7 bir d\u00fczenleme ve playback olmadan s\u00f6yledikleri \u015fark\u0131larla g\u00fcndeme gelen Manifest&#8217;in o anlar\u0131 binlerce kez payla\u015f\u0131larak izlendi.<\/p>\n<p><img loading=\"lazy\" decoding=\"async\" class=\"alignnone wp-image-231025\" src=\"https:\/\/www.tgrthaber.com\/mavikadin\/wp-content\/uploads\/s-285de23c9988c8463bcba87dd1420408ff9042e1-1-300x165.jpg\" alt=\"\" width=\"1208\" height=\"664\" title=\"\" srcset=\"https:\/\/www.tgrthaber.com\/mavikadin\/wp-content\/uploads\/s-285de23c9988c8463bcba87dd1420408ff9042e1-1-300x165.jpg 300w, https:\/\/www.tgrthaber.com\/mavikadin\/wp-content\/uploads\/s-285de23c9988c8463bcba87dd1420408ff9042e1-1-1024x563.jpg 1024w, https:\/\/www.tgrthaber.com\/mavikadin\/wp-content\/uploads\/s-285de23c9988c8463bcba87dd1420408ff9042e1-1-768x422.jpg 768w, https:\/\/www.tgrthaber.com\/mavikadin\/wp-content\/uploads\/s-285de23c9988c8463bcba87dd1420408ff9042e1-1.jpg 1200w\" sizes=\"(max-width: 1208px) 100vw, 1208px\" \/><\/p>\n<hr \/>\n<p>Manifest&#8217;in ses performans\u0131 m\u00fczik ve ses \u00fczerine yeni bir tart\u0131\u015fman\u0131n da fitilini ate\u015fledi. Manifest \u00fcyeleri olan Sueda Uluca, Hilal Yelek\u00e7i, Lidya P\u0131nar, Zeynep Sude Oktay, Mina Solak ve Esin Bahat&#8217;\u0131n do\u011fal seslerine, sosyal medya kullan\u0131c\u0131lar\u0131 resmen verdi veri\u015ftirdi.<\/p>\n<p><img loading=\"lazy\" decoding=\"async\" class=\"alignnone wp-image-231026\" src=\"https:\/\/www.tgrthaber.com\/mavikadin\/wp-content\/uploads\/manifest-kizlarina-sok-konsere-onay-verilmedi-300x169.webp\" alt=\"\" width=\"1208\" height=\"680\" title=\"\" srcset=\"https:\/\/www.tgrthaber.com\/mavikadin\/wp-content\/uploads\/manifest-kizlarina-sok-konsere-onay-verilmedi-300x169.webp 300w, https:\/\/www.tgrthaber.com\/mavikadin\/wp-content\/uploads\/manifest-kizlarina-sok-konsere-onay-verilmedi-1024x576.webp 1024w, https:\/\/www.tgrthaber.com\/mavikadin\/wp-content\/uploads\/manifest-kizlarina-sok-konsere-onay-verilmedi-768x432.webp 768w, https:\/\/www.tgrthaber.com\/mavikadin\/wp-content\/uploads\/manifest-kizlarina-sok-konsere-onay-verilmedi.webp 1280w\" sizes=\"(max-width: 1208px) 100vw, 1208px\" \/><\/p>\n<hr \/>\n<h3>SOSYAL MEDYA ATE\u015e P\u00dcSK\u00dcRT\u00dcYOR<\/h3>\n<p>Manifest&#8217;in \u00e7\u0131plak ses performans\u0131 sonras\u0131 sosyal medyada ard\u0131 ard\u0131na yorumlar ya\u011fd\u0131. Kullan\u0131c\u0131lar Manifest&#8217;e ate\u015f p\u00fcsk\u00fcrt\u00fcrken, &#8216; Benim ayna kar\u015f\u0131s\u0131nda tarakla s\u00f6yledi\u011fim \u015fark\u0131lar bile daha iyi&#8217;, &#8216;Bo\u015f sesler ama g\u00fcn\u00fcm\u00fczde bunlar tutuluyor&#8217;, &#8216;Eski sanat\u00e7\u0131lar\u0131n yan\u0131ndan ge\u00e7emezler&#8217; gibi yorumlar dikkat \u00e7ekti. \u0130\u015fte Manifest \u00e7\u0131plak ses performans\u0131&#8230;<\/p>\n<div style=\"width: 580px;\" class=\"wp-video\"><!--[if lt IE 9]><script>document.createElement('video');<\/script><![endif]-->\n<video class=\"wp-video-shortcode\" id=\"video-230999-1\" width=\"580\" height=\"1032\" preload=\"metadata\" controls=\"controls\"><source type=\"video\/mp4\" src=\"https:\/\/www.tgrthaber.com\/mavikadin\/wp-content\/uploads\/Pk-Eml1Du-B-1Tf2.mp4?_=1\" \/><a href=\"https:\/\/www.tgrthaber.com\/mavikadin\/wp-content\/uploads\/Pk-Eml1Du-B-1Tf2.mp4\">https:\/\/www.tgrthaber.com\/mavikadin\/wp-content\/uploads\/Pk-Eml1Du-B-1Tf2.mp4<\/a><\/video><\/div>\n<hr \/>\n<h3>MAN\u0130FEST GRUBU \u0130LK PAR\u00c7ALARIYLA D\u0130KKATLER\u0130 \u00dcZER\u0130NE \u00c7EKM\u0130\u015eT\u0130<\/h3>\n<p>2025 y\u0131l\u0131nda kurulan Manifest, Zamans\u0131zd\u0131k \u015fark\u0131s\u0131yla ismini geni\u015f kitlelere duyurmay\u0131 ba\u015farm\u0131\u015ft\u0131. Daha sonra Manifestival alb\u00fcm\u00fcyle m\u00fczik listelerine giri\u015f yapt\u0131lar.<\/p>\n<p><img loading=\"lazy\" decoding=\"async\" class=\"alignnone wp-image-231028\" src=\"https:\/\/www.tgrthaber.com\/mavikadin\/wp-content\/uploads\/manifest-300x169.webp\" alt=\"\" width=\"1208\" height=\"680\" title=\"\" srcset=\"https:\/\/www.tgrthaber.com\/mavikadin\/wp-content\/uploads\/manifest-300x169.webp 300w, https:\/\/www.tgrthaber.com\/mavikadin\/wp-content\/uploads\/manifest-1024x576.webp 1024w, https:\/\/www.tgrthaber.com\/mavikadin\/wp-content\/uploads\/manifest-768x432.webp 768w, https:\/\/www.tgrthaber.com\/mavikadin\/wp-content\/uploads\/manifest-1536x864.webp 1536w, https:\/\/www.tgrthaber.com\/mavikadin\/wp-content\/uploads\/manifest-2048x1152.webp 2048w\" sizes=\"(max-width: 1208px) 100vw, 1208px\" \/><\/p>\n<hr \/>\n<p>\u0130stanbul&#8217;da ger\u00e7ekle\u015ftirdikleri konserler ve festivallerle g\u00fcndemden d\u00fc\u015fmeyen Manifest, \u00e7ok k\u0131sa s\u00fcrede pop\u00fcler bir k\u0131z grubu olarak an\u0131lmaya ba\u015fland\u0131.<\/p>\n<p><img loading=\"lazy\" decoding=\"async\" class=\"alignnone wp-image-231023\" src=\"https:\/\/www.tgrthaber.com\/mavikadin\/wp-content\/uploads\/s-655d7f64ced5577ec5ec47df4809ffbd44e85ad5-300x158.jpg\" alt=\"\" width=\"1208\" height=\"634\" title=\"\" srcset=\"https:\/\/www.tgrthaber.com\/mavikadin\/wp-content\/uploads\/s-655d7f64ced5577ec5ec47df4809ffbd44e85ad5-300x158.jpg 300w, https:\/\/www.tgrthaber.com\/mavikadin\/wp-content\/uploads\/s-655d7f64ced5577ec5ec47df4809ffbd44e85ad5-1024x538.jpg 1024w, https:\/\/www.tgrthaber.com\/mavikadin\/wp-content\/uploads\/s-655d7f64ced5577ec5ec47df4809ffbd44e85ad5-768x403.jpg 768w, https:\/\/www.tgrthaber.com\/mavikadin\/wp-content\/uploads\/s-655d7f64ced5577ec5ec47df4809ffbd44e85ad5.jpg 1200w\" sizes=\"(max-width: 1208px) 100vw, 1208px\" \/><\/p>\n<hr \/>\n<p>Sahne danslar\u0131 ve k\u0131yafetleriyle de dikkat \u00e7eken Manifest daha \u00f6nce de <a href=\"https:\/\/www.tgrthaber.com\/mavikadin\/manifest-grubu-fiyasko-cikti-sahnede-duyulmamis-ses\/\">verdikleri bir konser<\/a> sonras\u0131 ele\u015ftirilerin hedefi olmu\u015ftu. &#8216;Bu sesle nas\u0131l konser veriyorlar?&#8217; yorumlar\u0131n\u0131n ya\u011fd\u0131\u011f\u0131 konser sonras\u0131, \u00e7\u0131plak ses performans\u0131 da adeta Manifest grubu i\u00e7in tuz biber oldu.<\/p>\n<p><img loading=\"lazy\" decoding=\"async\" class=\"alignnone wp-image-231027\" src=\"https:\/\/www.tgrthaber.com\/mavikadin\/wp-content\/uploads\/manifest-grubuna-erzurum-dan-kiyafet-vetosu-19004612_3834_amp-300x200.webp\" alt=\"\" width=\"1208\" height=\"805\" title=\"\" srcset=\"https:\/\/www.tgrthaber.com\/mavikadin\/wp-content\/uploads\/manifest-grubuna-erzurum-dan-kiyafet-vetosu-19004612_3834_amp-300x200.webp 300w, https:\/\/www.tgrthaber.com\/mavikadin\/wp-content\/uploads\/manifest-grubuna-erzurum-dan-kiyafet-vetosu-19004612_3834_amp-1024x683.webp 1024w, https:\/\/www.tgrthaber.com\/mavikadin\/wp-content\/uploads\/manifest-grubuna-erzurum-dan-kiyafet-vetosu-19004612_3834_amp-768x512.webp 768w, https:\/\/www.tgrthaber.com\/mavikadin\/wp-content\/uploads\/manifest-grubuna-erzurum-dan-kiyafet-vetosu-19004612_3834_amp.webp 1200w\" sizes=\"(max-width: 1208px) 100vw, 1208px\" \/><\/p>\n<hr \/>\n<p>\u00c7o\u011fu kullan\u0131c\u0131 grubun kendi ses tellerine uygun olmayan \u015fark\u0131lar se\u00e7ti\u011fini de d\u00fc\u015f\u00fcn\u00fcyor. Ancak ger\u00e7ek \u015fu ki, sosyal medyada yank\u0131 bulan bu tart\u0131\u015fmalarla Manifest ad\u0131 daha \u00e7ok konu\u015fulacak gibi g\u00f6r\u00fcn\u00fcyor.<\/p>\n","protected":false},"excerpt":{"rendered":"<p>Son d\u00f6nemin en \u00e7ok konu\u015fulan grubu Manifest, st\u00fcdyoda ger\u00e7ekle\u015ftirdikleri \u00e7\u0131plak ses performans\u0131yla sosyal medyan\u0131n diline d\u00fc\u015ft\u00fc. Manifest k\u0131zlar\u0131n\u0131n ses denemeleri sonras\u0131 sosyal medya ate\u015f p\u00fcsk\u00fcr\u00fcrken, g\u00f6r\u00fcnt\u00fcler k\u0131sa s\u00fcrede g\u00fcndemin ba\u015f\u0131nda yer ald\u0131. \u0130\u015fte Manifest k\u0131zlar\u0131n\u0131n \u00e7\u0131plak ses performans\u0131&#8230;<\/p>\n","protected":false},"author":35,"featured_media":231009,"comment_status":"closed","ping_status":"closed","sticky":false,"template":"","format":"standard","meta":{"rank_math_lock_modified_date":false,"footnotes":""},"categories":[76],"tags":[133,10172,61494,61493,61495],"class_list":["post-230999","post","type-post","status-publish","format-standard","has-post-thumbnail","hentry","category-magazin","tag-magazin","tag-manifest","tag-manifest-grubu-ses-denemeleri","tag-manifest-kizlari-ciplak-ses","tag-manifest-kizlari-studyo-cekimleri"],"_links":{"self":[{"href":"https:\/\/www.tgrthaber.com\/mavikadin\/wp-json\/wp\/v2\/posts\/230999"}],"collection":[{"href":"https:\/\/www.tgrthaber.com\/mavikadin\/wp-json\/wp\/v2\/posts"}],"about":[{"href":"https:\/\/www.tgrthaber.com\/mavikadin\/wp-json\/wp\/v2\/types\/post"}],"author":[{"embeddable":true,"href":"https:\/\/www.tgrthaber.com\/mavikadin\/wp-json\/wp\/v2\/users\/35"}],"replies":[{"embeddable":true,"href":"https:\/\/www.tgrthaber.com\/mavikadin\/wp-json\/wp\/v2\/comments?post=230999"}],"version-history":[{"count":2,"href":"https:\/\/www.tgrthaber.com\/mavikadin\/wp-json\/wp\/v2\/posts\/230999\/revisions"}],"predecessor-version":[{"id":231031,"href":"https:\/\/www.tgrthaber.com\/mavikadin\/wp-json\/wp\/v2\/posts\/230999\/revisions\/231031"}],"wp:featuredmedia":[{"embeddable":true,"href":"https:\/\/www.tgrthaber.com\/mavikadin\/wp-json\/wp\/v2\/media\/231009"}],"wp:attachment":[{"href":"https:\/\/www.tgrthaber.com\/mavikadin\/wp-json\/wp\/v2\/media?parent=230999"}],"wp:term":[{"taxonomy":"category","embeddable":true,"href":"https:\/\/www.tgrthaber.com\/mavikadin\/wp-json\/wp\/v2\/categories?post=230999"},{"taxonomy":"post_tag","embeddable":true,"href":"https:\/\/www.tgrthaber.com\/mavikadin\/wp-json\/wp\/v2\/tags?post=230999"}],"curies":[{"name":"wp","href":"https:\/\/api.w.org\/{rel}","templated":true}]}}