{"id":231005,"date":"2025-09-04T20:40:19","date_gmt":"2025-09-04T17:40:19","guid":{"rendered":"https:\/\/www.tgrthaber.com\/mavikadin\/?p=231005"},"modified":"2025-09-04T20:46:32","modified_gmt":"2025-09-04T17:46:32","slug":"sosyal-medya-masterchef-jurisi-somer-sivrioglunun-sakalsiz-halini-konusuyor-cizgi-film-karakteri-cailouya-benzetildi","status":"publish","type":"post","link":"https:\/\/www.tgrthaber.com\/mavikadin\/sosyal-medya-masterchef-jurisi-somer-sivrioglunun-sakalsiz-halini-konusuyor-cizgi-film-karakteri-cailouya-benzetildi\/","title":{"rendered":"Sosyal medya MasterChef j\u00fcrisi Somer Sivrio\u011flu&#8217;nun sakals\u0131z halini konu\u015fuyor! \u00c7izgi film karakteri Cailou&#8217;ya benzetildi"},"content":{"rendered":"<p>MasterChef T\u00fcrkiye&#8217;nin sevilen j\u00fcri \u00fcyesi Somer Sivrio\u011flu tarz\u0131 ve tavr\u0131 ile ad\u0131ndan s\u00f6z ettiren isimlerden biri. Sakallar\u0131 ve dikkat \u00e7eken k\u0131yafet tarz\u0131 ile her daim g\u00fcndem olmay\u0131 ba\u015faran \u00fcnl\u00fc \u015fefin bu kez sosyal medyada dola\u015fan bir foto\u011fraf\u0131 konu\u015fuluyor. Sakals\u0131z hali ile g\u00fcndem olan \u00fcnl\u00fc \u015fef \u00e7izgi film karakteri Cailou&#8217;ya benzetildi.<\/p>\n<h3>MASTERCHEF J\u00dcR\u0130S\u0130 SOMER S\u0130VR\u0130O\u011eLU&#8217;NUN SAKALSIZ HAL\u0130 CA\u0130LOU&#8217;YA BENZET\u0130LD\u0130<\/h3>\n<p>Ekranlar\u0131n sevilerek seyredilen j\u00fcri \u00fcyesi <a href=\"https:\/\/www.tgrthaber.com\/mavikadin\/masterchef-somer-sivrioglunun-sevgilisi-tilbe-uslu-kimdir-ne-is-yapiyor-yas-farki-dikkat-cekiyor\/\">Somer Sivrio\u011flu<\/a> sakals\u0131z hali ile g\u00fcndem oldu. Sosyal medyada dola\u015fan bir foto\u011fraf sonras\u0131 \u00fcnl\u00fc \u015fef \u00e7izgi film karakteri Cailou&#8217;ya benzetilirken, komik yorumlar da havada u\u00e7u\u015ftu.<\/p>\n<p><img loading=\"lazy\" decoding=\"async\" class=\"alignnone wp-image-231010 size-large\" src=\"https:\/\/www.tgrthaber.com\/mavikadin\/wp-content\/uploads\/Ekran-Resmi-2025-09-04-20.30.20-1024x669.png\" alt=\"\" width=\"1024\" height=\"669\" title=\"\" srcset=\"https:\/\/www.tgrthaber.com\/mavikadin\/wp-content\/uploads\/Ekran-Resmi-2025-09-04-20.30.20-1024x669.png 1024w, https:\/\/www.tgrthaber.com\/mavikadin\/wp-content\/uploads\/Ekran-Resmi-2025-09-04-20.30.20-300x196.png 300w, https:\/\/www.tgrthaber.com\/mavikadin\/wp-content\/uploads\/Ekran-Resmi-2025-09-04-20.30.20-768x502.png 768w, https:\/\/www.tgrthaber.com\/mavikadin\/wp-content\/uploads\/Ekran-Resmi-2025-09-04-20.30.20-1536x1004.png 1536w, https:\/\/www.tgrthaber.com\/mavikadin\/wp-content\/uploads\/Ekran-Resmi-2025-09-04-20.30.20.png 1702w\" sizes=\"(max-width: 1024px) 100vw, 1024px\" \/><\/p>\n<hr \/>\n<p>Sosyal medya kullan\u0131c\u0131lar\u0131, &#8216;Ne kadar tatl\u0131 g\u00f6r\u00fcn\u00fcyor, ayn\u0131 Cailou olmu\u015f&#8217;, &#8216;Sakals\u0131z hali me\u011fer Cailou&#8217;ymu\u015f&#8217;, &#8216;\u015eefim sakallar\u0131 sak\u0131n bir daha kesme&#8217; \u015feklinde yorumlar ya\u011fd\u0131rd\u0131.<\/p>\n<p><img loading=\"lazy\" decoding=\"async\" class=\"alignnone wp-image-231011 size-full\" src=\"https:\/\/www.tgrthaber.com\/mavikadin\/wp-content\/uploads\/Ekran-Resmi-2025-09-04-20.30.46.png\" alt=\"\" width=\"1020\" height=\"636\" title=\"\" srcset=\"https:\/\/www.tgrthaber.com\/mavikadin\/wp-content\/uploads\/Ekran-Resmi-2025-09-04-20.30.46.png 1020w, https:\/\/www.tgrthaber.com\/mavikadin\/wp-content\/uploads\/Ekran-Resmi-2025-09-04-20.30.46-300x187.png 300w, https:\/\/www.tgrthaber.com\/mavikadin\/wp-content\/uploads\/Ekran-Resmi-2025-09-04-20.30.46-768x479.png 768w\" sizes=\"(max-width: 1020px) 100vw, 1020px\" \/><\/p>\n<hr \/>\n<h3>25 YA\u015e K\u00dc\u00c7\u00dcK SEVG\u0130L\u0130S\u0130YLE POZLARI D\u0130KKAT \u00c7EKM\u0130\u015eT\u0130<\/h3>\n<p class=\"p1\">Somer Sivrio\u011flu son d\u00f6nemde ya\u015fad\u0131\u011f\u0131 a\u015fkla da magazin g\u00fcndeminin en dikkat \u00e7eken isimlerinden biri. \u00dcnl\u00fc \u015fef bir s\u00fcredir kendisinden 25 ya\u015f k\u00fc\u00e7\u00fck olan sevgilisi Tilbe Uslu\u2019yla a\u015fk ya\u015f\u0131yor. Son olarak ikilinin k\u00fcvet pozlar\u0131 sosyal medyaya damga vurmu\u015ftu. \u0130kilinin dolu dizgin a\u015fk\u0131 devam ederken sosyal medya payla\u015f\u0131mlar\u0131 da dikkat \u00e7ekiyor.<\/p>\n<p><img loading=\"lazy\" decoding=\"async\" class=\"alignnone wp-image-231012 \" src=\"https:\/\/www.tgrthaber.com\/mavikadin\/wp-content\/uploads\/Ekran-Resmi-2025-09-04-20.32.19.png\" alt=\"\" width=\"984\" height=\"590\" title=\"\" srcset=\"https:\/\/www.tgrthaber.com\/mavikadin\/wp-content\/uploads\/Ekran-Resmi-2025-09-04-20.32.19.png 964w, https:\/\/www.tgrthaber.com\/mavikadin\/wp-content\/uploads\/Ekran-Resmi-2025-09-04-20.32.19-300x180.png 300w, https:\/\/www.tgrthaber.com\/mavikadin\/wp-content\/uploads\/Ekran-Resmi-2025-09-04-20.32.19-768x460.png 768w\" sizes=\"(max-width: 984px) 100vw, 984px\" \/><\/p>\n<hr \/>\n<h3>SOMER S\u0130VR\u0130O\u011eLU K\u0130MD\u0130R?<\/h3>\n<p class=\"p2\">Somer Sivrio\u011flu 1971 y\u0131l\u0131nda Kad\u0131k\u00f6y\u2019de d\u00fcnyaya gelmi\u015ftir. 1966 y\u0131l\u0131na kadar T\u00fcrkiye\u2019de kalan \u00fcnl\u00fc \u015fef uzun y\u0131llar annesi ile birlikte \u00e7al\u0131\u015fm\u0131\u015ft\u0131r. Annesi ile restoran ve bar i\u015fletmecili\u011fi yapan isim 1995 y\u0131l\u0131nda y\u00fcksek lisans yapmak i\u00e7in Avustralya\u2019ya gitmi\u015ftir.<\/p>\n<p><img loading=\"lazy\" decoding=\"async\" class=\"alignnone wp-image-231013 size-full\" src=\"https:\/\/www.tgrthaber.com\/mavikadin\/wp-content\/uploads\/Ekran-Resmi-2025-09-04-20.33.00.png\" alt=\"\" width=\"996\" height=\"610\" title=\"\" srcset=\"https:\/\/www.tgrthaber.com\/mavikadin\/wp-content\/uploads\/Ekran-Resmi-2025-09-04-20.33.00.png 996w, https:\/\/www.tgrthaber.com\/mavikadin\/wp-content\/uploads\/Ekran-Resmi-2025-09-04-20.33.00-300x184.png 300w, https:\/\/www.tgrthaber.com\/mavikadin\/wp-content\/uploads\/Ekran-Resmi-2025-09-04-20.33.00-768x470.png 768w\" sizes=\"(max-width: 996px) 100vw, 996px\" \/><\/p>\n<hr \/>\n<p class=\"p2\">Bilkent \u00dcniversitesi Turizm ve Otelcilik b\u00f6l\u00fcm\u00fcnden mezun olan isim Sdney\u2019de kuzeni ile birlikte \u2018Efendy\u2019 isimli bir restoran a\u00e7m\u0131\u015ft\u0131r. Men\u00fcs\u00fcnde pek \u00e7ok T\u00fcrk lezzeti bulunduran Somer Sivrio\u011flu, yurt d\u0131\u015f\u0131nda sergiledi\u011fi yemeklerle T\u00fcrk lezzetlerini bir marka haline getirmi\u015ftir.<\/p>\n<p><img loading=\"lazy\" decoding=\"async\" class=\"alignnone wp-image-231014 size-full\" src=\"https:\/\/www.tgrthaber.com\/mavikadin\/wp-content\/uploads\/Ekran-Resmi-2025-09-04-20.33.05.png\" alt=\"\" width=\"984\" height=\"580\" title=\"\" srcset=\"https:\/\/www.tgrthaber.com\/mavikadin\/wp-content\/uploads\/Ekran-Resmi-2025-09-04-20.33.05.png 984w, https:\/\/www.tgrthaber.com\/mavikadin\/wp-content\/uploads\/Ekran-Resmi-2025-09-04-20.33.05-300x177.png 300w, https:\/\/www.tgrthaber.com\/mavikadin\/wp-content\/uploads\/Ekran-Resmi-2025-09-04-20.33.05-768x453.png 768w\" sizes=\"(max-width: 984px) 100vw, 984px\" \/><\/p>\n<hr \/>\n<p class=\"p2\">Bir d\u00f6nem Lezzet Yolculu\u011fu isimli bir radyo program\u0131n\u0131 sunan Sivrio\u011flu, ayr\u0131ca k\u00f6\u015fe yazarl\u0131\u011f\u0131 da yapm\u0131\u015ft\u0131r. Pek \u00e7ok alanda \u00f6d\u00fcl sahibi olan isim Sdney\u2019de a\u00e7t\u0131\u011f\u0131 restoranla en iyi restoranlar aras\u0131nda yer alm\u0131\u015ft\u0131r.<\/p>\n<p><img loading=\"lazy\" decoding=\"async\" class=\"alignnone wp-image-231015 size-large\" src=\"https:\/\/www.tgrthaber.com\/mavikadin\/wp-content\/uploads\/Ekran-Resmi-2025-09-04-20.33.09-1024x639.png\" alt=\"\" width=\"1024\" height=\"639\" title=\"\" srcset=\"https:\/\/www.tgrthaber.com\/mavikadin\/wp-content\/uploads\/Ekran-Resmi-2025-09-04-20.33.09-1024x639.png 1024w, https:\/\/www.tgrthaber.com\/mavikadin\/wp-content\/uploads\/Ekran-Resmi-2025-09-04-20.33.09-300x187.png 300w, https:\/\/www.tgrthaber.com\/mavikadin\/wp-content\/uploads\/Ekran-Resmi-2025-09-04-20.33.09-768x479.png 768w, https:\/\/www.tgrthaber.com\/mavikadin\/wp-content\/uploads\/Ekran-Resmi-2025-09-04-20.33.09.png 1032w\" sizes=\"(max-width: 1024px) 100vw, 1024px\" \/><\/p>\n<hr \/>\n<p class=\"p2\">&#8220;Anatolia: Adventures in Turkish Cooking&#8221; isimli bir kitab\u0131 bulunmaktad\u0131r. Asl\u0131 Sencer ile bo\u015fand\u0131ktan sonra kendisinden 25 ya\u015f k\u00fc\u00e7\u00fck sevgilisi Tilbe Uslu ile yeni bir a\u015fka yelken a\u00e7m\u0131\u015ft\u0131r.<\/p>\n","protected":false},"excerpt":{"rendered":"<p>TV8 ekranlar\u0131n\u0131n sevilerek seyredilen program\u0131 MasterChef T\u00fcrkiye&#8217;nin sevilen j\u00fcrisi Somer Siviro\u011flu&#8217;nun sosyal medyada dola\u015fan bir foto\u011fraf\u0131 herkesin diline d\u00fc\u015ft\u00fc. Sakallar\u0131 ile dikkat \u00e7eken \u00fcnl\u00fc \u015fefin sakals\u0131z hali \u00e7izgi film karakteri Cailou&#8217;ya benzetildi. Sosyal medyada komik yorumlar havada u\u00e7u\u015ftu. \u0130\u015fte detaylar.. <\/p>\n","protected":false},"author":16,"featured_media":231016,"comment_status":"closed","ping_status":"closed","sticky":false,"template":"","format":"standard","meta":{"rank_math_lock_modified_date":false,"footnotes":""},"categories":[76],"tags":[133,2218,61492,17156,61491],"class_list":["post-231005","post","type-post","status-publish","format-standard","has-post-thumbnail","hentry","category-magazin","tag-magazin","tag-magazin-haberleri","tag-masterchef-somer-sivrioglu-sakalsiz","tag-somer-sivrioglu-kimdir","tag-somer-sivrioglu-sakalsiz-hali"],"_links":{"self":[{"href":"https:\/\/www.tgrthaber.com\/mavikadin\/wp-json\/wp\/v2\/posts\/231005"}],"collection":[{"href":"https:\/\/www.tgrthaber.com\/mavikadin\/wp-json\/wp\/v2\/posts"}],"about":[{"href":"https:\/\/www.tgrthaber.com\/mavikadin\/wp-json\/wp\/v2\/types\/post"}],"author":[{"embeddable":true,"href":"https:\/\/www.tgrthaber.com\/mavikadin\/wp-json\/wp\/v2\/users\/16"}],"replies":[{"embeddable":true,"href":"https:\/\/www.tgrthaber.com\/mavikadin\/wp-json\/wp\/v2\/comments?post=231005"}],"version-history":[{"count":2,"href":"https:\/\/www.tgrthaber.com\/mavikadin\/wp-json\/wp\/v2\/posts\/231005\/revisions"}],"predecessor-version":[{"id":231018,"href":"https:\/\/www.tgrthaber.com\/mavikadin\/wp-json\/wp\/v2\/posts\/231005\/revisions\/231018"}],"wp:featuredmedia":[{"embeddable":true,"href":"https:\/\/www.tgrthaber.com\/mavikadin\/wp-json\/wp\/v2\/media\/231016"}],"wp:attachment":[{"href":"https:\/\/www.tgrthaber.com\/mavikadin\/wp-json\/wp\/v2\/media?parent=231005"}],"wp:term":[{"taxonomy":"category","embeddable":true,"href":"https:\/\/www.tgrthaber.com\/mavikadin\/wp-json\/wp\/v2\/categories?post=231005"},{"taxonomy":"post_tag","embeddable":true,"href":"https:\/\/www.tgrthaber.com\/mavikadin\/wp-json\/wp\/v2\/tags?post=231005"}],"curies":[{"name":"wp","href":"https:\/\/api.w.org\/{rel}","templated":true}]}}