{"id":231019,"date":"2025-09-04T21:59:18","date_gmt":"2025-09-04T18:59:18","guid":{"rendered":"https:\/\/www.tgrthaber.com\/mavikadin\/?p=231019"},"modified":"2025-09-04T21:59:59","modified_gmt":"2025-09-04T18:59:59","slug":"masterchefte-orjinal-ankara-tava-tarifi-lokantalarin-sir-gibi-sakladigi-tam-olculu-enfes-lezzet","status":"publish","type":"post","link":"https:\/\/www.tgrthaber.com\/mavikadin\/masterchefte-orjinal-ankara-tava-tarifi-lokantalarin-sir-gibi-sakladigi-tam-olculu-enfes-lezzet\/","title":{"rendered":"MasterChef&#8217;te orjinal Ankara tava tarifi! Lokantalar\u0131n s\u0131r gibi saklad\u0131\u011f\u0131 tam \u00f6l\u00e7\u00fcl\u00fc enfes lezzet"},"content":{"rendered":"<p>MasterChef T\u00fcrkiye yeni sezonu h\u0131z kesmeden devam ediyor. 3. dokunulmazl\u0131k oyununun oynad\u0131\u011f\u0131 bu gece \u015feflerin yar\u0131\u015fmac\u0131larda istedi\u011fi yemek ha\u015flamalar oldu. Ha\u015flamalar i\u00e7erisinde yer alan Ankara Tava ise izleyicilerin en \u00e7ok merak edip ara\u015ft\u0131rd\u0131\u011f\u0131 yemekler aras\u0131nda yerini ald\u0131. Bizler de sizler i\u00e7in orjinal Ankara tava tarifinin nas\u0131l yap\u0131ld\u0131\u011f\u0131n\u0131 \u00f6\u011frendik. Peki MasterChef orjinal Ankara tava nas\u0131l yap\u0131l\u0131r? \u0130\u015fte tam \u00f6l\u00e7\u00fcl\u00fc Ankara Tava tarifi&#8230;<\/p>\n<h3>MASTERCHEF&#8217;TE LEZZET DOLU B\u0130R GECE!<\/h3>\n<p>TV8 ekranlar\u0131n\u0131n sevilerek seyredilen yar\u0131\u015fma program\u0131 <a href=\"https:\/\/www.tgrthaber.com\/mavikadin\/masterchef-kilis-tava-tarifi-sebzeleri-ve-baharatlariyla-efsanevi-bir-lezzet\/\">MasterChe<\/a>f T\u00fcrkiye&#8217;de bu gece 3. dokunulmazl\u0131k oyunu oynanacak. 3. ve 4. eleme adaylar \u00c7a\u011flar ve Ayten olurken, g\u00f6zler bu gece a\u00e7\u0131klanacak olan 5. ve 6. eleme adaylar\u0131na \u00e7evrildi. \u015eeflerin yar\u0131\u015fmac\u0131lardan istedi\u011fi yemek ha\u015flamalar oldu. Ha\u015flamalar aras\u0131nda en merak edilen yemek ise Ankara Tava tarifiydi.\u00a0 Orjinal Ankara Tava tarifinin nas\u0131l yap\u0131ld\u0131\u011f\u0131n\u0131 \u00f6\u011frenmek isteyenler i\u00e7eri\u011fimizi okumaya devam edebilirsiniz.<\/p>\n<p><img loading=\"lazy\" decoding=\"async\" class=\"alignnone wp-image-231060 size-large\" src=\"https:\/\/www.tgrthaber.com\/mavikadin\/wp-content\/uploads\/Ekran-Resmi-2025-09-04-21.47.11-1024x612.png\" alt=\"\" width=\"1024\" height=\"612\" title=\"\" srcset=\"https:\/\/www.tgrthaber.com\/mavikadin\/wp-content\/uploads\/Ekran-Resmi-2025-09-04-21.47.11-1024x612.png 1024w, https:\/\/www.tgrthaber.com\/mavikadin\/wp-content\/uploads\/Ekran-Resmi-2025-09-04-21.47.11-300x179.png 300w, https:\/\/www.tgrthaber.com\/mavikadin\/wp-content\/uploads\/Ekran-Resmi-2025-09-04-21.47.11-768x459.png 768w, https:\/\/www.tgrthaber.com\/mavikadin\/wp-content\/uploads\/Ekran-Resmi-2025-09-04-21.47.11.png 1346w\" sizes=\"(max-width: 1024px) 100vw, 1024px\" \/><\/p>\n<hr \/>\n<h3 class=\"p1\">ANKARA TAVA TAR\u0130F\u0130 (tam \u00f6l\u00e7\u00fcl\u00fc)<\/h3>\n<p class=\"p1\"><strong>Malzemeler<\/strong><\/p>\n<p class=\"p1\">\u2022 2 adet kuzu incik (veya dana incik)<\/p>\n<p class=\"p1\">\u2022 2 adet so\u011fan<\/p>\n<p class=\"p1\">\u2022 3 su barda\u011f\u0131 arpa \u015fehriye<\/p>\n<p class=\"p1\">\u2022 2 yemek ka\u015f\u0131\u011f\u0131 tereya\u011f\u0131<\/p>\n<p class=\"p1\">\u2022 1 yemek ka\u015f\u0131\u011f\u0131 s\u0131v\u0131 ya\u011f<\/p>\n<p class=\"p1\">\u2022 1 adet kapya biber<\/p>\n<p><img loading=\"lazy\" decoding=\"async\" class=\"alignnone wp-image-231061 size-large\" src=\"https:\/\/www.tgrthaber.com\/mavikadin\/wp-content\/uploads\/Ekran-Resmi-2025-09-04-21.47.15-1024x533.png\" alt=\"\" width=\"1024\" height=\"533\" title=\"\" srcset=\"https:\/\/www.tgrthaber.com\/mavikadin\/wp-content\/uploads\/Ekran-Resmi-2025-09-04-21.47.15-1024x533.png 1024w, https:\/\/www.tgrthaber.com\/mavikadin\/wp-content\/uploads\/Ekran-Resmi-2025-09-04-21.47.15-300x156.png 300w, https:\/\/www.tgrthaber.com\/mavikadin\/wp-content\/uploads\/Ekran-Resmi-2025-09-04-21.47.15-768x400.png 768w, https:\/\/www.tgrthaber.com\/mavikadin\/wp-content\/uploads\/Ekran-Resmi-2025-09-04-21.47.15.png 1144w\" sizes=\"(max-width: 1024px) 100vw, 1024px\" \/><\/p>\n<hr \/>\n<p class=\"p1\">\u2022 1 adet ye\u015fil biber<\/p>\n<p class=\"p1\">\u2022 2 adet rendelenmi\u015f domates<\/p>\n<p class=\"p1\">\u2022 1 yemek ka\u015f\u0131\u011f\u0131 domates sal\u00e7as\u0131<\/p>\n<p class=\"p1\">\u2022 1 yemek ka\u015f\u0131\u011f\u0131 biber sal\u00e7as\u0131<\/p>\n<p class=\"p1\">\u2022 3 di\u015f sar\u0131msak<\/p>\n<p class=\"p1\">\u2022 3,5 su barda\u011f\u0131 s\u0131cak et suyu<\/p>\n<p class=\"p1\">\u2022 1 \u00e7ay ka\u015f\u0131\u011f\u0131 tuz<\/p>\n<p class=\"p1\">\u2022 \u00bd \u00e7ay ka\u015f\u0131\u011f\u0131 karabiber<\/p>\n<p><img loading=\"lazy\" decoding=\"async\" class=\"alignnone wp-image-231062 \" src=\"https:\/\/www.tgrthaber.com\/mavikadin\/wp-content\/uploads\/Ekran-Resmi-2025-09-04-21.47.23-1024x580.png\" alt=\"\" width=\"1024\" height=\"580\" title=\"\" srcset=\"https:\/\/www.tgrthaber.com\/mavikadin\/wp-content\/uploads\/Ekran-Resmi-2025-09-04-21.47.23-1024x580.png 1024w, https:\/\/www.tgrthaber.com\/mavikadin\/wp-content\/uploads\/Ekran-Resmi-2025-09-04-21.47.23-300x170.png 300w, https:\/\/www.tgrthaber.com\/mavikadin\/wp-content\/uploads\/Ekran-Resmi-2025-09-04-21.47.23-768x435.png 768w, https:\/\/www.tgrthaber.com\/mavikadin\/wp-content\/uploads\/Ekran-Resmi-2025-09-04-21.47.23.png 1236w\" sizes=\"(max-width: 1024px) 100vw, 1024px\" \/><\/p>\n<hr \/>\n<h3 class=\"p1\">Haz\u0131rl\u0131k A\u015famalar\u0131<\/h3>\n<p class=\"p1\"><strong>1. Etleri Ha\u015flay\u0131n<\/strong><\/p>\n<p class=\"p1\">\u2022 Kuzu (veya dana) incikleri d\u00fcd\u00fckl\u00fc tencerede yumu\u015fayana kadar ha\u015flay\u0131n. Arzuya g\u00f6re ha\u015flama suyuna sar\u0131msak, tane karabiber, defne yapra\u011f\u0131 gibi aromatik bitkiler ve baharatlar ekleyebilirsiniz.<\/p>\n<p class=\"p1\">\u2022 Ha\u015flama suyunu sonradan kullanmak i\u00e7in ay\u0131r\u0131n.<\/p>\n<p class=\"p1\"><strong>2. \u015eehriyeleri Kavurun<\/strong><\/p>\n<p class=\"p1\">\u2022 Geni\u015f bir tencerede tereya\u011f\u0131n\u0131n yar\u0131s\u0131n\u0131 ve s\u0131v\u0131 ya\u011f\u0131 eritin.<\/p>\n<p class=\"p1\">\u2022 Arpa \u015fehriyeleri ekleyip k\u0131s\u0131k ate\u015fte alt\u0131n rengi alana kadar kavurun.<\/p>\n<p class=\"p1\">\u2022 Kavrulan \u015fehriyeleri bir tepsiye al\u0131n.<\/p>\n<p><img loading=\"lazy\" decoding=\"async\" class=\"alignnone wp-image-231063 size-large\" src=\"https:\/\/www.tgrthaber.com\/mavikadin\/wp-content\/uploads\/Ekran-Resmi-2025-09-04-21.47.28-1024x666.png\" alt=\"\" width=\"1024\" height=\"666\" title=\"\" srcset=\"https:\/\/www.tgrthaber.com\/mavikadin\/wp-content\/uploads\/Ekran-Resmi-2025-09-04-21.47.28-1024x666.png 1024w, https:\/\/www.tgrthaber.com\/mavikadin\/wp-content\/uploads\/Ekran-Resmi-2025-09-04-21.47.28-300x195.png 300w, https:\/\/www.tgrthaber.com\/mavikadin\/wp-content\/uploads\/Ekran-Resmi-2025-09-04-21.47.28-768x500.png 768w, https:\/\/www.tgrthaber.com\/mavikadin\/wp-content\/uploads\/Ekran-Resmi-2025-09-04-21.47.28.png 1392w\" sizes=\"(max-width: 1024px) 100vw, 1024px\" \/><\/p>\n<hr \/>\n<p class=\"p1\"><strong>3. Sosu Haz\u0131rlay\u0131n<\/strong><\/p>\n<p class=\"p1\">\u2022 Tavada kalan tereya\u011f\u0131n\u0131 ekleyin.<\/p>\n<p class=\"p1\">\u2022 Do\u011franm\u0131\u015f so\u011fan ve biberleri ekleyip yumu\u015fayana kadar kavurun.<\/p>\n<p class=\"p1\">\u2022 Sar\u0131msak, domates sal\u00e7as\u0131, biber sal\u00e7as\u0131, rendelenmi\u015f domates, karabiber, tuz ve yar\u0131m su barda\u011f\u0131 s\u0131cak su ekleyin.<\/p>\n<p class=\"p1\">\u2022 Kar\u0131\u015f\u0131m\u0131 birka\u00e7 dakika pi\u015firerek sos k\u0131vam\u0131 al\u0131ncaya kadar pi\u015firin.<\/p>\n<p class=\"p1\"><strong>4. \u015eehriye ve Sosu Birle\u015ftirin<\/strong><\/p>\n<p class=\"p1\">\u2022 Haz\u0131rlad\u0131\u011f\u0131n\u0131z domatesli sosu kavrulmu\u015f \u015fehriyelerin \u00fczerine d\u00f6k\u00fcn.<\/p>\n<p class=\"p1\">\u2022 \u0130yice kar\u0131\u015ft\u0131rarak \u015fehriyelerin sosu tamamen \u00e7ekmesini sa\u011flay\u0131n.<\/p>\n<p class=\"p1\"><strong>5. Tepsiye Dizme ve Pi\u015firme<\/strong><\/p>\n<p class=\"p1\">\u2022 Kuzu incikleri \u015fehriye kar\u0131\u015f\u0131m\u0131n\u0131n \u00fczerine yerle\u015ftirin.<\/p>\n<p class=\"p1\">\u2022 Ha\u015flama suyunu tepsiye ekleyin (3,5 su barda\u011f\u0131).<\/p>\n<p class=\"p1\">\u2022 \u00d6nceden \u0131s\u0131t\u0131lm\u0131\u015f 180\u00b0C f\u0131r\u0131nda suyunu \u00e7ekene kadar pi\u015firin.<\/p>\n<p class=\"p1\"><strong>6. Servis<\/strong><\/p>\n<p class=\"p1\">\u2022 F\u0131r\u0131ndan \u00e7\u0131kard\u0131ktan sonra 10-15 dakika dinlendirin.<\/p>\n<p class=\"p1\">\u2022 S\u0131cak servis yap\u0131n.<\/p>\n<p><img loading=\"lazy\" decoding=\"async\" class=\"alignnone wp-image-231064 size-large\" src=\"https:\/\/www.tgrthaber.com\/mavikadin\/wp-content\/uploads\/Ekran-Resmi-2025-09-04-21.50.42-1024x682.png\" alt=\"\" width=\"1024\" height=\"682\" title=\"\" srcset=\"https:\/\/www.tgrthaber.com\/mavikadin\/wp-content\/uploads\/Ekran-Resmi-2025-09-04-21.50.42-1024x682.png 1024w, https:\/\/www.tgrthaber.com\/mavikadin\/wp-content\/uploads\/Ekran-Resmi-2025-09-04-21.50.42-300x200.png 300w, https:\/\/www.tgrthaber.com\/mavikadin\/wp-content\/uploads\/Ekran-Resmi-2025-09-04-21.50.42-768x511.png 768w, https:\/\/www.tgrthaber.com\/mavikadin\/wp-content\/uploads\/Ekran-Resmi-2025-09-04-21.50.42-1536x1023.png 1536w, https:\/\/www.tgrthaber.com\/mavikadin\/wp-content\/uploads\/Ekran-Resmi-2025-09-04-21.50.42.png 1736w\" sizes=\"(max-width: 1024px) 100vw, 1024px\" \/><\/p>\n<hr \/>\n<h3>MASTERCHEF ANA KADRODA K\u0130MLER VAR?<\/h3>\n<p class=\"p1\">MasterChef T\u00fcrkiye 2025 ana kadro g\u00fcncel listesi:<\/p>\n<p class=\"p1\">MasterChef T\u00fcrkiye Ana Kadroya Giren 1. Yar\u0131\u015fmac\u0131: Furkan<\/p>\n<p class=\"p1\">MasterChef T\u00fcrkiye Ana Kadroya Giren 2. Yar\u0131\u015fmac\u0131: Eyl\u00fcl<\/p>\n<p class=\"p1\">MasterChef T\u00fcrkiye Ana Kadroya Giren 3. Yar\u0131\u015fmac\u0131: \u00c7a\u011fatay<\/p>\n<p class=\"p1\">MasterChef T\u00fcrkiye Ana Kadroya Giren 4. Yar\u0131\u015fmac\u0131: Onur<\/p>\n<p><img loading=\"lazy\" decoding=\"async\" class=\"alignnone wp-image-231065 size-large\" src=\"https:\/\/www.tgrthaber.com\/mavikadin\/wp-content\/uploads\/Ekran-Resmi-2025-09-04-16.55.06-2-1024x612.png\" alt=\"\" width=\"1024\" height=\"612\" title=\"\" srcset=\"https:\/\/www.tgrthaber.com\/mavikadin\/wp-content\/uploads\/Ekran-Resmi-2025-09-04-16.55.06-2-1024x612.png 1024w, https:\/\/www.tgrthaber.com\/mavikadin\/wp-content\/uploads\/Ekran-Resmi-2025-09-04-16.55.06-2-300x179.png 300w, https:\/\/www.tgrthaber.com\/mavikadin\/wp-content\/uploads\/Ekran-Resmi-2025-09-04-16.55.06-2-768x459.png 768w, https:\/\/www.tgrthaber.com\/mavikadin\/wp-content\/uploads\/Ekran-Resmi-2025-09-04-16.55.06-2-1536x917.png 1536w, https:\/\/www.tgrthaber.com\/mavikadin\/wp-content\/uploads\/Ekran-Resmi-2025-09-04-16.55.06-2.png 1798w\" sizes=\"(max-width: 1024px) 100vw, 1024px\" \/><\/p>\n<hr \/>\n<p class=\"p1\">MasterChef T\u00fcrkiye Ana kadroya giren 5. Yar\u0131\u015fmac\u0131: Nisa Nur ( yedeklerden dahil oldu)<\/p>\n<p class=\"p1\">MasterChef T\u00fcrkiye Ana kadroya giren 6. Yar\u0131\u015fmac\u0131: Sercan<\/p>\n<p class=\"p1\">MasterChef T\u00fcrkiye Ana kadroya giren 7. Yar\u0131\u015fmac\u0131: Ayla<\/p>\n<p class=\"p1\">MasterChef T\u00fcrkiye Ana kadroya giren 8. Yar\u0131\u015fmac\u0131: \u0130hsan<\/p>\n<p class=\"p1\">MasterChef T\u00fcrkiye Ana kadroya giren 9. Yar\u0131\u015fmac\u0131: Ayten<\/p>\n<p class=\"p1\">MasterChef T\u00fcrkiye Ana kadroya giren 10. Yar\u0131\u015fmac\u0131: \u00c7a\u011flar<\/p>\n<p class=\"p1\">MasterChef T\u00fcrkiye Ana kadroya giren 11. Yar\u0131\u015fmac\u0131: Sezer<\/p>\n<p class=\"p1\">MasterChef T\u00fcrkiye Ana kadroya giren 12. Yar\u0131\u015fmac\u0131: Cansu<\/p>\n<p class=\"p1\">MasterChef T\u00fcrkiye Ana kadroya giren 13. Yar\u0131\u015fmac\u0131: \u00d6zkan<\/p>\n<p class=\"p1\">MasterChef T\u00fcrkiye Ana kadroya giren 14. yar\u0131\u015fmac\u0131: Gizem<\/p>\n<p class=\"p1\"><img loading=\"lazy\" decoding=\"async\" class=\"alignnone wp-image-231066 size-large\" src=\"https:\/\/www.tgrthaber.com\/mavikadin\/wp-content\/uploads\/Ekran-Resmi-2025-09-04-19.26.01-1024x720.png\" alt=\"\" width=\"1024\" height=\"720\" title=\"\" srcset=\"https:\/\/www.tgrthaber.com\/mavikadin\/wp-content\/uploads\/Ekran-Resmi-2025-09-04-19.26.01-1024x720.png 1024w, https:\/\/www.tgrthaber.com\/mavikadin\/wp-content\/uploads\/Ekran-Resmi-2025-09-04-19.26.01-300x211.png 300w, https:\/\/www.tgrthaber.com\/mavikadin\/wp-content\/uploads\/Ekran-Resmi-2025-09-04-19.26.01-768x540.png 768w, https:\/\/www.tgrthaber.com\/mavikadin\/wp-content\/uploads\/Ekran-Resmi-2025-09-04-19.26.01.png 1186w\" sizes=\"(max-width: 1024px) 100vw, 1024px\" \/><\/p>\n<hr \/>\n<p class=\"p1\">MasterChef T\u00fcrkiye Ana kadroya giren 15. yar\u0131\u015fmac\u0131: \u0130rem<\/p>\n<p class=\"p1\">MasterChef T\u00fcrkiye Ana kadroya giren 16. yar\u0131\u015fmac\u0131: Hakan<\/p>\n<p class=\"p1\">MasterChef T\u00fcrkiye Ana kadroya giren 17. yar\u0131\u015fmac\u0131: Mert ( yedeklerden dahil oldu)<\/p>\n<p class=\"p1\">MasterChef T\u00fcrkiye Ana kadroya giren 18. yar\u0131\u015fmac\u0131: S\u00fcmeyye<\/p>\n<p class=\"p1\">MasterChef T\u00fcrkiye Ana kadroya giren 19. yar\u0131\u015fmac\u0131: Bar\u0131\u015f Kaya ( yedeklerden dahil oldu)<\/p>\n<p class=\"p1\">MasterChef T\u00fcrkiye Ana kadroya giren 20. yar\u0131\u015fmac\u0131 \u0130lhan<\/p>\n","protected":false},"excerpt":{"rendered":"<p>MasterChef&#8217;te bu ak\u015fam \u015fefler yar\u0131\u015fmac\u0131lardan ha\u015flama yap\u0131lan yemek tariflerini istedi. Birbirinde yetenekli yar\u0131\u015fmac\u0131lar birbirinden lezzetli tabaklar \u00e7\u0131kar\u0131rken en dikkat \u00e7eken tabak Ankara tava tarifi oldu. Tam \u00f6l\u00e7\u00fcl\u00fc, orjinal Ankara tavay\u0131 denemek isteyen izleyiciler tarif ara\u015ft\u0131rmaya ba\u015flad\u0131 bile. Peki MasterChef orjinal Ankara tava nas\u0131l yap\u0131l\u0131r? \u0130\u015fte detaylar&#8230; <\/p>\n","protected":false},"author":16,"featured_media":231067,"comment_status":"closed","ping_status":"closed","sticky":false,"template":"","format":"standard","meta":{"rank_math_lock_modified_date":false,"footnotes":""},"categories":[191],"tags":[61504,61505,2842,355,3411],"class_list":["post-231019","post","type-post","status-publish","format-standard","has-post-thumbnail","hentry","category-yemek-tarifleri","tag-masterchef-ankara-tava-tarifi","tag-masterchef-orjinal-ankara-tava-tarifi","tag-masterchef-yemek-tarifleri","tag-yemek","tag-yemek-tarifleri"],"_links":{"self":[{"href":"https:\/\/www.tgrthaber.com\/mavikadin\/wp-json\/wp\/v2\/posts\/231019"}],"collection":[{"href":"https:\/\/www.tgrthaber.com\/mavikadin\/wp-json\/wp\/v2\/posts"}],"about":[{"href":"https:\/\/www.tgrthaber.com\/mavikadin\/wp-json\/wp\/v2\/types\/post"}],"author":[{"embeddable":true,"href":"https:\/\/www.tgrthaber.com\/mavikadin\/wp-json\/wp\/v2\/users\/16"}],"replies":[{"embeddable":true,"href":"https:\/\/www.tgrthaber.com\/mavikadin\/wp-json\/wp\/v2\/comments?post=231019"}],"version-history":[{"count":3,"href":"https:\/\/www.tgrthaber.com\/mavikadin\/wp-json\/wp\/v2\/posts\/231019\/revisions"}],"predecessor-version":[{"id":231076,"href":"https:\/\/www.tgrthaber.com\/mavikadin\/wp-json\/wp\/v2\/posts\/231019\/revisions\/231076"}],"wp:featuredmedia":[{"embeddable":true,"href":"https:\/\/www.tgrthaber.com\/mavikadin\/wp-json\/wp\/v2\/media\/231067"}],"wp:attachment":[{"href":"https:\/\/www.tgrthaber.com\/mavikadin\/wp-json\/wp\/v2\/media?parent=231019"}],"wp:term":[{"taxonomy":"category","embeddable":true,"href":"https:\/\/www.tgrthaber.com\/mavikadin\/wp-json\/wp\/v2\/categories?post=231019"},{"taxonomy":"post_tag","embeddable":true,"href":"https:\/\/www.tgrthaber.com\/mavikadin\/wp-json\/wp\/v2\/tags?post=231019"}],"curies":[{"name":"wp","href":"https:\/\/api.w.org\/{rel}","templated":true}]}}