{"id":231020,"date":"2025-09-04T20:59:09","date_gmt":"2025-09-04T17:59:09","guid":{"rendered":"https:\/\/www.tgrthaber.com\/mavikadin\/?p=231020"},"modified":"2025-09-04T20:59:09","modified_gmt":"2025-09-04T17:59:09","slug":"uzak-sehir-dizisinin-29-bolum-fragmani-yayinlandi-uzak-sehir-29-bolumunde-neler-olacak","status":"publish","type":"post","link":"https:\/\/www.tgrthaber.com\/mavikadin\/uzak-sehir-dizisinin-29-bolum-fragmani-yayinlandi-uzak-sehir-29-bolumunde-neler-olacak\/","title":{"rendered":"Uzak \u015eehir dizisinin 29 b\u00f6l\u00fcm fragman\u0131 yay\u0131nland\u0131! Uzak \u015eehir 29. B\u00f6l\u00fcm\u00fcnde neler olacak?"},"content":{"rendered":"<p>Sinem \u00dcnsal ve Ozan Akbaba\u2019n\u0131n ba\u015frollerinde yer ald\u0131\u011f\u0131 Uzak \u015eehir dizisi 2 sezon b\u00f6l\u00fcmleriyle ekrana gelmesine g\u00fcnler kald\u0131. 2. Sezon tan\u0131t\u0131m\u0131yla herkesi \u015fa\u015fk\u0131na \u00e7eviren Uzak \u015eehir dizisi yay\u0131nlad\u0131\u011f\u0131 yeni fragman ile izleyicileri daha da heyecanland\u0131rd\u0131. Peki, Uzak \u015eehir 29. B\u00f6l\u00fcm\u00fcnde neler olacak? Mine diziden ayr\u0131l\u0131yor mu? Ecmel, Alya\u2019dan torununu alacak m\u0131?<\/p>\n<h3>UZAK \u015eEH\u0130R D\u0130Z\u0130S\u0130 29. B\u00d6L\u00dcM 1. FRAGMAN YAYINLANDI<\/h3>\n<p>Cihan havaalan\u0131nda Alya\u2019ya sevdi\u011fini s\u00f6ylemi\u015f, Nare ile \u015eahin d\u00fcnya evine girmi\u015fti. Uzak \u015eehir dizisinin yay\u0131nland\u0131\u011f\u0131 29 b\u00f6l\u00fcm fragman\u0131 ile seyircileri \u015fok edici olaylar\u0131 da ekrana verdi. Ecmel\u2019in kimseye haber vermeden hapisten \u00e7\u0131kmas\u0131, Bora\u2019n\u0131n \u00f6lmedi\u011finin \u00f6\u011frenilmesi ve Nare\u2019nin herkesten gizli bir \u015fekilde evlendi\u011finin ortaya \u00e7\u0131kmas\u0131yla i\u015fler iyicene \u00e7\u0131k\u0131lmaz bir hale girdi.<\/p>\n<p><strong>\u0130\u015fte Uzak \u015eehir 29 b\u00f6l\u00fcm ilk fragman\u0131:<\/strong><\/p>\n<div style=\"width: 640px;\" class=\"wp-video\"><!--[if lt IE 9]><script>document.createElement('video');<\/script><![endif]-->\n<video class=\"wp-video-shortcode\" id=\"video-231020-1\" width=\"640\" height=\"360\" preload=\"metadata\" controls=\"controls\"><source type=\"video\/mp4\" src=\"https:\/\/www.tgrthaber.com\/mavikadin\/wp-content\/uploads\/ssstwitter.com_1757006739519.mp4?_=1\" \/><a href=\"https:\/\/www.tgrthaber.com\/mavikadin\/wp-content\/uploads\/ssstwitter.com_1757006739519.mp4\">https:\/\/www.tgrthaber.com\/mavikadin\/wp-content\/uploads\/ssstwitter.com_1757006739519.mp4<\/a><\/video><\/div>\n<hr \/>\n<h3>UZAK \u015eEH\u0130R D\u0130Z\u0130S\u0130 29 B\u00d6L\u00dcM\u00dcNDE NELER OLACAK?<\/h3>\n<p>Alya ve Cihan, Boran\u2019\u0131n \u00f6lmedi\u011fini onun e\u015fi oldu\u011funu iddia eden ki\u015fiden \u00f6\u011frenmenin \u015fokunu ya\u015fayacak. Cihan Alya\u2019ya olan sevgisini dile getirecek. \u201c Ben seni b\u00fct\u00fcn kalbimle seviyorum\u201d<\/p>\n<p><img loading=\"lazy\" decoding=\"async\" class=\"alignnone wp-image-231033 size-full\" src=\"https:\/\/www.tgrthaber.com\/mavikadin\/wp-content\/uploads\/Adsiz-tasarim-14-68.jpg\" alt=\"\" width=\"1208\" height=\"680\" title=\"\" srcset=\"https:\/\/www.tgrthaber.com\/mavikadin\/wp-content\/uploads\/Adsiz-tasarim-14-68.jpg 1208w, https:\/\/www.tgrthaber.com\/mavikadin\/wp-content\/uploads\/Adsiz-tasarim-14-68-300x169.jpg 300w, https:\/\/www.tgrthaber.com\/mavikadin\/wp-content\/uploads\/Adsiz-tasarim-14-68-1024x576.jpg 1024w, https:\/\/www.tgrthaber.com\/mavikadin\/wp-content\/uploads\/Adsiz-tasarim-14-68-768x432.jpg 768w\" sizes=\"(max-width: 1208px) 100vw, 1208px\" \/><\/p>\n<hr \/>\n<p>Nare ve \u015eahin nikahtan sonra d\u00f6nd\u00fcklerinde Ecmel\u2019in hapishaneden \u00e7\u0131k\u0131p eve geri d\u00f6nd\u00fc\u011f\u00fcne \u015fahit olur. Cihan Ecmel\u2019in Boran\u2019\u0131 \u00f6ld\u00fcrd\u00fc\u011f\u00fcn\u00fc bildi\u011fi i\u00e7in adamlar\u0131yla kap\u0131s\u0131na dayanacak. Nare engelleyecek ve Boran\u2019\u0131 \u00f6ld\u00fcren Ecmel\u2019in elini \u00f6pecek.<\/p>\n<p><img loading=\"lazy\" decoding=\"async\" class=\"alignnone wp-image-231034 size-full\" src=\"https:\/\/www.tgrthaber.com\/mavikadin\/wp-content\/uploads\/Adsiz-tasarim-9-75.jpg\" alt=\"\" width=\"1208\" height=\"680\" title=\"\" srcset=\"https:\/\/www.tgrthaber.com\/mavikadin\/wp-content\/uploads\/Adsiz-tasarim-9-75.jpg 1208w, https:\/\/www.tgrthaber.com\/mavikadin\/wp-content\/uploads\/Adsiz-tasarim-9-75-300x169.jpg 300w, https:\/\/www.tgrthaber.com\/mavikadin\/wp-content\/uploads\/Adsiz-tasarim-9-75-1024x576.jpg 1024w, https:\/\/www.tgrthaber.com\/mavikadin\/wp-content\/uploads\/Adsiz-tasarim-9-75-768x432.jpg 768w\" sizes=\"(max-width: 1208px) 100vw, 1208px\" \/><\/p>\n<hr \/>\n<p>Zerrin ise babas\u0131 Ecmel\u2019in katil oldu\u011funu d\u00fc\u015f\u00fcnecek. Demir duyduklar\u0131na kar\u015f\u0131l\u0131k ne yapaca\u011f\u0131n\u0131 bilemeyecek. Di\u011fer yandan Alya ve Cihan\u2019a pusu kurularak zarar verilmek istenilecek.<\/p>\n<p><img loading=\"lazy\" decoding=\"async\" class=\"alignnone wp-image-231032 size-full\" src=\"https:\/\/www.tgrthaber.com\/mavikadin\/wp-content\/uploads\/Adsiz-tasarim-12-66.jpg\" alt=\"\" width=\"1208\" height=\"680\" title=\"\" srcset=\"https:\/\/www.tgrthaber.com\/mavikadin\/wp-content\/uploads\/Adsiz-tasarim-12-66.jpg 1208w, https:\/\/www.tgrthaber.com\/mavikadin\/wp-content\/uploads\/Adsiz-tasarim-12-66-300x169.jpg 300w, https:\/\/www.tgrthaber.com\/mavikadin\/wp-content\/uploads\/Adsiz-tasarim-12-66-1024x576.jpg 1024w, https:\/\/www.tgrthaber.com\/mavikadin\/wp-content\/uploads\/Adsiz-tasarim-12-66-768x432.jpg 768w\" sizes=\"(max-width: 1208px) 100vw, 1208px\" \/><\/p>\n<hr \/>\n<p>Mine ise Alya ile Cihan\u2019\u0131n yak\u0131nla\u015fmas\u0131na dayanamayarak, Alya\u2019y\u0131 \u00f6ld\u00fcrmek isteyecek. Araba ile Alya\u2019n\u0131n \u00fczerine giden Mine\u2019yi beklenmedik bir s\u00fcrpriz kar\u015f\u0131layacak.<\/p>\n<p><img loading=\"lazy\" decoding=\"async\" class=\"alignnone wp-image-231035 size-full\" src=\"https:\/\/www.tgrthaber.com\/mavikadin\/wp-content\/uploads\/Adsiz-tasarim-13-65.jpg\" alt=\"\" width=\"1208\" height=\"680\" title=\"\" srcset=\"https:\/\/www.tgrthaber.com\/mavikadin\/wp-content\/uploads\/Adsiz-tasarim-13-65.jpg 1208w, https:\/\/www.tgrthaber.com\/mavikadin\/wp-content\/uploads\/Adsiz-tasarim-13-65-300x169.jpg 300w, https:\/\/www.tgrthaber.com\/mavikadin\/wp-content\/uploads\/Adsiz-tasarim-13-65-1024x576.jpg 1024w, https:\/\/www.tgrthaber.com\/mavikadin\/wp-content\/uploads\/Adsiz-tasarim-13-65-768x432.jpg 768w\" sizes=\"(max-width: 1208px) 100vw, 1208px\" \/><\/p>\n<hr \/>\n<h3>UZAK \u015eEH\u0130R D\u0130Z\u0130S\u0130 29 B\u00d6L\u00dcM 2. FRAGMAN YAYINLANDI MI?<\/h3>\n<p>Ay Yap\u0131m imzal\u0131 Uzak \u015eehir dizisinin 29 b\u00f6l\u00fcm 2. Fragman\u0131 yay\u0131nlanmad\u0131. Dizisinin yeni b\u00f6l\u00fcmlerine dair detaylar ilerleyen g\u00fcnlerde ekrana gelecek.<\/p>\n<p><img loading=\"lazy\" decoding=\"async\" class=\"alignnone wp-image-231036 size-full\" src=\"https:\/\/www.tgrthaber.com\/mavikadin\/wp-content\/uploads\/Adsiz-tasarim-11-71.jpg\" alt=\"\" width=\"1208\" height=\"680\" title=\"\" srcset=\"https:\/\/www.tgrthaber.com\/mavikadin\/wp-content\/uploads\/Adsiz-tasarim-11-71.jpg 1208w, https:\/\/www.tgrthaber.com\/mavikadin\/wp-content\/uploads\/Adsiz-tasarim-11-71-300x169.jpg 300w, https:\/\/www.tgrthaber.com\/mavikadin\/wp-content\/uploads\/Adsiz-tasarim-11-71-1024x576.jpg 1024w, https:\/\/www.tgrthaber.com\/mavikadin\/wp-content\/uploads\/Adsiz-tasarim-11-71-768x432.jpg 768w\" sizes=\"(max-width: 1208px) 100vw, 1208px\" \/><\/p>\n<hr \/>\n<h3>UZAK \u015eEH\u0130R D\u0130Z\u0130S\u0130 29 B\u00d6L\u00dcM NE ZAMAN YAYINLANACAK?<\/h3>\n<p>Kanal D ekranlar\u0131nda yay\u0131nlanacak olan Uzak \u015eehir dizisi 15 Eyl\u00fcl 2025 Pazartesi g\u00fcn\u00fc saat 20:00\u2019da seyirci ile bulu\u015facak.<\/p>\n","protected":false},"excerpt":{"rendered":"<p>Kanal D ekranlar\u0131n\u0131n fenomen yap\u0131m\u0131 Uzak \u015eehir dizisinin 2 sezon ilk tan\u0131t\u0131m\u0131 yay\u0131nland\u0131. 15 Eyl\u00fcl 2025 Pazartesi saat 20:00\u2019da ekranlara gelecek olan Uzak \u015eehir 29. B\u00f6l\u00fcm\u00fcyle yeni sezona ba\u015flayacak. Peki, Uzak \u015eehir 29. B\u00f6l\u00fcm\u00fcnde neler olacak? Mine diziden ayr\u0131l\u0131yor mu? Ecmel, Alya\u2019dan torununu alacak m\u0131? <\/p>\n","protected":false},"author":10,"featured_media":231021,"comment_status":"closed","ping_status":"closed","sticky":false,"template":"","format":"standard","meta":{"rank_math_lock_modified_date":false,"footnotes":""},"categories":[602],"tags":[32159,2628,10390,61496,61498,61499,61497,4411],"class_list":["post-231020","post","type-post","status-publish","format-standard","has-post-thumbnail","hentry","category-diziler","tag-dizi","tag-dizi-haberleri","tag-dizi-magazin","tag-uzak-sehir-29-bolum-1-fragman","tag-uzak-sehir-29-bolum-2-fragman","tag-uzak-sehir-29-bolum-ne-zaman-yayinlanacak","tag-uzak-sehir-29-bolum-neler-olacak","tag-uzak-sehir-dizisi"],"_links":{"self":[{"href":"https:\/\/www.tgrthaber.com\/mavikadin\/wp-json\/wp\/v2\/posts\/231020"}],"collection":[{"href":"https:\/\/www.tgrthaber.com\/mavikadin\/wp-json\/wp\/v2\/posts"}],"about":[{"href":"https:\/\/www.tgrthaber.com\/mavikadin\/wp-json\/wp\/v2\/types\/post"}],"author":[{"embeddable":true,"href":"https:\/\/www.tgrthaber.com\/mavikadin\/wp-json\/wp\/v2\/users\/10"}],"replies":[{"embeddable":true,"href":"https:\/\/www.tgrthaber.com\/mavikadin\/wp-json\/wp\/v2\/comments?post=231020"}],"version-history":[{"count":2,"href":"https:\/\/www.tgrthaber.com\/mavikadin\/wp-json\/wp\/v2\/posts\/231020\/revisions"}],"predecessor-version":[{"id":231038,"href":"https:\/\/www.tgrthaber.com\/mavikadin\/wp-json\/wp\/v2\/posts\/231020\/revisions\/231038"}],"wp:featuredmedia":[{"embeddable":true,"href":"https:\/\/www.tgrthaber.com\/mavikadin\/wp-json\/wp\/v2\/media\/231021"}],"wp:attachment":[{"href":"https:\/\/www.tgrthaber.com\/mavikadin\/wp-json\/wp\/v2\/media?parent=231020"}],"wp:term":[{"taxonomy":"category","embeddable":true,"href":"https:\/\/www.tgrthaber.com\/mavikadin\/wp-json\/wp\/v2\/categories?post=231020"},{"taxonomy":"post_tag","embeddable":true,"href":"https:\/\/www.tgrthaber.com\/mavikadin\/wp-json\/wp\/v2\/tags?post=231020"}],"curies":[{"name":"wp","href":"https:\/\/api.w.org\/{rel}","templated":true}]}}