{"id":231051,"date":"2025-09-04T21:40:13","date_gmt":"2025-09-04T18:40:13","guid":{"rendered":"https:\/\/www.tgrthaber.com\/mavikadin\/?p=231051"},"modified":"2025-09-04T21:40:13","modified_gmt":"2025-09-04T18:40:13","slug":"bahar-dizisinin-3-sezon-ilk-fragmani-yayinlandi-bahar-dizisi-3-sezon-ne-zaman-yayinlanacak","status":"publish","type":"post","link":"https:\/\/www.tgrthaber.com\/mavikadin\/bahar-dizisinin-3-sezon-ilk-fragmani-yayinlandi-bahar-dizisi-3-sezon-ne-zaman-yayinlanacak\/","title":{"rendered":"Bahar dizisinin 3. Sezon ilk fragman\u0131 yay\u0131nland\u0131! Bahar dizisi 3. Sezon ne zaman yay\u0131nlanacak?"},"content":{"rendered":"<p>SHOW TV ekranlar\u0131nda seyirci ile Sal\u0131 g\u00fcn\u00fc bulu\u015fan Bahar dizisi 3. Sezonu ile Eyl\u00fcl\u2019\u00fcn ikinci haftas\u0131 ekranlara gelecek. Demet Evgar ve Bu\u011fra G\u00fcrsoy\u2019un ba\u015frollerinde yer ald\u0131\u011f\u0131 Bahar dizisinin 3. Sezon ilk tan\u0131t\u0131m\u0131 yay\u0131nland\u0131. Bahar, mutlu bir \u015fekilde hastaneye \u00e7al\u0131\u015fmaya gitti\u011finde kar\u015f\u0131s\u0131nda beklenmedik birini g\u00f6recek. Peki, Bahar dizisi 3. Sezon ne zaman yay\u0131nlanacak? Bahar dizisi 49. B\u00f6l\u00fcm\u00fcnde neler olacak?<\/p>\n<h3>BAHAR D\u0130Z\u0130S\u0130 3. SEZON \u0130LK FRAGMAN YAYINLANDI<\/h3>\n<p>Komedi ve dram t\u00fcr\u00fcnde ekranlarda yer alan Bahar dizisi yeni sezona yeni karakterlerle merhaba dedi. Bahar 3 sezon ilk fragman\u0131 yay\u0131nland\u0131. Bahar karakterinin Evren ile olan a\u015fk\u0131 dolu dizgin devam ederken hem i\u015f hayat\u0131 hem de \u00f6zel ya\u015fam\u0131nda tehlike \u00e7anlar\u0131 \u00e7almaya ba\u015flad\u0131. Bahar, yurt d\u0131\u015f\u0131ndan gelen beyin cerrahi (Mert Turak) ile ba\u015f\u0131 dertte olacak. Evren\u2019in ise hi\u00e7 bilmedi\u011fi bir bebe\u011finin olaca\u011f\u0131 ortaya \u00e7\u0131kacak.<\/p>\n<p><strong>\u0130\u015fte Bahar 3 sezon ilk tan\u0131t\u0131m:<\/strong><\/p>\n<div style=\"width: 640px;\" class=\"wp-video\"><!--[if lt IE 9]><script>document.createElement('video');<\/script><![endif]-->\n<video class=\"wp-video-shortcode\" id=\"video-231051-1\" width=\"640\" height=\"1138\" preload=\"metadata\" controls=\"controls\"><source type=\"video\/mp4\" src=\"https:\/\/www.tgrthaber.com\/mavikadin\/wp-content\/uploads\/ssstwitter.com_1757009356158.mp4?_=1\" \/><a href=\"https:\/\/www.tgrthaber.com\/mavikadin\/wp-content\/uploads\/ssstwitter.com_1757009356158.mp4\">https:\/\/www.tgrthaber.com\/mavikadin\/wp-content\/uploads\/ssstwitter.com_1757009356158.mp4<\/a><\/video><\/div>\n<hr \/>\n<h3>BAHAR D\u0130Z\u0130S\u0130N\u0130N 49. B\u00d6L\u00dcM\u00dcNDE NELER OLACAK?<\/h3>\n<p>Bahar, torunlar\u0131na bakmak i\u00e7in bir s\u00fcre hastanedeki i\u015fini b\u0131rakm\u0131\u015ft\u0131. Yeni sezonda bebeklerin biraz daha b\u00fcy\u00fcmesiyle hastanedeki i\u015fine geri d\u00f6nmenin mutlulu\u011funu ya\u015fayacak.<\/p>\n<p><img loading=\"lazy\" decoding=\"async\" class=\"alignnone wp-image-231054 size-full\" src=\"https:\/\/www.tgrthaber.com\/mavikadin\/wp-content\/uploads\/Adsiz-tasarim-18-71.jpg\" alt=\"\" width=\"1208\" height=\"680\" title=\"\" srcset=\"https:\/\/www.tgrthaber.com\/mavikadin\/wp-content\/uploads\/Adsiz-tasarim-18-71.jpg 1208w, https:\/\/www.tgrthaber.com\/mavikadin\/wp-content\/uploads\/Adsiz-tasarim-18-71-300x169.jpg 300w, https:\/\/www.tgrthaber.com\/mavikadin\/wp-content\/uploads\/Adsiz-tasarim-18-71-1024x576.jpg 1024w, https:\/\/www.tgrthaber.com\/mavikadin\/wp-content\/uploads\/Adsiz-tasarim-18-71-768x432.jpg 768w\" sizes=\"(max-width: 1208px) 100vw, 1208px\" \/><\/p>\n<hr \/>\n<p>Hastanede ise olaylar farkl\u0131 cereyan edecek. Yurt d\u0131\u015f\u0131ndan gelen beyin cerrahi doktoru i\u015fleri arap sa\u00e7\u0131na \u00e7evirecek. Beyin doktorunun geli\u015fi herkesi rahats\u0131z edecek. \u00d6zellikle de Bahar ve Evren\u2019i huzursuz edecek.<\/p>\n<p><img loading=\"lazy\" decoding=\"async\" class=\"alignnone wp-image-231055 size-full\" src=\"https:\/\/www.tgrthaber.com\/mavikadin\/wp-content\/uploads\/Adsiz-tasarim-20-75.jpg\" alt=\"\" width=\"1208\" height=\"680\" title=\"\" srcset=\"https:\/\/www.tgrthaber.com\/mavikadin\/wp-content\/uploads\/Adsiz-tasarim-20-75.jpg 1208w, https:\/\/www.tgrthaber.com\/mavikadin\/wp-content\/uploads\/Adsiz-tasarim-20-75-300x169.jpg 300w, https:\/\/www.tgrthaber.com\/mavikadin\/wp-content\/uploads\/Adsiz-tasarim-20-75-1024x576.jpg 1024w, https:\/\/www.tgrthaber.com\/mavikadin\/wp-content\/uploads\/Adsiz-tasarim-20-75-768x432.jpg 768w\" sizes=\"(max-width: 1208px) 100vw, 1208px\" \/><\/p>\n<hr \/>\n<p>Bahar ve Evren aras\u0131nda her \u015fey yolunda ilerleyecek. Evren\u2019in beklenmedik bir \u015fekilde ortaya \u00e7\u0131kan bir kad\u0131ndan bebe\u011fi olaca\u011f\u0131n\u0131 \u00f6\u011frenmesi i\u015fleri daha da karma\u015f\u0131k hale getirecek.<\/p>\n<p><img loading=\"lazy\" decoding=\"async\" class=\"alignnone wp-image-231056 size-full\" src=\"https:\/\/www.tgrthaber.com\/mavikadin\/wp-content\/uploads\/Adsiz-tasarim-16-56.jpg\" alt=\"\" width=\"1208\" height=\"680\" title=\"\" srcset=\"https:\/\/www.tgrthaber.com\/mavikadin\/wp-content\/uploads\/Adsiz-tasarim-16-56.jpg 1208w, https:\/\/www.tgrthaber.com\/mavikadin\/wp-content\/uploads\/Adsiz-tasarim-16-56-300x169.jpg 300w, https:\/\/www.tgrthaber.com\/mavikadin\/wp-content\/uploads\/Adsiz-tasarim-16-56-1024x576.jpg 1024w, https:\/\/www.tgrthaber.com\/mavikadin\/wp-content\/uploads\/Adsiz-tasarim-16-56-768x432.jpg 768w\" sizes=\"(max-width: 1208px) 100vw, 1208px\" \/><\/p>\n<hr \/>\n<p>Peki, Bahar Evren\u2019in bebe\u011fini oldu\u011funu \u00f6\u011frendi\u011finde ne tepki verecek? Beyin cerrahi Bahar\u2019dan neyin intikam\u0131n\u0131 alacak?<\/p>\n<p><img loading=\"lazy\" decoding=\"async\" class=\"alignnone wp-image-231058 size-full\" src=\"https:\/\/www.tgrthaber.com\/mavikadin\/wp-content\/uploads\/Adsiz-tasarim-21-69.jpg\" alt=\"\" width=\"1208\" height=\"680\" title=\"\" srcset=\"https:\/\/www.tgrthaber.com\/mavikadin\/wp-content\/uploads\/Adsiz-tasarim-21-69.jpg 1208w, https:\/\/www.tgrthaber.com\/mavikadin\/wp-content\/uploads\/Adsiz-tasarim-21-69-300x169.jpg 300w, https:\/\/www.tgrthaber.com\/mavikadin\/wp-content\/uploads\/Adsiz-tasarim-21-69-1024x576.jpg 1024w, https:\/\/www.tgrthaber.com\/mavikadin\/wp-content\/uploads\/Adsiz-tasarim-21-69-768x432.jpg 768w\" sizes=\"(max-width: 1208px) 100vw, 1208px\" \/><\/p>\n<hr \/>\n<h3>BAHAR D\u0130Z\u0130S\u0130 49. B\u00d6L\u00dcM\u00dc NE ZAMAN YAYINLANACAK?<\/h3>\n<p>Show Tv ekranlar\u0131nda 2 sezon boyunca devam eden ve seyircinin be\u011fenisini kazanan komedi t\u00fcr\u00fcndeki Bahar dizisi 3 sezon b\u00f6l\u00fcmleri 9 Eyl\u00fcl 2025 Sal\u0131 g\u00fcn\u00fcnden itibaren ekranlara gelecek. Her hafta yeni b\u00f6l\u00fcm\u00fc ile seyirci kar\u015f\u0131s\u0131na \u00e7\u0131kacak olan Bahar dizisi yeni hikayesiyle izleyenleri ekrana kilitleyecek.<\/p>\n","protected":false},"excerpt":{"rendered":"<p>Demet Evgar\u2019\u0131n ba\u015frollerinde oynad\u0131\u011f\u0131 Bahar dizisi 3 sezon ile ekranlara gelecek. 9 Eyl\u00fcl 2025 Sal\u0131 g\u00fcn\u00fc ekranlara gelecek olan Bahar dizisinde beklenmeyen geli\u015fmeler ya\u015fanacak. Peki, Bahar dizisi 3. Sezon ne zaman yay\u0131nlanacak? Bahar dizisi 49. B\u00f6l\u00fcm\u00fcnde neler olacak? <\/p>\n","protected":false},"author":10,"featured_media":231052,"comment_status":"closed","ping_status":"closed","sticky":false,"template":"","format":"standard","meta":{"rank_math_lock_modified_date":false,"footnotes":""},"categories":[602],"tags":[2452,61501,61503,61502,32159,2628,10390],"class_list":["post-231051","post","type-post","status-publish","format-standard","has-post-thumbnail","hentry","category-diziler","tag-bahar-dizisi","tag-bahar-dizisi-3-sezon-1-fragman","tag-bahar-dizisi-49-bolum-ne-zaman-yayinlanacak","tag-bahar-dizisi-49-bolum-neler-olacak","tag-dizi","tag-dizi-haberleri","tag-dizi-magazin"],"_links":{"self":[{"href":"https:\/\/www.tgrthaber.com\/mavikadin\/wp-json\/wp\/v2\/posts\/231051"}],"collection":[{"href":"https:\/\/www.tgrthaber.com\/mavikadin\/wp-json\/wp\/v2\/posts"}],"about":[{"href":"https:\/\/www.tgrthaber.com\/mavikadin\/wp-json\/wp\/v2\/types\/post"}],"author":[{"embeddable":true,"href":"https:\/\/www.tgrthaber.com\/mavikadin\/wp-json\/wp\/v2\/users\/10"}],"replies":[{"embeddable":true,"href":"https:\/\/www.tgrthaber.com\/mavikadin\/wp-json\/wp\/v2\/comments?post=231051"}],"version-history":[{"count":1,"href":"https:\/\/www.tgrthaber.com\/mavikadin\/wp-json\/wp\/v2\/posts\/231051\/revisions"}],"predecessor-version":[{"id":231059,"href":"https:\/\/www.tgrthaber.com\/mavikadin\/wp-json\/wp\/v2\/posts\/231051\/revisions\/231059"}],"wp:featuredmedia":[{"embeddable":true,"href":"https:\/\/www.tgrthaber.com\/mavikadin\/wp-json\/wp\/v2\/media\/231052"}],"wp:attachment":[{"href":"https:\/\/www.tgrthaber.com\/mavikadin\/wp-json\/wp\/v2\/media?parent=231051"}],"wp:term":[{"taxonomy":"category","embeddable":true,"href":"https:\/\/www.tgrthaber.com\/mavikadin\/wp-json\/wp\/v2\/categories?post=231051"},{"taxonomy":"post_tag","embeddable":true,"href":"https:\/\/www.tgrthaber.com\/mavikadin\/wp-json\/wp\/v2\/tags?post=231051"}],"curies":[{"name":"wp","href":"https:\/\/api.w.org\/{rel}","templated":true}]}}