{"id":231096,"date":"2025-09-04T22:56:11","date_gmt":"2025-09-04T19:56:11","guid":{"rendered":"https:\/\/www.tgrthaber.com\/mavikadin\/?p=231096"},"modified":"2025-09-04T22:56:12","modified_gmt":"2025-09-04T19:56:12","slug":"tuba-buyukustun-sultana-filmine-dahil-oldu-unlu-oyuncu-sultana-filminde-dansci-meral-rolunu-oynayacak","status":"publish","type":"post","link":"https:\/\/www.tgrthaber.com\/mavikadin\/tuba-buyukustun-sultana-filmine-dahil-oldu-unlu-oyuncu-sultana-filminde-dansci-meral-rolunu-oynayacak\/","title":{"rendered":"Tuba B\u00fcy\u00fck\u00fcst\u00fcn Sultana filmine dahil oldu! \u00dcnl\u00fc oyuncu Sultana filminde dans\u00e7\u0131 Meral rol\u00fcn\u00fc oynayacak!"},"content":{"rendered":"<p>Farkl\u0131 hikayesiyle dikkatleri \u00fczerine \u00e7ekecek olan Sultana film i\u00e7in cast \u00e7al\u0131\u015fmalar\u0131 yap\u0131lmaya ba\u015fland\u0131. Sultana filmi ger\u00e7ek hayat hikayesine dayanan 7 tane direk dans\u00e7\u0131s\u0131n\u0131n hikayesi anlat\u0131lacak. Erdi I\u015f\u0131k\u2019\u0131n yap\u0131m\u0131n\u0131 \u00fcstlendi\u011fi Sultana filminde yer alacak dans\u00e7\u0131lardan birini \u00fcnl\u00fc oyuncu Tuba B\u00fcy\u00fck\u00fcst\u00fcn yer alacak. Peki, Sultana filminin konusu nedir?<\/p>\n<h3>TUBA B\u00dcY\u00dcK\u00dcST\u00dcN SULTANA F\u0130LM\u0130N\u0130N KADROSUNA KATILDI<\/h3>\n<p>Gazeteci Birsen Altunta\u015f\u2019\u0131n haberine g\u00f6re, \u00f6d\u00fcl rekortmeni Mukadderat&#8217;\u0131n ba\u015far\u0131l\u0131 yazar\u0131 Erdi I\u015f\u0131k yeni bir filme haz\u0131rlan\u0131yor. Ge\u00e7en sene hem film festivallerinin hem de vizyon seyircisinin b\u00fcy\u00fck be\u011fenisini kazanan I\u015f\u0131k, \u015fimdi de \u201cSultana\u201d filmini sinemaseverlerle bulu\u015fturmak i\u00e7in kollar\u0131 s\u0131vad\u0131.<\/p>\n<p><img loading=\"lazy\" decoding=\"async\" class=\"alignnone wp-image-231098 size-full\" src=\"https:\/\/www.tgrthaber.com\/mavikadin\/wp-content\/uploads\/Adsiz-tasarim-32-61.jpg\" alt=\"\" width=\"1208\" height=\"680\" title=\"\" srcset=\"https:\/\/www.tgrthaber.com\/mavikadin\/wp-content\/uploads\/Adsiz-tasarim-32-61.jpg 1208w, https:\/\/www.tgrthaber.com\/mavikadin\/wp-content\/uploads\/Adsiz-tasarim-32-61-300x169.jpg 300w, https:\/\/www.tgrthaber.com\/mavikadin\/wp-content\/uploads\/Adsiz-tasarim-32-61-1024x576.jpg 1024w, https:\/\/www.tgrthaber.com\/mavikadin\/wp-content\/uploads\/Adsiz-tasarim-32-61-768x432.jpg 768w\" sizes=\"(max-width: 1208px) 100vw, 1208px\" \/><\/p>\n<hr \/>\n<p>Sultana filmin y\u00f6netmen koltu\u011funda \u00c7ilingir Sofras\u0131 filmiyle ad\u0131ndan s\u00f6z ettiren \u00f6d\u00fcll\u00fc isim Ali Kemal G\u00fcven oturacak. Ali Kemal G\u00fcven\u2019in kadraj\u0131ndan izleyece\u011fimiz filmin oyuncu se\u00e7meleri h\u0131z kesmeden yap\u0131lmaya ba\u015fland\u0131. 7 dans\u00e7\u0131n\u0131n yer alaca\u011f\u0131 Sultana filmine Tuba B\u00fcy\u00fck\u00fcst\u00fcn dahil oldu.<\/p>\n<p><img loading=\"lazy\" decoding=\"async\" class=\"alignnone wp-image-231105 size-full\" src=\"https:\/\/www.tgrthaber.com\/mavikadin\/wp-content\/uploads\/Adsiz-tasarim-33-56.jpg\" alt=\"\" width=\"1208\" height=\"680\" title=\"\" srcset=\"https:\/\/www.tgrthaber.com\/mavikadin\/wp-content\/uploads\/Adsiz-tasarim-33-56.jpg 1208w, https:\/\/www.tgrthaber.com\/mavikadin\/wp-content\/uploads\/Adsiz-tasarim-33-56-300x169.jpg 300w, https:\/\/www.tgrthaber.com\/mavikadin\/wp-content\/uploads\/Adsiz-tasarim-33-56-1024x576.jpg 1024w, https:\/\/www.tgrthaber.com\/mavikadin\/wp-content\/uploads\/Adsiz-tasarim-33-56-768x432.jpg 768w\" sizes=\"(max-width: 1208px) 100vw, 1208px\" \/><\/p>\n<hr \/>\n<h3>TUBA B\u00dcY\u00dcK\u00dcST\u00dcN SULTANA F\u0130LM\u0130N\u0130N MERAL\u2019I OLDU<\/h3>\n<p>Ba\u015far\u0131l\u0131 ve g\u00fczel oyuncu Tuba B\u00fcy\u00fck\u00fcst\u00fcn dizi ve sinema sekt\u00f6r\u00fcnde oynad\u0131\u011f\u0131 karakterlerle seyircinin g\u00f6nl\u00fcnde taht kurdu. Oynad\u0131\u011f\u0131 her karakterin hakk\u0131n\u0131 veren g\u00fczel oyuncu Tuba B\u00fcy\u00fck\u00fcst\u00fcn, Erdi I\u015f\u0131k\u2019\u0131n yap\u0131mc\u0131l\u0131\u011f\u0131n\u0131 yapt\u0131\u011f\u0131 Sultana filminde direk dans\u00e7\u0131lar\u0131ndan birinin hayat\u0131n\u0131 oynayacak. Sultana filminde direk dans\u00e7\u0131s\u0131 Merak karakteriyle beyaz perde de yer alacak olan Tuba B\u00fcy\u00fck\u00fcst\u00fcn yeni karakteri sevenlerinde merak uyand\u0131rd\u0131.<\/p>\n<p><img loading=\"lazy\" decoding=\"async\" class=\"alignnone wp-image-231106 size-full\" src=\"https:\/\/www.tgrthaber.com\/mavikadin\/wp-content\/uploads\/Adsiz-tasarim-34-57.jpg\" alt=\"\" width=\"1208\" height=\"680\" title=\"\" srcset=\"https:\/\/www.tgrthaber.com\/mavikadin\/wp-content\/uploads\/Adsiz-tasarim-34-57.jpg 1208w, https:\/\/www.tgrthaber.com\/mavikadin\/wp-content\/uploads\/Adsiz-tasarim-34-57-300x169.jpg 300w, https:\/\/www.tgrthaber.com\/mavikadin\/wp-content\/uploads\/Adsiz-tasarim-34-57-1024x576.jpg 1024w, https:\/\/www.tgrthaber.com\/mavikadin\/wp-content\/uploads\/Adsiz-tasarim-34-57-768x432.jpg 768w\" sizes=\"(max-width: 1208px) 100vw, 1208px\" \/><\/p>\n<hr \/>\n<h3>SULTANA F\u0130LM\u0130N\u0130N KONUSU<\/h3>\n<p>Rodi Medya ve Saros Film imzal\u0131 Sultana filminde ba\u015frol y\u0131ld\u0131zlar\u0131ndan Merak ve arkada\u015flar\u0131n\u0131n ya\u015fad\u0131klar\u0131n\u0131 anlat\u0131l\u0131yor. Sultana adl\u0131 \u0130stanbul\u2019un g\u00f6zde bir gece kul\u00fcb\u00fcnde, 7 direk dans\u00e7\u0131s\u0131n\u0131n etkileyici hik\u00e2yesini sinemaya ta\u015f\u0131yacak olan filmde, her \u015fey bir g\u00fcn gen\u00e7 bir Belaruslu dans\u00e7\u0131 olan Anna\u2019n\u0131n gece kul\u00fcb\u00fcne gelmesiyle de\u011fi\u015fecek.<\/p>\n<p><img loading=\"lazy\" decoding=\"async\" class=\"alignnone wp-image-231107 size-full\" src=\"https:\/\/www.tgrthaber.com\/mavikadin\/wp-content\/uploads\/Adsiz-tasarim-35-57.jpg\" alt=\"\" width=\"1208\" height=\"680\" title=\"\" srcset=\"https:\/\/www.tgrthaber.com\/mavikadin\/wp-content\/uploads\/Adsiz-tasarim-35-57.jpg 1208w, https:\/\/www.tgrthaber.com\/mavikadin\/wp-content\/uploads\/Adsiz-tasarim-35-57-300x169.jpg 300w, https:\/\/www.tgrthaber.com\/mavikadin\/wp-content\/uploads\/Adsiz-tasarim-35-57-1024x576.jpg 1024w, https:\/\/www.tgrthaber.com\/mavikadin\/wp-content\/uploads\/Adsiz-tasarim-35-57-768x432.jpg 768w\" sizes=\"(max-width: 1208px) 100vw, 1208px\" \/><\/p>\n<hr \/>\n<h3>SULTANA F\u0130LM\u0130N\u0130N \u00c7EK\u0130MLER\u0130 NE ZAMAN BA\u015eLAYACAK?<\/h3>\n<p>Ali Kemal G\u00fcven\u2019in y\u00f6netece\u011fi Sultana filminin \u00e7ekimleri ekibinin planlamas\u0131na g\u00f6re Kas\u0131m ay\u0131nda ba\u015flan\u0131lacak. G\u00fc\u00e7l\u00fc hikayesiyle herkesin dikkatini \u00e7ekecek olan filmindeki di\u011fer dans\u00e7\u0131 k\u0131zlar\u0131 oynayacak kad\u0131n oyuncular\u0131n kimler olaca\u011f\u0131 ise ilerleyen g\u00fcnlerde a\u00e7\u0131klanacak.<\/p>\n<p><img loading=\"lazy\" decoding=\"async\" class=\"alignnone wp-image-231108 size-full\" src=\"https:\/\/www.tgrthaber.com\/mavikadin\/wp-content\/uploads\/Adsiz-tasarim-31-63.jpg\" alt=\"\" width=\"1208\" height=\"680\" title=\"\" srcset=\"https:\/\/www.tgrthaber.com\/mavikadin\/wp-content\/uploads\/Adsiz-tasarim-31-63.jpg 1208w, https:\/\/www.tgrthaber.com\/mavikadin\/wp-content\/uploads\/Adsiz-tasarim-31-63-300x169.jpg 300w, https:\/\/www.tgrthaber.com\/mavikadin\/wp-content\/uploads\/Adsiz-tasarim-31-63-1024x576.jpg 1024w, https:\/\/www.tgrthaber.com\/mavikadin\/wp-content\/uploads\/Adsiz-tasarim-31-63-768x432.jpg 768w\" sizes=\"(max-width: 1208px) 100vw, 1208px\" \/><\/p>\n<hr \/>\n<h3>SULTANA F\u0130LM\u0130 NE ZAMAN V\u0130ZYONA G\u0130RECEK?<\/h3>\n<p>Rodi Medya ve Saros Film imzali yap\u0131m Sultana \u00e7ekimleri bittikten sonra kurgu a\u015famalar\u0131na ge\u00e7ilecek. Sultana filmi tahmini olarak 2026 y\u0131l\u0131n\u0131n bahar\u0131na do\u011fru beyaz perde de yay\u0131nlanabilece\u011fi tahmin ediliyor.<\/p>\n","protected":false},"excerpt":{"rendered":"<p>Yap\u0131mc\u0131 Erdi I\u015f\u0131k\u2019\u0131n yap\u0131m\u0131n\u0131 \u00fcstlendi\u011fi Sultana filmi i\u00e7in oyuncu se\u00e7meleri devam ediyor. Sultana filminde direk dans\u00e7\u0131 rol\u00fcn\u00fc ba\u015far\u0131l\u0131 oyuncu Tuba B\u00fcy\u00fck\u00fcst\u00fcn \u00fcstlenecek. \u00dcnl\u00fc oyuncu Tuba B\u00fcy\u00fck\u00fcst\u00fcn farkl\u0131 bir rol ile beyaz perde de yer alacak. <\/p>\n","protected":false},"author":10,"featured_media":231097,"comment_status":"closed","ping_status":"closed","sticky":false,"template":"","format":"standard","meta":{"rank_math_lock_modified_date":false,"footnotes":""},"categories":[602],"tags":[2628,10390,61511,61512,61509,61510],"class_list":["post-231096","post","type-post","status-publish","format-standard","has-post-thumbnail","hentry","category-diziler","tag-dizi-haberleri","tag-dizi-magazin","tag-sultana-filmi-konusu","tag-sultana-filmi-ne-zaman-vizyona-girecek","tag-sultana-filmi-tuba-buyukustun","tag-sultana-filmi-tuba-buyukustun-meral-rolu"],"_links":{"self":[{"href":"https:\/\/www.tgrthaber.com\/mavikadin\/wp-json\/wp\/v2\/posts\/231096"}],"collection":[{"href":"https:\/\/www.tgrthaber.com\/mavikadin\/wp-json\/wp\/v2\/posts"}],"about":[{"href":"https:\/\/www.tgrthaber.com\/mavikadin\/wp-json\/wp\/v2\/types\/post"}],"author":[{"embeddable":true,"href":"https:\/\/www.tgrthaber.com\/mavikadin\/wp-json\/wp\/v2\/users\/10"}],"replies":[{"embeddable":true,"href":"https:\/\/www.tgrthaber.com\/mavikadin\/wp-json\/wp\/v2\/comments?post=231096"}],"version-history":[{"count":2,"href":"https:\/\/www.tgrthaber.com\/mavikadin\/wp-json\/wp\/v2\/posts\/231096\/revisions"}],"predecessor-version":[{"id":231110,"href":"https:\/\/www.tgrthaber.com\/mavikadin\/wp-json\/wp\/v2\/posts\/231096\/revisions\/231110"}],"wp:featuredmedia":[{"embeddable":true,"href":"https:\/\/www.tgrthaber.com\/mavikadin\/wp-json\/wp\/v2\/media\/231097"}],"wp:attachment":[{"href":"https:\/\/www.tgrthaber.com\/mavikadin\/wp-json\/wp\/v2\/media?parent=231096"}],"wp:term":[{"taxonomy":"category","embeddable":true,"href":"https:\/\/www.tgrthaber.com\/mavikadin\/wp-json\/wp\/v2\/categories?post=231096"},{"taxonomy":"post_tag","embeddable":true,"href":"https:\/\/www.tgrthaber.com\/mavikadin\/wp-json\/wp\/v2\/tags?post=231096"}],"curies":[{"name":"wp","href":"https:\/\/api.w.org\/{rel}","templated":true}]}}