{"id":231122,"date":"2025-09-04T23:37:19","date_gmt":"2025-09-04T20:37:19","guid":{"rendered":"https:\/\/www.tgrthaber.com\/mavikadin\/?p=231122"},"modified":"2025-09-04T23:37:19","modified_gmt":"2025-09-04T20:37:19","slug":"cennetin-cocuklari-dizisinin-1-bolumunde-neler-olacak-cennetin-cocuklari-hangi-gun-yayinlanacak","status":"publish","type":"post","link":"https:\/\/www.tgrthaber.com\/mavikadin\/cennetin-cocuklari-dizisinin-1-bolumunde-neler-olacak-cennetin-cocuklari-hangi-gun-yayinlanacak\/","title":{"rendered":"Cennetin \u00c7ocuklar\u0131 dizisinin 1. B\u00f6l\u00fcm\u00fcnde neler olacak? Cennetin \u00c7ocuklar\u0131 hangi g\u00fcn yay\u0131nlanacak?"},"content":{"rendered":"<p>\u0130smail Hac\u0131o\u011flu ve \u00d6zg\u00fc Kaya\u2019n\u0131n ba\u015frollerinde yer alaca\u011f\u0131 Cennetin \u00c7ocuklar\u0131 dizisi Eyl\u00fcl\u2019\u00fcn \u00fc\u00e7\u00fcnc\u00fc haftas\u0131 seyirci ile bulu\u015facak. Uzak \u015eehir dizisi ile ayn\u0131 g\u00fcn yay\u0131n hayat\u0131na girecek olan Cennetin \u00c7ocuklar\u0131 dizisinin ba\u015far\u0131s\u0131 \u015fimdiden merak konusu oldu. Farkl\u0131 hikayesiyle yeni yay\u0131n d\u00f6neminde dikkat \u00e7eken dizi 15 Eyl\u00fcl\u2019de ekranlara gelecek. Peki, Cennetin \u00c7ocuklar\u0131 dizisinin 1. B\u00f6l\u00fcm\u00fcnde neler olacak?<\/p>\n<h3>CENNET\u0130N \u00c7OCUKLARI 1. B\u00d6L\u00dcMDE NELER OLACAK?<\/h3>\n<p>\u0130skender ge\u00e7mi\u015fiyle y\u00fczle\u015fmek zorunda kalacak. \u00c7ocuklu\u011fundan kaza g\u00fcn\u00fcne kadar ya\u015fad\u0131klar\u0131ndan bamba\u015fka bir d\u00fcnyaya g\u00f6zlerini a\u00e7acak. Reekarnasyon sonucunda ba\u015fka bir k\u00f6yde Kamil ismi ile an\u0131lmaya ba\u015flanacak. Herkese Kamil olmad\u0131\u011f\u0131n\u0131 s\u00f6ylese de kimseler ona inanmayacak.<\/p>\n<p><img loading=\"lazy\" decoding=\"async\" class=\"alignnone wp-image-231124 size-full\" src=\"https:\/\/www.tgrthaber.com\/mavikadin\/wp-content\/uploads\/Adsiz-tasarim-37-41.jpg\" alt=\"\" width=\"1208\" height=\"680\" title=\"\" srcset=\"https:\/\/www.tgrthaber.com\/mavikadin\/wp-content\/uploads\/Adsiz-tasarim-37-41.jpg 1208w, https:\/\/www.tgrthaber.com\/mavikadin\/wp-content\/uploads\/Adsiz-tasarim-37-41-300x169.jpg 300w, https:\/\/www.tgrthaber.com\/mavikadin\/wp-content\/uploads\/Adsiz-tasarim-37-41-1024x576.jpg 1024w, https:\/\/www.tgrthaber.com\/mavikadin\/wp-content\/uploads\/Adsiz-tasarim-37-41-768x432.jpg 768w\" sizes=\"(max-width: 1208px) 100vw, 1208px\" \/><\/p>\n<hr \/>\n<p>Kamil yeni hayat\u0131na uyum sa\u011flamaya \u00e7al\u0131\u015f\u0131rken, \u00e7evresindeki herkeste onun bu yeni haline al\u0131\u015fmak zorunda kalacak. Re\u015fat Sipahi\u2019nin Ayla Aksaka ile evlendi\u011fini \u00f6\u011frenmesi \u00fczerine sinir krizi ge\u00e7irir.<\/p>\n<p><img loading=\"lazy\" decoding=\"async\" class=\"alignnone wp-image-231125 size-full\" src=\"https:\/\/www.tgrthaber.com\/mavikadin\/wp-content\/uploads\/Adsiz-tasarim-38-43.jpg\" alt=\"\" width=\"1208\" height=\"680\" title=\"\" srcset=\"https:\/\/www.tgrthaber.com\/mavikadin\/wp-content\/uploads\/Adsiz-tasarim-38-43.jpg 1208w, https:\/\/www.tgrthaber.com\/mavikadin\/wp-content\/uploads\/Adsiz-tasarim-38-43-300x169.jpg 300w, https:\/\/www.tgrthaber.com\/mavikadin\/wp-content\/uploads\/Adsiz-tasarim-38-43-1024x576.jpg 1024w, https:\/\/www.tgrthaber.com\/mavikadin\/wp-content\/uploads\/Adsiz-tasarim-38-43-768x432.jpg 768w\" sizes=\"(max-width: 1208px) 100vw, 1208px\" \/><\/p>\n<hr \/>\n<p>Kamil yeni hayat\u0131na al\u0131\u015fabilecek mi? Duvar\u0131n \u00f6teki taraf\u0131na ge\u00e7i\u015f yapan \u0130skender ile Kamil aras\u0131ndaki gidip gelme olay\u0131 ne gibi i\u015fler a\u00e7acak?<\/p>\n<p><strong>\u0130\u015fte Cennetin \u00c7ocuklar\u0131 1. B\u00f6l\u00fcm fragman\u0131:<\/strong><\/p>\n<div style=\"width: 640px;\" class=\"wp-video\"><!--[if lt IE 9]><script>document.createElement('video');<\/script><![endif]-->\n<video class=\"wp-video-shortcode\" id=\"video-231122-1\" width=\"640\" height=\"360\" preload=\"metadata\" controls=\"controls\"><source type=\"video\/mp4\" src=\"https:\/\/www.tgrthaber.com\/mavikadin\/wp-content\/uploads\/ssstwitter.com_1757016248256.mp4?_=1\" \/><a href=\"https:\/\/www.tgrthaber.com\/mavikadin\/wp-content\/uploads\/ssstwitter.com_1757016248256.mp4\">https:\/\/www.tgrthaber.com\/mavikadin\/wp-content\/uploads\/ssstwitter.com_1757016248256.mp4<\/a><\/video><\/div>\n<hr \/>\n<h3>CENNET\u0130N \u00c7OCUKLARI 1. B\u00d6L\u00dcM NE ZAMAN YAYINLANACAK?<\/h3>\n<p>TRT 1 ekranlar\u0131n\u0131n yeni aile dizisi Cennetin \u00c7ocuklar\u0131 i\u00e7in beklenen g\u00fcn sonunda a\u00e7\u0131kland\u0131. 15 Eyl\u00fcl 2025 Pazartesi saat 20:00\u2019da Cennetin \u00c7ocuklar\u0131 TRT 1 ekranlar\u0131nda seyircisi ile bulu\u015facak.<\/p>\n<p><img loading=\"lazy\" decoding=\"async\" class=\"alignnone wp-image-231126 size-full\" src=\"https:\/\/www.tgrthaber.com\/mavikadin\/wp-content\/uploads\/Adsiz-tasarim-39-38.jpg\" alt=\"\" width=\"1208\" height=\"680\" title=\"\" srcset=\"https:\/\/www.tgrthaber.com\/mavikadin\/wp-content\/uploads\/Adsiz-tasarim-39-38.jpg 1208w, https:\/\/www.tgrthaber.com\/mavikadin\/wp-content\/uploads\/Adsiz-tasarim-39-38-300x169.jpg 300w, https:\/\/www.tgrthaber.com\/mavikadin\/wp-content\/uploads\/Adsiz-tasarim-39-38-1024x576.jpg 1024w, https:\/\/www.tgrthaber.com\/mavikadin\/wp-content\/uploads\/Adsiz-tasarim-39-38-768x432.jpg 768w\" sizes=\"(max-width: 1208px) 100vw, 1208px\" \/><\/p>\n<hr \/>\n<p>Komedi ve dram\u0131n ayn\u0131 anda yer alaca\u011f\u0131 aile s\u0131cakl\u0131\u011f\u0131n\u0131n izleyicilere aktar\u0131laca\u011f\u0131 Cennetin \u00c7ocuklar\u0131 dizisi s\u0131cakc\u0131k bir yuvan\u0131n hikayesini anlatacak.<\/p>\n<p><img loading=\"lazy\" decoding=\"async\" class=\"alignnone wp-image-231127 size-full\" src=\"https:\/\/www.tgrthaber.com\/mavikadin\/wp-content\/uploads\/Adsiz-tasarim-40-47.jpg\" alt=\"\" width=\"1208\" height=\"680\" title=\"\" srcset=\"https:\/\/www.tgrthaber.com\/mavikadin\/wp-content\/uploads\/Adsiz-tasarim-40-47.jpg 1208w, https:\/\/www.tgrthaber.com\/mavikadin\/wp-content\/uploads\/Adsiz-tasarim-40-47-300x169.jpg 300w, https:\/\/www.tgrthaber.com\/mavikadin\/wp-content\/uploads\/Adsiz-tasarim-40-47-1024x576.jpg 1024w, https:\/\/www.tgrthaber.com\/mavikadin\/wp-content\/uploads\/Adsiz-tasarim-40-47-768x432.jpg 768w\" sizes=\"(max-width: 1208px) 100vw, 1208px\" \/><\/p>\n<hr \/>\n<h3>CENNET\u0130N \u00c7OCUKLARI D\u0130Z\u0130S\u0130N\u0130N\u0130 OYUNCU KADROSU VE KARAKTERLER\u0130<\/h3>\n<ul>\n<li>\u0130smail Hac\u0131o\u011flu (\u0130skender)<\/li>\n<li>\u00d6zg\u00fc Kaya (G\u00f6n\u00fcl)<\/li>\n<li>Melisa \u015eenolsun (Ayla)<\/li>\n<li>Zafer Alg\u00f6z (\u015eeref)<\/li>\n<li>Yurdaer Okur (Baytar Ahmet)<\/li>\n<li>Ali Se\u00e7kiner Al\u0131c\u0131 (Sar\u0131 Day\u0131)<\/li>\n<li>Ali D\u00fc\u015fenkalkar (S\u00fcleyman)<\/li>\n<li>\u015eebnem Do\u011fruer (Cennet)<\/li>\n<li>M\u00fcnire Apayd\u0131n (Firdevs)<\/li>\n<li>Bihter Din\u00e7el (Arife)<\/li>\n<li>Eda Akal\u0131n (Yasemin)<\/li>\n<li>Ali G\u00f6z\u00fc\u015firin (Adem)<\/li>\n<li>Evliya Aykan (Oltac\u0131 Bayram)<\/li>\n<li>Eren Hac\u0131saliho\u011flu (Arif)<\/li>\n<li>Birand Tunca (Bekir)<\/li>\n<li>Ecem \u00c7alhan (Sezen)<\/li>\n<\/ul>\n","protected":false},"excerpt":{"rendered":"<p>TRT 1 ekranlar\u0131n\u0131n yeni aile yap\u0131m\u0131 Cennetin \u00c7ocuklar\u0131 dizisi 1. B\u00f6l\u00fcm 1. Fragman\u0131n\u0131 yay\u0131nlad\u0131. Uzun zamand\u0131r Cennetin \u00c7ocuklar\u0131 dizisi ne zaman yay\u0131nlanacak diye bekleniliyordu? Cennetin \u00c7ocuklar\u0131 dizisi 15 Eyl\u00fcl 2025 Pazartesi saat 20:00\u2019da TRT1 ekranlar\u0131nda seyirci ile bulu\u015facak. Peki, Cennetin \u00c7ocuklar\u0131 dizisinin 1. B\u00f6l\u00fcm\u00fcnde neler olacak?<\/p>\n","protected":false},"author":10,"featured_media":231128,"comment_status":"closed","ping_status":"closed","sticky":false,"template":"","format":"standard","meta":{"rank_math_lock_modified_date":false,"footnotes":""},"categories":[602],"tags":[61521,61520,61522,61523],"class_list":["post-231122","post","type-post","status-publish","format-standard","has-post-thumbnail","hentry","category-diziler","tag-cennetin-cocuklari-dizisi-1-bolum-1-fragman","tag-cennetin-cocuklari-dizisi-15-eylul","tag-cennetin-cocuklari-dizisi-oyuncu-kadrosu-ve-karakterleri","tag-cennetin-cocuklari-hangi-gun-yayinlanacak"],"_links":{"self":[{"href":"https:\/\/www.tgrthaber.com\/mavikadin\/wp-json\/wp\/v2\/posts\/231122"}],"collection":[{"href":"https:\/\/www.tgrthaber.com\/mavikadin\/wp-json\/wp\/v2\/posts"}],"about":[{"href":"https:\/\/www.tgrthaber.com\/mavikadin\/wp-json\/wp\/v2\/types\/post"}],"author":[{"embeddable":true,"href":"https:\/\/www.tgrthaber.com\/mavikadin\/wp-json\/wp\/v2\/users\/10"}],"replies":[{"embeddable":true,"href":"https:\/\/www.tgrthaber.com\/mavikadin\/wp-json\/wp\/v2\/comments?post=231122"}],"version-history":[{"count":1,"href":"https:\/\/www.tgrthaber.com\/mavikadin\/wp-json\/wp\/v2\/posts\/231122\/revisions"}],"predecessor-version":[{"id":231129,"href":"https:\/\/www.tgrthaber.com\/mavikadin\/wp-json\/wp\/v2\/posts\/231122\/revisions\/231129"}],"wp:featuredmedia":[{"embeddable":true,"href":"https:\/\/www.tgrthaber.com\/mavikadin\/wp-json\/wp\/v2\/media\/231128"}],"wp:attachment":[{"href":"https:\/\/www.tgrthaber.com\/mavikadin\/wp-json\/wp\/v2\/media?parent=231122"}],"wp:term":[{"taxonomy":"category","embeddable":true,"href":"https:\/\/www.tgrthaber.com\/mavikadin\/wp-json\/wp\/v2\/categories?post=231122"},{"taxonomy":"post_tag","embeddable":true,"href":"https:\/\/www.tgrthaber.com\/mavikadin\/wp-json\/wp\/v2\/tags?post=231122"}],"curies":[{"name":"wp","href":"https:\/\/api.w.org\/{rel}","templated":true}]}}