{"id":231130,"date":"2025-09-05T08:36:38","date_gmt":"2025-09-05T05:36:38","guid":{"rendered":"https:\/\/www.tgrthaber.com\/mavikadin\/?p=231130"},"modified":"2025-09-05T08:36:38","modified_gmt":"2025-09-05T05:36:38","slug":"murat-han-teskilat-dizisine-devam-edecek-mi-murat-han-teskilat-6-sezon-oyuncu-kadrosunda-yer-alacak-mi","status":"publish","type":"post","link":"https:\/\/www.tgrthaber.com\/mavikadin\/murat-han-teskilat-dizisine-devam-edecek-mi-murat-han-teskilat-6-sezon-oyuncu-kadrosunda-yer-alacak-mi\/","title":{"rendered":"Murat Han Te\u015fkilat dizisine devam edecek mi? Murat Han Te\u015fkilat 6. Sezon oyuncu kadrosunda yer alacak m\u0131?"},"content":{"rendered":"<p>Te\u015fkilat dizisine 5. Sezon b\u00f6l\u00fcmlerinde kat\u0131lan \u00fcnl\u00fc oyuncu Murat Han\u2019\u0131n sezon finalinde ortadan kald\u0131r\u0131lmas\u0131yla ayr\u0131ld\u0131\u011f\u0131 iddia edilmi\u015fti. TIMS&amp;B Product\u0131ons ekibinin ald\u0131\u011f\u0131 karar do\u011frultusunda ba\u015far\u0131l\u0131 oyuncu Murat Han Te\u015fkilat dizisine geri d\u00f6n\u00fc\u015f yapt\u0131. Oyuncunun diziye tekrardan geri gelmesi hayranlar\u0131n\u0131 sevindirdi.<\/p>\n<h3>MURAT HAN TEKRARDAN TE\u015eK\u0130LAT D\u0130Z\u0130S\u0130NDE YER ALACAK<\/h3>\n<p>\u00dcnl\u00fc oyuncu Murat Han, <a href=\"https:\/\/www.tgrthaber.com\/mavikadin\/rabia-soyturk-teskilat-dizisiyle-ekranlara-donuyor-hilal-turanturk-roluyle-izleyici-karsisina-cikacak\/\">Te\u015fkilat<\/a> dizisinde Hamdi rol\u00fc ile sevilen bir karakter olmu\u015ftu. Korkut ile birlikte girdikleri aksiyon sahneleri izleyiciler taraf\u0131ndan olduk\u00e7a be\u011feniliyordu. Hamdi karakterinin diziden ayr\u0131lmas\u0131 bir\u00e7ok Te\u015fkilat dizisinin fan\u0131n\u0131 \u00fczm\u00fc\u015ft\u00fc. Te\u015fkilat dizisi ekibinden sevindirici bir haber geldi.<\/p>\n<p><img loading=\"lazy\" decoding=\"async\" class=\"alignnone wp-image-231132 size-full\" src=\"https:\/\/www.tgrthaber.com\/mavikadin\/wp-content\/uploads\/Adsiz-tasarim-44-37.jpg\" alt=\"\" width=\"1208\" height=\"680\" title=\"\" srcset=\"https:\/\/www.tgrthaber.com\/mavikadin\/wp-content\/uploads\/Adsiz-tasarim-44-37.jpg 1208w, https:\/\/www.tgrthaber.com\/mavikadin\/wp-content\/uploads\/Adsiz-tasarim-44-37-300x169.jpg 300w, https:\/\/www.tgrthaber.com\/mavikadin\/wp-content\/uploads\/Adsiz-tasarim-44-37-1024x576.jpg 1024w, https:\/\/www.tgrthaber.com\/mavikadin\/wp-content\/uploads\/Adsiz-tasarim-44-37-768x432.jpg 768w\" sizes=\"(max-width: 1208px) 100vw, 1208px\" \/><\/p>\n<hr \/>\n<p>Ba\u015far\u0131l\u0131 oyuncu Murat Han, Hamdi karakteri ile yeniden <a href=\"https:\/\/www.tgrthaber.com\/mavikadin\/yeliz-sar-teskilat-dizisinin-kadrosuna-dahil-oldu-fenomen-diziyle-ekranlara-donuyor\/\">Te\u015fkilat<\/a> 6. Sezon yeni b\u00f6l\u00fcmlerinde yer alacak. Oyuncunun diziye hangi hikayeyle dahil olaca\u011f\u0131 hen\u00fcz bilinmezken, Hamdi karakterinin Te\u015fkilat kadrosunda yer almas\u0131 bir\u00e7ok sosyal medya kullan\u0131c\u0131s\u0131n\u0131 sevindirdi.<\/p>\n<p><img loading=\"lazy\" decoding=\"async\" class=\"alignnone wp-image-231133 size-full\" src=\"https:\/\/www.tgrthaber.com\/mavikadin\/wp-content\/uploads\/Adsiz-tasarim-46-38.jpg\" alt=\"\" width=\"1208\" height=\"680\" title=\"\" srcset=\"https:\/\/www.tgrthaber.com\/mavikadin\/wp-content\/uploads\/Adsiz-tasarim-46-38.jpg 1208w, https:\/\/www.tgrthaber.com\/mavikadin\/wp-content\/uploads\/Adsiz-tasarim-46-38-300x169.jpg 300w, https:\/\/www.tgrthaber.com\/mavikadin\/wp-content\/uploads\/Adsiz-tasarim-46-38-1024x576.jpg 1024w, https:\/\/www.tgrthaber.com\/mavikadin\/wp-content\/uploads\/Adsiz-tasarim-46-38-768x432.jpg 768w\" sizes=\"(max-width: 1208px) 100vw, 1208px\" \/><\/p>\n<hr \/>\n<h3>MURAT HAN\u2019IN OYNADI\u011eI HAMD\u0130 KARAKTER\u0130 K\u0130MD\u0130R?<\/h3>\n<p>G\u00fcc\u00fcn\u00fc kaybetmi\u015f bir mafya babas\u0131 olan Hamdi,\u00a0 hapisten ka\u00e7t\u0131ktan sonra \u0130stanbul&#8217;a d\u00f6nm\u00fc\u015ft\u00fcr. Hamdi eskiden b\u0131rakt\u0131\u011f\u0131 \u015fekilde hi\u00e7bir \u015feyin ayn\u0131 olmad\u0131\u011f\u0131n\u0131 fark eder.<\/p>\n<p><img loading=\"lazy\" decoding=\"async\" class=\"alignnone wp-image-231134 size-full\" src=\"https:\/\/www.tgrthaber.com\/mavikadin\/wp-content\/uploads\/Adsiz-tasarim-45-38.jpg\" alt=\"\" width=\"1208\" height=\"680\" title=\"\" srcset=\"https:\/\/www.tgrthaber.com\/mavikadin\/wp-content\/uploads\/Adsiz-tasarim-45-38.jpg 1208w, https:\/\/www.tgrthaber.com\/mavikadin\/wp-content\/uploads\/Adsiz-tasarim-45-38-300x169.jpg 300w, https:\/\/www.tgrthaber.com\/mavikadin\/wp-content\/uploads\/Adsiz-tasarim-45-38-1024x576.jpg 1024w, https:\/\/www.tgrthaber.com\/mavikadin\/wp-content\/uploads\/Adsiz-tasarim-45-38-768x432.jpg 768w\" sizes=\"(max-width: 1208px) 100vw, 1208px\" \/><\/p>\n<hr \/>\n<p>\u0130stihbarat gizli ajan\u0131 Korkut ile ilk ba\u015fta d\u00fc\u015fman sonras\u0131nda \u00e7ok yak\u0131n bir arkada\u015f olurlar. Korkut\u2019un istihbarat ajan\u0131 oldu\u011fun \u00f6\u011frenen Hamdi, Korkut\u2019un ekibine kat\u0131l\u0131r.<\/p>\n<p><img loading=\"lazy\" decoding=\"async\" class=\"alignnone size-medium wp-image-231135\" src=\"https:\/\/www.tgrthaber.com\/mavikadin\/wp-content\/uploads\/Adsiz-tasarim-43-35-300x169.jpg\" alt=\"\" width=\"300\" height=\"169\" title=\"\" srcset=\"https:\/\/www.tgrthaber.com\/mavikadin\/wp-content\/uploads\/Adsiz-tasarim-43-35-300x169.jpg 300w, https:\/\/www.tgrthaber.com\/mavikadin\/wp-content\/uploads\/Adsiz-tasarim-43-35-1024x576.jpg 1024w, https:\/\/www.tgrthaber.com\/mavikadin\/wp-content\/uploads\/Adsiz-tasarim-43-35-768x432.jpg 768w, https:\/\/www.tgrthaber.com\/mavikadin\/wp-content\/uploads\/Adsiz-tasarim-43-35.jpg 1208w\" sizes=\"(max-width: 300px) 100vw, 300px\" \/><\/p>\n<p>Hamdi t\u00fcm her \u015feyini Korkut\u2019a devreder ve masada konu\u015fma hakk\u0131n\u0131 ona verir. Korkut\u2019tan ald\u0131\u011f\u0131 destekle g\u00fcc\u00fcn\u00fc geri kazanmaya \u00e7al\u0131\u015f\u0131r.<\/p>\n<h3>TE\u015eK\u0130LAT 6. SEZON OYUNCU KADROSU<\/h3>\n<ul>\n<li>Tolga Sar\u0131ta\u015f<\/li>\n<li>Rabia Soyt\u00fcrk<\/li>\n<li>Yunus Emre Y\u0131ld\u0131r\u0131mer<\/li>\n<li>Serdar Ye\u011fin<\/li>\n<li>Melisa Akman<\/li>\n<li>Erkan Petekkaya<\/li>\n<li>Murat Han<\/li>\n<\/ul>\n","protected":false},"excerpt":{"rendered":"<p>TRT 1 ekranlar\u0131n\u0131n aksiyon dizisi Te\u015fkilat 6. Sezon b\u00f6l\u00fcmleriyle ekranlara geri d\u00f6n\u00fcyor. \u00c7ekimleri ba\u015flan\u0131lan Te\u015fkilat dizisinin kadrosunda yer alan Murat Han\u2019\u0131n yeni sezonda olup olmayaca\u011f\u0131 belli de\u011fildi. Yap\u0131m ekibinin ald\u0131\u011f\u0131 karar ile ba\u015far\u0131l\u0131 oyuncu Murat Han Te\u015fkilat 6. Sezon oyuncu kadrosunda yer alacak. <\/p>\n","protected":false},"author":10,"featured_media":231138,"comment_status":"closed","ping_status":"closed","sticky":false,"template":"","format":"standard","meta":{"rank_math_lock_modified_date":false,"footnotes":""},"categories":[602],"tags":[3602,50537,840],"class_list":["post-231130","post","type-post","status-publish","format-standard","has-post-thumbnail","hentry","category-diziler","tag-diziler","tag-murat-han","tag-teskilat"],"_links":{"self":[{"href":"https:\/\/www.tgrthaber.com\/mavikadin\/wp-json\/wp\/v2\/posts\/231130"}],"collection":[{"href":"https:\/\/www.tgrthaber.com\/mavikadin\/wp-json\/wp\/v2\/posts"}],"about":[{"href":"https:\/\/www.tgrthaber.com\/mavikadin\/wp-json\/wp\/v2\/types\/post"}],"author":[{"embeddable":true,"href":"https:\/\/www.tgrthaber.com\/mavikadin\/wp-json\/wp\/v2\/users\/10"}],"replies":[{"embeddable":true,"href":"https:\/\/www.tgrthaber.com\/mavikadin\/wp-json\/wp\/v2\/comments?post=231130"}],"version-history":[{"count":2,"href":"https:\/\/www.tgrthaber.com\/mavikadin\/wp-json\/wp\/v2\/posts\/231130\/revisions"}],"predecessor-version":[{"id":231139,"href":"https:\/\/www.tgrthaber.com\/mavikadin\/wp-json\/wp\/v2\/posts\/231130\/revisions\/231139"}],"wp:featuredmedia":[{"embeddable":true,"href":"https:\/\/www.tgrthaber.com\/mavikadin\/wp-json\/wp\/v2\/media\/231138"}],"wp:attachment":[{"href":"https:\/\/www.tgrthaber.com\/mavikadin\/wp-json\/wp\/v2\/media?parent=231130"}],"wp:term":[{"taxonomy":"category","embeddable":true,"href":"https:\/\/www.tgrthaber.com\/mavikadin\/wp-json\/wp\/v2\/categories?post=231130"},{"taxonomy":"post_tag","embeddable":true,"href":"https:\/\/www.tgrthaber.com\/mavikadin\/wp-json\/wp\/v2\/tags?post=231130"}],"curies":[{"name":"wp","href":"https:\/\/api.w.org\/{rel}","templated":true}]}}