{"id":231140,"date":"2025-09-05T09:12:23","date_gmt":"2025-09-05T06:12:23","guid":{"rendered":"https:\/\/www.tgrthaber.com\/mavikadin\/?p=231140"},"modified":"2025-09-05T09:12:24","modified_gmt":"2025-09-05T06:12:24","slug":"zeynep-degirmencioglu-yesilcamin-aysecikiydi-unlu-oyuncunun-son-hali-herkesi-sasirtti","status":"publish","type":"post","link":"https:\/\/www.tgrthaber.com\/mavikadin\/zeynep-degirmencioglu-yesilcamin-aysecikiydi-unlu-oyuncunun-son-hali-herkesi-sasirtti\/","title":{"rendered":"Zeynep De\u011firmencio\u011flu Ye\u015fil\u00e7am\u2019\u0131n Ay\u015fecik\u2019iydi! \u00dcnl\u00fc oyuncunun son hali herkesi \u015fa\u015f\u0131rtt\u0131"},"content":{"rendered":"<p>Zeynep De\u011firmencio\u011flu, Ye\u015fil\u00e7am\u2019\u0131n Ay\u015fecik\u2019i olarak tan\u0131n\u0131yordu. Ye\u015fil\u00e7am\u2019\u0131n efsane isimleri aras\u0131nda yer alan Zeynep De\u011firmencio\u011flu, evlendikten sonra \u00e7ok farkl\u0131 bir hayat benimsemi\u015f ve ekranlardan uzakla\u015fm\u0131\u015ft\u0131. Uzun bir s\u00fcredir ekranlarda g\u00f6r\u00fcnmeyen usta oyuncu son haliyle \u015fa\u015f\u0131rtt\u0131. Zeynep De\u011firmencio\u011flu\u2019nun son hali merak edildi. \u0130\u015fte Zeynep De\u011firmencio\u011flu\u2019nun son hali\u2026<\/p>\n<h3>ZEYNEP DE\u011e\u0130RMENC\u0130O\u011eLU YE\u015e\u0130L\u00c7AM\u2019IN AY\u015eEC\u0130K\u2019\u0130YD\u0130!<\/h3>\n<p>Zeynep De\u011firmencio\u011flu, Ye\u015fil\u00e7am\u2019\u0131n efsane isimleri aras\u0131nda yer al\u0131yordu. \u00d6zellikle Ay\u015fecik karakteriyle haf\u0131zalara kaz\u0131nan \u00fcnl\u00fc oyuncu, bir d\u00f6neme damgas\u0131n\u0131 vurmu\u015ftu. Daha \u00e7ok k\u00fc\u00e7\u00fck ya\u015flardayken ekranlarla tan\u0131\u015fan De\u011firmencio\u011flu, ilk deneyimini 2 ya\u015f\u0131nda ger\u00e7ekle\u015ftirmi\u015fti. 20 ya\u015f\u0131na kadar pek \u00e7ok farkl\u0131 projede ba\u015far\u0131l\u0131 bir performans sergileyen De\u011firmencio\u011flu, b\u00fcy\u00fck ilgiyle takip ediliyordu.<\/p>\n<p><img loading=\"lazy\" decoding=\"async\" class=\"alignnone wp-image-231142\" src=\"https:\/\/www.tgrthaber.com\/mavikadin\/wp-content\/uploads\/Zeynep-Degirmencioglu-8-1024x576.jpg\" alt=\"Zeynep De\u011firmencio\u011flu Ye\u015fil\u00e7am\u2019\u0131n Ay\u015fecik\u2019iydi! \u00dcnl\u00fc oyuncunun son hali herkesi \u015fa\u015f\u0131rtt\u0131\" width=\"1208\" height=\"680\" title=\"\" srcset=\"https:\/\/www.tgrthaber.com\/mavikadin\/wp-content\/uploads\/Zeynep-Degirmencioglu-8-1024x576.jpg 1024w, https:\/\/www.tgrthaber.com\/mavikadin\/wp-content\/uploads\/Zeynep-Degirmencioglu-8-300x169.jpg 300w, https:\/\/www.tgrthaber.com\/mavikadin\/wp-content\/uploads\/Zeynep-Degirmencioglu-8-768x432.jpg 768w, https:\/\/www.tgrthaber.com\/mavikadin\/wp-content\/uploads\/Zeynep-Degirmencioglu-8.jpg 1208w\" sizes=\"(max-width: 1208px) 100vw, 1208px\" \/><\/p>\n<hr \/>\n<p>Sabah\u2019\u0131n haberine g\u00f6re; Zeynep De\u011firmencio\u011flu, T\u00fcrk sinemas\u0131n\u0131n \u00e7ocuk y\u0131ld\u0131zlar\u0131 aras\u0131nda yer alm\u0131\u015f ve Ay\u015fecik karakteriyle b\u00fcy\u00fck bir sevgi kazanm\u0131\u015ft\u0131. De\u011firmencio\u011flu, kariyerinin zirveyi g\u00f6rmesiyle birlikte oyunculu\u011fa aniden veda etti ve bir daha geri d\u00f6nmedi. De\u011firmencio\u011flu, ba\u015frol\u00fcnde yer ald\u0131\u011f\u0131 ve y\u00f6netmen koltu\u011funda Arif Y\u0131lmaz\u2019\u0131n oturdu\u011fu Ay\u015fecik\u2019le izleyiciden tam not alm\u0131\u015ft\u0131. Seyirci taraf\u0131ndan sevilen Ay\u015fecik, devam filmleriyle 11 y\u0131lda 15 filmlik seri haline getirildi.<\/p>\n<p><img loading=\"lazy\" decoding=\"async\" class=\"alignnone wp-image-231148\" src=\"https:\/\/www.tgrthaber.com\/mavikadin\/wp-content\/uploads\/Zeynep-Degirmencioglu-15-1024x576.jpg\" alt=\"Zeynep De\u011firmencio\u011flu Ye\u015fil\u00e7am\u2019\u0131n Ay\u015fecik\u2019iydi! \u00dcnl\u00fc oyuncunun son hali herkesi \u015fa\u015f\u0131rtt\u0131\" width=\"1208\" height=\"680\" title=\"\" srcset=\"https:\/\/www.tgrthaber.com\/mavikadin\/wp-content\/uploads\/Zeynep-Degirmencioglu-15-1024x576.jpg 1024w, https:\/\/www.tgrthaber.com\/mavikadin\/wp-content\/uploads\/Zeynep-Degirmencioglu-15-300x169.jpg 300w, https:\/\/www.tgrthaber.com\/mavikadin\/wp-content\/uploads\/Zeynep-Degirmencioglu-15-768x432.jpg 768w, https:\/\/www.tgrthaber.com\/mavikadin\/wp-content\/uploads\/Zeynep-Degirmencioglu-15.jpg 1208w\" sizes=\"(max-width: 1208px) 100vw, 1208px\" \/><\/p>\n<hr \/>\n<h3>ZEYNEP DE\u011e\u0130RMENC\u0130O\u011eLU\u2019NUN SON HAL\u0130 HERKES\u0130 \u015eA\u015eIRTTI!<\/h3>\n<p>K\u00fclkedisi\u2019nde de boy g\u00f6steren Zeynep De\u011firmencio\u011flu, daha \u00e7ok \u2018Ay\u015fecik\u2019 karakteriyle haf\u0131zalara kaz\u0131nm\u0131\u015ft\u0131. De\u011firmencio\u011flu, d\u00f6nemin \u00fcnl\u00fc futbolcusu Fenerbah\u00e7eli Serkan Acar ile evlendikten sonra kendine \u00e7ok farkl\u0131 bir hayat \u00e7izdi.<\/p>\n<p><img loading=\"lazy\" decoding=\"async\" class=\"alignnone wp-image-231149\" src=\"https:\/\/www.tgrthaber.com\/mavikadin\/wp-content\/uploads\/Zeynep-Degirmencioglu-9-1024x576.jpg\" alt=\"Zeynep De\u011firmencio\u011flu Ye\u015fil\u00e7am\u2019\u0131n Ay\u015fecik\u2019iydi! \u00dcnl\u00fc oyuncunun son hali herkesi \u015fa\u015f\u0131rtt\u0131\" width=\"1208\" height=\"680\" title=\"\" srcset=\"https:\/\/www.tgrthaber.com\/mavikadin\/wp-content\/uploads\/Zeynep-Degirmencioglu-9-1024x576.jpg 1024w, https:\/\/www.tgrthaber.com\/mavikadin\/wp-content\/uploads\/Zeynep-Degirmencioglu-9-300x169.jpg 300w, https:\/\/www.tgrthaber.com\/mavikadin\/wp-content\/uploads\/Zeynep-Degirmencioglu-9-768x432.jpg 768w, https:\/\/www.tgrthaber.com\/mavikadin\/wp-content\/uploads\/Zeynep-Degirmencioglu-9.jpg 1208w\" sizes=\"(max-width: 1208px) 100vw, 1208px\" \/><\/p>\n<hr \/>\n<p>Evlendikten sonra \u00e7ok farkl\u0131 bir hayat benimseyen De\u011firmencio\u011flu, oyunculuk kariyerinden vazge\u00e7mi\u015fti. \u015eimdilerde \u0130stanbul\u2019da emlak\u00e7\u0131l\u0131k yapan usta oyuncunun son hali merak edildi. Uzun bir s\u00fcredir ekranlarda g\u00f6r\u00fcnmeyen usta oyuncu son haliyle \u015fa\u015f\u0131rtt\u0131.<\/p>\n<p><img loading=\"lazy\" decoding=\"async\" class=\"alignnone wp-image-231150\" src=\"https:\/\/www.tgrthaber.com\/mavikadin\/wp-content\/uploads\/Zeynep-Degirmencioglu-10-1024x576.jpg\" alt=\"Zeynep De\u011firmencio\u011flu Ye\u015fil\u00e7am\u2019\u0131n Ay\u015fecik\u2019iydi! \u00dcnl\u00fc oyuncunun son hali herkesi \u015fa\u015f\u0131rtt\u0131\" width=\"1208\" height=\"680\" title=\"\" srcset=\"https:\/\/www.tgrthaber.com\/mavikadin\/wp-content\/uploads\/Zeynep-Degirmencioglu-10-1024x576.jpg 1024w, https:\/\/www.tgrthaber.com\/mavikadin\/wp-content\/uploads\/Zeynep-Degirmencioglu-10-300x169.jpg 300w, https:\/\/www.tgrthaber.com\/mavikadin\/wp-content\/uploads\/Zeynep-Degirmencioglu-10-768x432.jpg 768w, https:\/\/www.tgrthaber.com\/mavikadin\/wp-content\/uploads\/Zeynep-Degirmencioglu-10.jpg 1208w\" sizes=\"(max-width: 1208px) 100vw, 1208px\" \/><\/p>\n<hr \/>\n<p>\u0130\u015fte Zeynep De\u011firmencio\u011flu\u2019nun son hali\u2026<\/p>\n<p><img loading=\"lazy\" decoding=\"async\" class=\"alignnone wp-image-231143\" src=\"https:\/\/www.tgrthaber.com\/mavikadin\/wp-content\/uploads\/Zeynep-Degirmencioglu-2-1024x576.jpg\" alt=\"Zeynep De\u011firmencio\u011flu Ye\u015fil\u00e7am\u2019\u0131n Ay\u015fecik\u2019iydi! \u00dcnl\u00fc oyuncunun son hali herkesi \u015fa\u015f\u0131rtt\u0131\" width=\"1208\" height=\"680\" title=\"\" srcset=\"https:\/\/www.tgrthaber.com\/mavikadin\/wp-content\/uploads\/Zeynep-Degirmencioglu-2-1024x576.jpg 1024w, https:\/\/www.tgrthaber.com\/mavikadin\/wp-content\/uploads\/Zeynep-Degirmencioglu-2-300x169.jpg 300w, https:\/\/www.tgrthaber.com\/mavikadin\/wp-content\/uploads\/Zeynep-Degirmencioglu-2-768x432.jpg 768w, https:\/\/www.tgrthaber.com\/mavikadin\/wp-content\/uploads\/Zeynep-Degirmencioglu-2.jpg 1208w\" sizes=\"(max-width: 1208px) 100vw, 1208px\" \/><\/p>\n<hr \/>\n<h3>ZEYNEP DE\u011e\u0130RMENC\u0130O\u011eLU K\u0130MD\u0130R?<\/h3>\n<p>Zeynep De\u011firmencio\u011flu, 12 Eyl\u00fcl 1954 tarihinde \u0130stanbul\u2019da d\u00fcnyaya geldi. T\u00fcrk sinema oyuncusu olarak tan\u0131nan De\u011firmencio\u011flu, beyazperdeye hen\u00fcz 2 ya\u015f\u0131ndayken \u2018Papatya\u2019 filmiyle ad\u0131m att\u0131. Daha sonra \u2018Duvakl\u0131 G\u00f6l\u2019, \u2018Funda\u2019 gibi filmlerde, \u00e7ocuk y\u0131ld\u0131z olarak boy g\u00f6steren De\u011firmencio\u011flu, esas \u00fcn\u00fcn\u00fc 1960 y\u0131l\u0131nda rol ald\u0131\u011f\u0131 \u2018Ay\u015fecik\u2019 filmleriyle kazand\u0131.<\/p>\n<p><img loading=\"lazy\" decoding=\"async\" class=\"alignnone wp-image-231151\" src=\"https:\/\/www.tgrthaber.com\/mavikadin\/wp-content\/uploads\/Zeynep-Degirmencioglu-7-1024x576.jpg\" alt=\"Zeynep De\u011firmencio\u011flu Ye\u015fil\u00e7am\u2019\u0131n Ay\u015fecik\u2019iydi! \u00dcnl\u00fc oyuncunun son hali herkesi \u015fa\u015f\u0131rtt\u0131\" width=\"1208\" height=\"680\" title=\"\" srcset=\"https:\/\/www.tgrthaber.com\/mavikadin\/wp-content\/uploads\/Zeynep-Degirmencioglu-7-1024x576.jpg 1024w, https:\/\/www.tgrthaber.com\/mavikadin\/wp-content\/uploads\/Zeynep-Degirmencioglu-7-300x169.jpg 300w, https:\/\/www.tgrthaber.com\/mavikadin\/wp-content\/uploads\/Zeynep-Degirmencioglu-7-768x432.jpg 768w, https:\/\/www.tgrthaber.com\/mavikadin\/wp-content\/uploads\/Zeynep-Degirmencioglu-7.jpg 1208w\" sizes=\"(max-width: 1208px) 100vw, 1208px\" \/><\/p>\n<hr \/>\n<p>Zeynep De\u011firmencio\u011flu, T\u00fcrk sinemas\u0131nda bir \u00e7\u0131\u011f\u0131r a\u00e7an Ay\u015fecik karakteriyle haf\u0131zalara kaz\u0131nd\u0131. \u00dcnl\u00fc isim kendi ad\u0131ndan \u00e7ok bu isimle an\u0131ld\u0131. De\u011firmencio\u011flu\u2019nun filmleri yurt i\u00e7inde oldu\u011fu kadar, \u00f6zellikle kom\u015fu \u00fclkelerde de yo\u011fun ilgi g\u00f6rd\u00fc.<\/p>\n<p><img loading=\"lazy\" decoding=\"async\" class=\"alignnone wp-image-231152\" src=\"https:\/\/www.tgrthaber.com\/mavikadin\/wp-content\/uploads\/Zeynep-Degirmencioglu-12-1024x576.jpg\" alt=\"Zeynep De\u011firmencio\u011flu Ye\u015fil\u00e7am\u2019\u0131n Ay\u015fecik\u2019iydi! \u00dcnl\u00fc oyuncunun son hali herkesi \u015fa\u015f\u0131rtt\u0131\" width=\"1208\" height=\"680\" title=\"\" srcset=\"https:\/\/www.tgrthaber.com\/mavikadin\/wp-content\/uploads\/Zeynep-Degirmencioglu-12-1024x576.jpg 1024w, https:\/\/www.tgrthaber.com\/mavikadin\/wp-content\/uploads\/Zeynep-Degirmencioglu-12-300x169.jpg 300w, https:\/\/www.tgrthaber.com\/mavikadin\/wp-content\/uploads\/Zeynep-Degirmencioglu-12-768x432.jpg 768w, https:\/\/www.tgrthaber.com\/mavikadin\/wp-content\/uploads\/Zeynep-Degirmencioglu-12.jpg 1208w\" sizes=\"(max-width: 1208px) 100vw, 1208px\" \/><\/p>\n<hr \/>\n<p>Zeynep De\u011firmencio\u011flu, senaryo yazar\u0131 Hamdi De\u011firmencio\u011flu\u2019nun k\u0131z\u0131, kendisi gibi \u00e7ocuk ya\u015fta Ye\u015fil\u00e7am filmlerinde rol alm\u0131\u015f olan ve \u00d6mercik ad\u0131 ile \u00fcnlenen \u00d6mer D\u00f6nmez&#8217;in kuzeni olarak da tan\u0131nd\u0131.<\/p>\n<p><img loading=\"lazy\" decoding=\"async\" class=\"alignnone wp-image-231145\" src=\"https:\/\/www.tgrthaber.com\/mavikadin\/wp-content\/uploads\/Zeynep-Degirmencioglu-4-1024x576.jpg\" alt=\"Zeynep De\u011firmencio\u011flu Ye\u015fil\u00e7am\u2019\u0131n Ay\u015fecik\u2019iydi! \u00dcnl\u00fc oyuncunun son hali herkesi \u015fa\u015f\u0131rtt\u0131\" width=\"1208\" height=\"680\" title=\"\" srcset=\"https:\/\/www.tgrthaber.com\/mavikadin\/wp-content\/uploads\/Zeynep-Degirmencioglu-4-1024x576.jpg 1024w, https:\/\/www.tgrthaber.com\/mavikadin\/wp-content\/uploads\/Zeynep-Degirmencioglu-4-300x169.jpg 300w, https:\/\/www.tgrthaber.com\/mavikadin\/wp-content\/uploads\/Zeynep-Degirmencioglu-4-768x432.jpg 768w, https:\/\/www.tgrthaber.com\/mavikadin\/wp-content\/uploads\/Zeynep-Degirmencioglu-4.jpg 1208w\" sizes=\"(max-width: 1208px) 100vw, 1208px\" \/><\/p>\n<hr \/>\n<p>Zeynep De\u011firmencio\u011flu, ilerleyen y\u0131llarda gen\u00e7 k\u0131z rollerine yer alarak <a href=\"https:\/\/www.tgrthaber.com\/mavikadin\/yesilcamin-usta-sanatcisi-hulya-kocyigit-kizi-ve-torunuyla-tatilin-keyfini-cikariyor\/\">Ye\u015fil\u00e7am<\/a>&#8216;daki \u00fcn\u00fcn\u00fc s\u00fcrd\u00fcrmeye devam etti. De\u011firmencio\u011flu, d\u00f6nemin Fenerbah\u00e7eli futbolcusu ve daha sonra Fenerbah\u00e7e SK y\u00f6neticilerinden Serkan Acar\u2019la 1948 y\u0131l\u0131nda evlendikten sonra 1974 y\u0131l\u0131nda rol ald\u0131\u011f\u0131 Macera Yolu filminin ard\u0131ndan sinemay\u0131 b\u0131rakt\u0131.<\/p>\n<p><img loading=\"lazy\" decoding=\"async\" class=\"alignnone wp-image-231146\" src=\"https:\/\/www.tgrthaber.com\/mavikadin\/wp-content\/uploads\/Zeynep-Degirmencioglu-5-1024x576.jpg\" alt=\"Zeynep De\u011firmencio\u011flu Ye\u015fil\u00e7am\u2019\u0131n Ay\u015fecik\u2019iydi! \u00dcnl\u00fc oyuncunun son hali herkesi \u015fa\u015f\u0131rtt\u0131\" width=\"1208\" height=\"680\" title=\"\" srcset=\"https:\/\/www.tgrthaber.com\/mavikadin\/wp-content\/uploads\/Zeynep-Degirmencioglu-5-1024x576.jpg 1024w, https:\/\/www.tgrthaber.com\/mavikadin\/wp-content\/uploads\/Zeynep-Degirmencioglu-5-300x169.jpg 300w, https:\/\/www.tgrthaber.com\/mavikadin\/wp-content\/uploads\/Zeynep-Degirmencioglu-5-768x432.jpg 768w, https:\/\/www.tgrthaber.com\/mavikadin\/wp-content\/uploads\/Zeynep-Degirmencioglu-5.jpg 1208w\" sizes=\"(max-width: 1208px) 100vw, 1208px\" \/><\/p>\n<hr \/>\n<p>2010 tarihinde e\u015fi Serkan Acar&#8217;a \u015fiddetli ge\u00e7imsizlik nedeniyle bo\u015fanma davas\u0131 a\u00e7an Zeynep De\u011firmencio\u011flu, 2013 y\u0131l\u0131nda bo\u015fand\u0131. 1990 y\u0131l\u0131ndan bu yana \u0130stanbul&#8217;da emlak\u00e7\u0131l\u0131k yapan Zeynep De\u011firmencio\u011flu Erkan ve Volkan ad\u0131nda iki \u00e7ocuk annesidir. Sinemay\u0131 hi\u00e7 \u00f6zlemedi\u011fini belirten De\u011firmencio\u011flu, 2012 y\u0131l\u0131nda, \u0130stanbul&#8217;un Fenerbah\u00e7e semtinde, kendi soyad\u0131n\u0131 ta\u015f\u0131yan De\u011firmencio\u011flu Kebap Ocakba\u015f\u0131 Restaurant\u0131 hizmete a\u00e7m\u0131\u015ft\u0131r.<\/p>\n","protected":false},"excerpt":{"rendered":"<p>Zeynep De\u011firmencio\u011flu, Ye\u015fil\u00e7am\u2019\u0131n efsane isimleri aras\u0131nda yer al\u0131yordu. &#8216;Ay\u015fecik&#8217; rol\u00fcyle haf\u0131zalarda yer edinen usta oyuncunun son halini g\u00f6renler \u015fa\u015fk\u0131na d\u00f6nd\u00fc. \u0130\u015fte detaylar\u2026<\/p>\n","protected":false},"author":26,"featured_media":231141,"comment_status":"closed","ping_status":"closed","sticky":false,"template":"","format":"standard","meta":{"rank_math_lock_modified_date":false,"footnotes":""},"categories":[76],"tags":[50826,133,2218,18669,667,61525,61524],"class_list":["post-231140","post","type-post","status-publish","format-standard","has-post-thumbnail","hentry","category-magazin","tag-aysecik","tag-magazin","tag-magazin-haberleri","tag-turk-sinemasi","tag-yesilcam","tag-yesilcam-aysecik","tag-zeynep-degirmencioglu"],"_links":{"self":[{"href":"https:\/\/www.tgrthaber.com\/mavikadin\/wp-json\/wp\/v2\/posts\/231140"}],"collection":[{"href":"https:\/\/www.tgrthaber.com\/mavikadin\/wp-json\/wp\/v2\/posts"}],"about":[{"href":"https:\/\/www.tgrthaber.com\/mavikadin\/wp-json\/wp\/v2\/types\/post"}],"author":[{"embeddable":true,"href":"https:\/\/www.tgrthaber.com\/mavikadin\/wp-json\/wp\/v2\/users\/26"}],"replies":[{"embeddable":true,"href":"https:\/\/www.tgrthaber.com\/mavikadin\/wp-json\/wp\/v2\/comments?post=231140"}],"version-history":[{"count":2,"href":"https:\/\/www.tgrthaber.com\/mavikadin\/wp-json\/wp\/v2\/posts\/231140\/revisions"}],"predecessor-version":[{"id":231154,"href":"https:\/\/www.tgrthaber.com\/mavikadin\/wp-json\/wp\/v2\/posts\/231140\/revisions\/231154"}],"wp:featuredmedia":[{"embeddable":true,"href":"https:\/\/www.tgrthaber.com\/mavikadin\/wp-json\/wp\/v2\/media\/231141"}],"wp:attachment":[{"href":"https:\/\/www.tgrthaber.com\/mavikadin\/wp-json\/wp\/v2\/media?parent=231140"}],"wp:term":[{"taxonomy":"category","embeddable":true,"href":"https:\/\/www.tgrthaber.com\/mavikadin\/wp-json\/wp\/v2\/categories?post=231140"},{"taxonomy":"post_tag","embeddable":true,"href":"https:\/\/www.tgrthaber.com\/mavikadin\/wp-json\/wp\/v2\/tags?post=231140"}],"curies":[{"name":"wp","href":"https:\/\/api.w.org\/{rel}","templated":true}]}}