{"id":231167,"date":"2025-09-05T11:08:26","date_gmt":"2025-09-05T08:08:26","guid":{"rendered":"https:\/\/www.tgrthaber.com\/mavikadin\/?p=231167"},"modified":"2025-09-16T17:49:06","modified_gmt":"2025-09-16T14:49:06","slug":"neslihan-atagul-kadir-dogulu-ve-ogullari-aziz-ile-yurekleri-isitan-goruntu","status":"publish","type":"post","link":"https:\/\/www.tgrthaber.com\/mavikadin\/neslihan-atagul-kadir-dogulu-ve-ogullari-aziz-ile-yurekleri-isitan-goruntu\/","title":{"rendered":"Neslihan Atag\u00fcl, Kadir Do\u011fulu ve O\u011fullar\u0131 Aziz ile Y\u00fcrekleri Is\u0131tan G\u00f6r\u00fcnt\u00fc!"},"content":{"rendered":"<p>2016\u2019da hayatlar\u0131n\u0131 birle\u015ftiren Neslihan Atag\u00fcl ile Kadir Do\u011fulu, mart ay\u0131nda Aziz ad\u0131n\u0131 verdikleri o\u011fullar\u0131n\u0131 kucaklar\u0131na alman\u0131n mutlulu\u011funu ya\u015f\u0131yor. Yeni anne ve baba olman\u0131n sevincini ya\u015fayan oyuncu \u00e7ift, bebeklerinin y\u00fcz\u00fcn\u00fc g\u00f6stermeyi tercih etmiyor.<\/p>\n<h3>NESL\u0130HAN ATAG\u00dcLDEN A\u0130LE TABLOSU<\/h3>\n<p>G\u00fczel oyuncu Neslihan Atag\u00fcl, Fatih Harbiye ve Kara Sevda dizilerinde canland\u0131rd\u0131\u011f\u0131 karakterlerle tan\u0131nmaya ba\u015flam\u0131\u015f, sinema ve televizyon projelerinde sergiledi\u011fi ba\u015far\u0131l\u0131 oyunculu\u011fu sayesinde ulusal ve uluslararas\u0131 bir\u00e7ok \u00f6d\u00fcle aday g\u00f6sterilmi\u015ftir. Hem yetene\u011fi hem de g\u00fczelli\u011fiyle s\u0131k s\u0131k g\u00fcndeme gelen oyuncu, ekranlar\u0131n en \u00e7ok konu\u015fulan isimleri aras\u0131nda yer almaktad\u0131r.<\/p>\n<p><img loading=\"lazy\" decoding=\"async\" class=\"alignnone size-full wp-image-231215\" src=\"https:\/\/www.tgrthaber.com\/mavikadin\/wp-content\/uploads\/Adsiz-tasarim-45-11.png\" alt=\"\" width=\"1208\" height=\"680\" title=\"\" srcset=\"https:\/\/www.tgrthaber.com\/mavikadin\/wp-content\/uploads\/Adsiz-tasarim-45-11.png 1208w, https:\/\/www.tgrthaber.com\/mavikadin\/wp-content\/uploads\/Adsiz-tasarim-45-11-300x169.png 300w, https:\/\/www.tgrthaber.com\/mavikadin\/wp-content\/uploads\/Adsiz-tasarim-45-11-1024x576.png 1024w, https:\/\/www.tgrthaber.com\/mavikadin\/wp-content\/uploads\/Adsiz-tasarim-45-11-768x432.png 768w\" sizes=\"(max-width: 1208px) 100vw, 1208px\" \/><\/p>\n<hr \/>\n<p>2016 y\u0131l\u0131nda Fatih Harbiye dizisindeki rol arkada\u015f\u0131 Kadir Do\u011fulu ile d\u00fcnyaevine giren Neslihan Atag\u00fcl, 2025 y\u0131l\u0131nda \u00e7iftin \u201cAziz\u201d ad\u0131n\u0131 verdikleri o\u011fullar\u0131n\u0131 kuca\u011f\u0131na alarak anne olma sevincini ya\u015fam\u0131\u015ft\u0131r. \u00c7ift, bebeklerinin y\u00fcz\u00fcn\u00fc sosyal medyada payla\u015fmamaya \u00f6zen g\u00f6sterirken, zaman zaman e\u015fi ve o\u011fluyla sevgi dolu anlar\u0131n\u0131 takip\u00e7ileriyle payla\u015fmaktad\u0131r.<\/p>\n<p><img loading=\"lazy\" decoding=\"async\" class=\"alignnone size-full wp-image-231216\" src=\"https:\/\/www.tgrthaber.com\/mavikadin\/wp-content\/uploads\/Adsiz-tasarim-44-13.png\" alt=\"\" width=\"1208\" height=\"680\" title=\"\" srcset=\"https:\/\/www.tgrthaber.com\/mavikadin\/wp-content\/uploads\/Adsiz-tasarim-44-13.png 1208w, https:\/\/www.tgrthaber.com\/mavikadin\/wp-content\/uploads\/Adsiz-tasarim-44-13-300x169.png 300w, https:\/\/www.tgrthaber.com\/mavikadin\/wp-content\/uploads\/Adsiz-tasarim-44-13-1024x576.png 1024w, https:\/\/www.tgrthaber.com\/mavikadin\/wp-content\/uploads\/Adsiz-tasarim-44-13-768x432.png 768w\" sizes=\"(max-width: 1208px) 100vw, 1208px\" \/><\/p>\n<hr \/>\n<p>Annelik s\u00fcrecinin keyfini \u00e7\u0131karan Neslihan Atag\u00fcl, zaman zaman e\u015fi ve o\u011fluyla birlikte y\u00fczlerini g\u00f6stermeden yapt\u0131\u011f\u0131 payla\u015f\u0131mlara bir yenisini daha ekledi. Neslihan Atag\u00fcl, e\u015fi Kadir Do\u011fulu ve o\u011fullar\u0131 Aziz ile g\u00fcn bat\u0131m\u0131 e\u015fli\u011finde \u00e7ekilen bir videoyu sosyal medya hesab\u0131ndan yay\u0131nlad\u0131.<\/p>\n<p><img loading=\"lazy\" decoding=\"async\" class=\"alignnone size-full wp-image-231218\" src=\"https:\/\/www.tgrthaber.com\/mavikadin\/wp-content\/uploads\/Adsiz-tasarim-44-14.png\" alt=\"\" width=\"1208\" height=\"680\" title=\"\" srcset=\"https:\/\/www.tgrthaber.com\/mavikadin\/wp-content\/uploads\/Adsiz-tasarim-44-14.png 1208w, https:\/\/www.tgrthaber.com\/mavikadin\/wp-content\/uploads\/Adsiz-tasarim-44-14-300x169.png 300w, https:\/\/www.tgrthaber.com\/mavikadin\/wp-content\/uploads\/Adsiz-tasarim-44-14-1024x576.png 1024w, https:\/\/www.tgrthaber.com\/mavikadin\/wp-content\/uploads\/Adsiz-tasarim-44-14-768x432.png 768w\" sizes=\"(max-width: 1208px) 100vw, 1208px\" \/><\/p>\n<hr \/>\n<p>Videoda, g\u00fcn bat\u0131m\u0131n\u0131n g\u00f6z al\u0131c\u0131 g\u00fczelli\u011fi e\u015fli\u011finde Atag\u00fcl\u2019\u00fcn, e\u015fi Kadir Do\u011fulu\u2019nun kuca\u011f\u0131ndan o\u011fullar\u0131 Aziz\u2019i al\u0131p ard\u0131ndan e\u015fine romantik bir \u00f6p\u00fcc\u00fck kondurdu\u011fu samimi ve y\u00fcrek \u0131s\u0131tan anlar yer ald\u0131.<\/p>\n<div style=\"width: 640px;\" class=\"wp-video\"><!--[if lt IE 9]><script>document.createElement('video');<\/script><![endif]-->\n<video class=\"wp-video-shortcode\" id=\"video-231167-1\" width=\"640\" height=\"853\" preload=\"metadata\" controls=\"controls\"><source type=\"video\/mp4\" src=\"https:\/\/www.tgrthaber.com\/mavikadin\/wp-content\/uploads\/kendi-halinde-2.mp4?_=1\" \/><a href=\"https:\/\/www.tgrthaber.com\/mavikadin\/wp-content\/uploads\/kendi-halinde-2.mp4\">https:\/\/www.tgrthaber.com\/mavikadin\/wp-content\/uploads\/kendi-halinde-2.mp4<\/a><\/video><\/div>\n<p>Ge\u00e7ti\u011fimiz y\u0131llarda haklar\u0131nda \u00e7\u0131kan ayr\u0131l\u0131k iddialar\u0131na ra\u011fmen birlikteliklerini s\u00fcrd\u00fcren Neslihan Atag\u00fcl ve Kadir Do\u011fulu, bug\u00fcn hem aileleriyle mutluluklar\u0131n\u0131 s\u00fcrd\u00fcrerek hem de kariyerlerindeki ba\u015far\u0131lar\u0131yla adlar\u0131ndan s\u00f6z ettirmeye devam ettiriyorlar.<\/p>\n<hr \/>\n<p>&nbsp;<\/p>\n<h3>NESL\u0130HAN ATAG\u00dcL \u00c7\u0130FT\u0130NDEN KUTLAMA<\/h3>\n<p>Ge\u00e7ti\u011fimiz g\u00fcnlerde <a href=\"https:\/\/www.tgrthaber.com\/mavikadin\/kadir-dogulunun-kardesi-asuman-dogulunun-dogum-gununde-neslihan-atagulden-dikkat-ceken-paylasim\/\">Kadir Do\u011fulu<\/a>, e\u015fi Neslihan Atag\u00fcl\u2019\u00fcn 33. ya\u015f\u0131na \u00f6zel sevgi dolu payla\u015f\u0131mlar yapm\u0131\u015ft\u0131 sosyal medya hesaplar\u0131ndan.<\/p>\n<p><img loading=\"lazy\" decoding=\"async\" class=\"alignnone size-full wp-image-231221\" src=\"https:\/\/www.tgrthaber.com\/mavikadin\/wp-content\/uploads\/Adsiz-tasarim-45-12.png\" alt=\"\" width=\"1208\" height=\"680\" title=\"\" srcset=\"https:\/\/www.tgrthaber.com\/mavikadin\/wp-content\/uploads\/Adsiz-tasarim-45-12.png 1208w, https:\/\/www.tgrthaber.com\/mavikadin\/wp-content\/uploads\/Adsiz-tasarim-45-12-300x169.png 300w, https:\/\/www.tgrthaber.com\/mavikadin\/wp-content\/uploads\/Adsiz-tasarim-45-12-1024x576.png 1024w, https:\/\/www.tgrthaber.com\/mavikadin\/wp-content\/uploads\/Adsiz-tasarim-45-12-768x432.png 768w\" sizes=\"(max-width: 1208px) 100vw, 1208px\" \/><\/p>\n<hr \/>\n<p>\u00dcnl\u00fc \u00e7ift, yaz aylar\u0131nda m\u00fcjdeli haberi vererek bebek beklediklerini duyurmu\u015ftu. Oyuncu Atag\u00fcl, \u201cBir s\u00fcre daha bu mutlulu\u011fumuzu mahrem tutmak isterdik. Hakk\u0131m\u0131z da buydu a\u00e7\u0131k\u00e7as\u0131&#8230; Velhas\u0131lkelam; biz mutluyuz, memnunuz ve iyiyiz.\u201d s\u00f6zleriyle hamile oldu\u011funu a\u00e7\u0131klam\u0131\u015ft\u0131.<\/p>\n<p><img loading=\"lazy\" decoding=\"async\" class=\"alignnone size-full wp-image-231219\" src=\"https:\/\/www.tgrthaber.com\/mavikadin\/wp-content\/uploads\/Adsiz-tasarim-46-11.png\" alt=\"\" width=\"1208\" height=\"680\" title=\"\" srcset=\"https:\/\/www.tgrthaber.com\/mavikadin\/wp-content\/uploads\/Adsiz-tasarim-46-11.png 1208w, https:\/\/www.tgrthaber.com\/mavikadin\/wp-content\/uploads\/Adsiz-tasarim-46-11-300x169.png 300w, https:\/\/www.tgrthaber.com\/mavikadin\/wp-content\/uploads\/Adsiz-tasarim-46-11-1024x576.png 1024w, https:\/\/www.tgrthaber.com\/mavikadin\/wp-content\/uploads\/Adsiz-tasarim-46-11-768x432.png 768w\" sizes=\"(max-width: 1208px) 100vw, 1208px\" \/><\/p>\n<hr \/>\n<p>Kadir Do\u011fulu ve <a href=\"https:\/\/www.tgrthaber.com\/mavikadin\/taze-anne-neslihan-atagul-oglu-azizi-ve-esi-kadir-doguluyu-paylasti-notu-dikkat-cekti\/\">Neslihan Atag\u00fcl<\/a> \u00e7ifti, ge\u00e7ti\u011fimiz mart ay\u0131nda o\u011fullar\u0131 Aziz\u2019i kucaklar\u0131na alarak anne-baba olman\u0131n sevincini ya\u015famaya ba\u015flad\u0131.<\/p>\n<p>Do\u011fulu\u2019nun, e\u015fi Atag\u00fcl\u2019\u00fcn do\u011fum g\u00fcn\u00fc i\u00e7in sosyal medya hesab\u0131ndan yapt\u0131\u011f\u0131 romantik payla\u015f\u0131m k\u0131sa s\u00fcrede g\u00fcndem oldu.<\/p>\n","protected":false},"excerpt":{"rendered":"<p>Neslihan Atag\u00fcl ve Kadir Do\u011fulu, o\u011fullar\u0131 Aziz ile mutlu aile tablosunu sosyal medya hesab\u0131ndan payla\u015ft\u0131. \u00c7iftin romantik anlar\u0131 sosyal medyada g\u00fcndem oldu.<\/p>\n","protected":false},"author":37,"featured_media":231214,"comment_status":"closed","ping_status":"closed","sticky":false,"template":"","format":"standard","meta":{"rank_math_lock_modified_date":false,"footnotes":""},"categories":[76],"tags":[61535,3097,31429,133,3096],"class_list":["post-231167","post","type-post","status-publish","format-standard","has-post-thumbnail","hentry","category-magazin","tag-aziz-dogulu","tag-kadir-dogulu","tag-kutlama","tag-magazin","tag-neslihan-atagul"],"_links":{"self":[{"href":"https:\/\/www.tgrthaber.com\/mavikadin\/wp-json\/wp\/v2\/posts\/231167"}],"collection":[{"href":"https:\/\/www.tgrthaber.com\/mavikadin\/wp-json\/wp\/v2\/posts"}],"about":[{"href":"https:\/\/www.tgrthaber.com\/mavikadin\/wp-json\/wp\/v2\/types\/post"}],"author":[{"embeddable":true,"href":"https:\/\/www.tgrthaber.com\/mavikadin\/wp-json\/wp\/v2\/users\/37"}],"replies":[{"embeddable":true,"href":"https:\/\/www.tgrthaber.com\/mavikadin\/wp-json\/wp\/v2\/comments?post=231167"}],"version-history":[{"count":1,"href":"https:\/\/www.tgrthaber.com\/mavikadin\/wp-json\/wp\/v2\/posts\/231167\/revisions"}],"predecessor-version":[{"id":231222,"href":"https:\/\/www.tgrthaber.com\/mavikadin\/wp-json\/wp\/v2\/posts\/231167\/revisions\/231222"}],"wp:featuredmedia":[{"embeddable":true,"href":"https:\/\/www.tgrthaber.com\/mavikadin\/wp-json\/wp\/v2\/media\/231214"}],"wp:attachment":[{"href":"https:\/\/www.tgrthaber.com\/mavikadin\/wp-json\/wp\/v2\/media?parent=231167"}],"wp:term":[{"taxonomy":"category","embeddable":true,"href":"https:\/\/www.tgrthaber.com\/mavikadin\/wp-json\/wp\/v2\/categories?post=231167"},{"taxonomy":"post_tag","embeddable":true,"href":"https:\/\/www.tgrthaber.com\/mavikadin\/wp-json\/wp\/v2\/tags?post=231167"}],"curies":[{"name":"wp","href":"https:\/\/api.w.org\/{rel}","templated":true}]}}