{"id":231169,"date":"2025-09-05T10:10:25","date_gmt":"2025-09-05T07:10:25","guid":{"rendered":"https:\/\/www.tgrthaber.com\/mavikadin\/?p=231169"},"modified":"2025-09-05T10:10:26","modified_gmt":"2025-09-05T07:10:26","slug":"okan-buruk-bebekte-goruntulendi-manav-cikisi-aceleci-halleri-dikkat-cekti","status":"publish","type":"post","link":"https:\/\/www.tgrthaber.com\/mavikadin\/okan-buruk-bebekte-goruntulendi-manav-cikisi-aceleci-halleri-dikkat-cekti\/","title":{"rendered":"Okan Buruk Bebek\u2019te g\u00f6r\u00fcnt\u00fclendi! Manav \u00e7\u0131k\u0131\u015f\u0131 aceleci halleri dikkat \u00e7ekti"},"content":{"rendered":"<p>Galatasaray\u2019\u0131n teknik direkt\u00f6r\u00fc Okan Buruk, ge\u00e7ti\u011fimiz ak\u015fam Bebek\u2019te bir manavdan \u00e7\u0131karken g\u00f6r\u00fcnt\u00fclendi. Muhabirlerin sorular\u0131na k\u0131sa cevaplar veren Okan Buruk, yeni sezon ile de dikkatleri \u00fczerine \u00e7ekti.<\/p>\n<h3>OKAN BURUK BEBEK\u2019TE G\u00d6R\u00dcNT\u00dcLEND\u0130!<\/h3>\n<p>Yeni sezonun ba\u015flamas\u0131 ile futbol camias\u0131 da hareketlenmeye ba\u015flad\u0131. Galatasaray Futbol Tak\u0131m\u0131 ba\u015far\u0131l\u0131 teknik direkt\u00f6r\u00fc Okan Buruk\u2019un verdi\u011fi listeler ile y\u0131ld\u0131z isimleri art arda kadrosuna katt\u0131. Bu sezon \u015fampiyonlar liginde ba\u015far\u0131 isteyen sar\u0131-k\u0131rm\u0131z\u0131lar kendini Devler Lig\u2019inde ispatlamaya \u00e7al\u0131\u015facak.<\/p>\n<p><img loading=\"lazy\" decoding=\"async\" class=\"alignnone size-full wp-image-231190\" src=\"https:\/\/www.tgrthaber.com\/mavikadin\/wp-content\/uploads\/ARZU-2025-09-05T100824.181.jpg\" alt=\"Okan Buruk Bebek\u2019te g\u00f6r\u00fcnt\u00fclendi! Manav \u00e7\u0131k\u0131\u015f\u0131 aceleci halleri dikkat \u00e7ekti \" width=\"1208\" height=\"680\" title=\"\" srcset=\"https:\/\/www.tgrthaber.com\/mavikadin\/wp-content\/uploads\/ARZU-2025-09-05T100824.181.jpg 1208w, https:\/\/www.tgrthaber.com\/mavikadin\/wp-content\/uploads\/ARZU-2025-09-05T100824.181-300x169.jpg 300w, https:\/\/www.tgrthaber.com\/mavikadin\/wp-content\/uploads\/ARZU-2025-09-05T100824.181-1024x576.jpg 1024w, https:\/\/www.tgrthaber.com\/mavikadin\/wp-content\/uploads\/ARZU-2025-09-05T100824.181-768x432.jpg 768w\" sizes=\"(max-width: 1208px) 100vw, 1208px\" \/><\/p>\n<hr \/>\n<p>Yeni \u015eafak haberine g\u00f6re, Okan Buruk yaz d\u00f6nemi ba\u015flamadan y\u00f6netimle yapt\u0131\u011f\u0131 toplant\u0131larda mevcut kadronun korunmas\u0131 i\u00e7in \u00e7al\u0131\u015fmalar yapan Okan Buruk, yeni d\u00f6nemde sahalara Davinson Sanchez\u2019in gelmesini istedi.<\/p>\n<p><img loading=\"lazy\" decoding=\"async\" class=\"alignnone size-full wp-image-231191\" src=\"https:\/\/www.tgrthaber.com\/mavikadin\/wp-content\/uploads\/ARZU-2025-09-05T100816.617.jpg\" alt=\"Okan Buruk Bebek\u2019te g\u00f6r\u00fcnt\u00fclendi! Manav \u00e7\u0131k\u0131\u015f\u0131 aceleci halleri dikkat \u00e7ekti \" width=\"1208\" height=\"680\" title=\"\" srcset=\"https:\/\/www.tgrthaber.com\/mavikadin\/wp-content\/uploads\/ARZU-2025-09-05T100816.617.jpg 1208w, https:\/\/www.tgrthaber.com\/mavikadin\/wp-content\/uploads\/ARZU-2025-09-05T100816.617-300x169.jpg 300w, https:\/\/www.tgrthaber.com\/mavikadin\/wp-content\/uploads\/ARZU-2025-09-05T100816.617-1024x576.jpg 1024w, https:\/\/www.tgrthaber.com\/mavikadin\/wp-content\/uploads\/ARZU-2025-09-05T100816.617-768x432.jpg 768w\" sizes=\"(max-width: 1208px) 100vw, 1208px\" \/><\/p>\n<hr \/>\n<p>\u0130stedi\u011fi teklif geri \u00e7evrilirken ba\u015far\u0131l\u0131 futbolcu Bar\u0131\u015f Alper Y\u0131lmaz\u2019\u0131n kadro da tutulmas\u0131 i\u00e7in titiz bir s\u00fcrecin ilerledi\u011fi de konu\u015fulanlar aras\u0131nda yer al\u0131yor. Victor Osimhen\u2019inde kadroya dahil olmas\u0131yla Wilfriend Singo da transfer edildi.<\/p>\n<p><img loading=\"lazy\" decoding=\"async\" class=\"alignnone size-full wp-image-231193\" src=\"https:\/\/www.tgrthaber.com\/mavikadin\/wp-content\/uploads\/ARZU-2025-09-05T100805.334.jpg\" alt=\"Okan Buruk Bebek\u2019te g\u00f6r\u00fcnt\u00fclendi! Manav \u00e7\u0131k\u0131\u015f\u0131 aceleci halleri dikkat \u00e7ekti \" width=\"1208\" height=\"680\" title=\"\" srcset=\"https:\/\/www.tgrthaber.com\/mavikadin\/wp-content\/uploads\/ARZU-2025-09-05T100805.334.jpg 1208w, https:\/\/www.tgrthaber.com\/mavikadin\/wp-content\/uploads\/ARZU-2025-09-05T100805.334-300x169.jpg 300w, https:\/\/www.tgrthaber.com\/mavikadin\/wp-content\/uploads\/ARZU-2025-09-05T100805.334-1024x576.jpg 1024w, https:\/\/www.tgrthaber.com\/mavikadin\/wp-content\/uploads\/ARZU-2025-09-05T100805.334-768x432.jpg 768w\" sizes=\"(max-width: 1208px) 100vw, 1208px\" \/><\/p>\n<hr \/>\n<p>Sar\u0131-k\u0131rm\u0131z\u0131l\u0131 tak\u0131m bu sezonda da \u015fampiyon olma yolunda ilerlemeye devam ediyor. Ba\u015far\u0131l\u0131 teknik direkt\u00f6r Okan Buruk ise ge\u00e7ti\u011fimiz ak\u015fam Bebek\u2019te bir manavdan \u00e7\u0131karken g\u00f6r\u00fcnt\u00fclendi. Aceleci halleri ile dikkatleri \u00fczerine \u00e7eken Okan Buruk, muhabirlerin sorular\u0131n\u0131 yan\u0131tlamadan yoluna devam etti.<\/p>\n<h3><img loading=\"lazy\" decoding=\"async\" class=\"alignnone size-full wp-image-231194\" src=\"https:\/\/www.tgrthaber.com\/mavikadin\/wp-content\/uploads\/ARZU-2025-09-05T100759.507.jpg\" alt=\"Okan Buruk Bebek\u2019te g\u00f6r\u00fcnt\u00fclendi! Manav \u00e7\u0131k\u0131\u015f\u0131 aceleci halleri dikkat \u00e7ekti \" width=\"1208\" height=\"680\" title=\"\" srcset=\"https:\/\/www.tgrthaber.com\/mavikadin\/wp-content\/uploads\/ARZU-2025-09-05T100759.507.jpg 1208w, https:\/\/www.tgrthaber.com\/mavikadin\/wp-content\/uploads\/ARZU-2025-09-05T100759.507-300x169.jpg 300w, https:\/\/www.tgrthaber.com\/mavikadin\/wp-content\/uploads\/ARZU-2025-09-05T100759.507-1024x576.jpg 1024w, https:\/\/www.tgrthaber.com\/mavikadin\/wp-content\/uploads\/ARZU-2025-09-05T100759.507-768x432.jpg 768w\" sizes=\"(max-width: 1208px) 100vw, 1208px\" \/><\/h3>\n<hr \/>\n<h3>MANAV \u00c7IKI\u015eI ACELEC\u0130 HALLER\u0130 D\u0130KKAT \u00c7EKT\u0130<\/h3>\n<p>Galatasaray\u2019\u0131n ba\u015far\u0131l\u0131 teknik direkt\u00f6r\u00fc Okan Buruk, futbol kariyerini Galatasaray\u2019\u0131n alt yap\u0131s\u0131nda oynayarak ba\u015flad\u0131. Tam\u0131 tam\u0131na 10 y\u0131l Galatasaray\u2019da forma giyen Okan Buruk, sonras\u0131nda s\u0131rayla Be\u015fikta\u015f, Inter ve \u0130stanbul BB tak\u0131mlar\u0131na forma giydi.<\/p>\n<p><img loading=\"lazy\" decoding=\"async\" class=\"alignnone size-full wp-image-231195\" src=\"https:\/\/www.tgrthaber.com\/mavikadin\/wp-content\/uploads\/ARZU-2025-09-05T100754.609.jpg\" alt=\"Okan Buruk Bebek\u2019te g\u00f6r\u00fcnt\u00fclendi! Manav \u00e7\u0131k\u0131\u015f\u0131 aceleci halleri dikkat \u00e7ekti \" width=\"1208\" height=\"680\" title=\"\" srcset=\"https:\/\/www.tgrthaber.com\/mavikadin\/wp-content\/uploads\/ARZU-2025-09-05T100754.609.jpg 1208w, https:\/\/www.tgrthaber.com\/mavikadin\/wp-content\/uploads\/ARZU-2025-09-05T100754.609-300x169.jpg 300w, https:\/\/www.tgrthaber.com\/mavikadin\/wp-content\/uploads\/ARZU-2025-09-05T100754.609-1024x576.jpg 1024w, https:\/\/www.tgrthaber.com\/mavikadin\/wp-content\/uploads\/ARZU-2025-09-05T100754.609-768x432.jpg 768w\" sizes=\"(max-width: 1208px) 100vw, 1208px\" \/><\/p>\n<hr \/>\n<p>\u015eimdilerde ba\u015far\u0131l\u0131 bir teknik direkt\u00f6rl\u00fck yapan Okan Buruk, yeni sezonda yine k\u0131yas\u0131ya bir m\u00fccadeleye dahil olacak. Ge\u00e7ti\u011fimiz ak\u015famlarda bir manav \u00e7\u0131k\u0131\u015f\u0131 g\u00f6r\u00fcnt\u00fclenen Okan Buruk, aceleci halleri ile dikkat \u00e7ekti.<\/p>\n<p><img loading=\"lazy\" decoding=\"async\" class=\"alignnone size-full wp-image-231196\" src=\"https:\/\/www.tgrthaber.com\/mavikadin\/wp-content\/uploads\/ARZU-2025-09-05T100853.491.jpg\" alt=\"Okan Buruk Bebek\u2019te g\u00f6r\u00fcnt\u00fclendi! Manav \u00e7\u0131k\u0131\u015f\u0131 aceleci halleri dikkat \u00e7ekti \" width=\"1208\" height=\"680\" title=\"\" srcset=\"https:\/\/www.tgrthaber.com\/mavikadin\/wp-content\/uploads\/ARZU-2025-09-05T100853.491.jpg 1208w, https:\/\/www.tgrthaber.com\/mavikadin\/wp-content\/uploads\/ARZU-2025-09-05T100853.491-300x169.jpg 300w, https:\/\/www.tgrthaber.com\/mavikadin\/wp-content\/uploads\/ARZU-2025-09-05T100853.491-1024x576.jpg 1024w, https:\/\/www.tgrthaber.com\/mavikadin\/wp-content\/uploads\/ARZU-2025-09-05T100853.491-768x432.jpg 768w\" sizes=\"(max-width: 1208px) 100vw, 1208px\" \/><\/p>\n<hr \/>\n<p>2. sayfaoficial&#8217;in haberine g\u00f6re, Bebek\u2019te bir manavdan \u00e7\u0131karken bas\u0131n mensuplar\u0131n\u0131n soru sordu\u011fu ba\u015far\u0131l\u0131 teknik direkt\u00f6r Okan Buruk, sorulan sorular\u0131 k\u0131sa cevaplar ile cevaplad\u0131.<\/p>\n","protected":false},"excerpt":{"rendered":"<p>\u00dcnl\u00fc teknik direkt\u00f6r Okan Buruk, Bebek\u2019te bir manavdan \u00e7\u0131karken g\u00f6r\u00fcnt\u00fclendi. Bas\u0131n mensuplar\u0131n\u0131n sorular\u0131na k\u0131sa cevap veren Okan Buruk dikkatleri \u00fczerine \u00e7ekti. <\/p>\n","protected":false},"author":34,"featured_media":231192,"comment_status":"closed","ping_status":"closed","sticky":false,"template":"","format":"standard","meta":{"rank_math_lock_modified_date":false,"footnotes":""},"categories":[76],"tags":[61531,985,133,2590],"class_list":["post-231169","post","type-post","status-publish","format-standard","has-post-thumbnail","hentry","category-magazin","tag-bebek-manav","tag-galatasaray","tag-magazin","tag-okan-buruk"],"_links":{"self":[{"href":"https:\/\/www.tgrthaber.com\/mavikadin\/wp-json\/wp\/v2\/posts\/231169"}],"collection":[{"href":"https:\/\/www.tgrthaber.com\/mavikadin\/wp-json\/wp\/v2\/posts"}],"about":[{"href":"https:\/\/www.tgrthaber.com\/mavikadin\/wp-json\/wp\/v2\/types\/post"}],"author":[{"embeddable":true,"href":"https:\/\/www.tgrthaber.com\/mavikadin\/wp-json\/wp\/v2\/users\/34"}],"replies":[{"embeddable":true,"href":"https:\/\/www.tgrthaber.com\/mavikadin\/wp-json\/wp\/v2\/comments?post=231169"}],"version-history":[{"count":2,"href":"https:\/\/www.tgrthaber.com\/mavikadin\/wp-json\/wp\/v2\/posts\/231169\/revisions"}],"predecessor-version":[{"id":231198,"href":"https:\/\/www.tgrthaber.com\/mavikadin\/wp-json\/wp\/v2\/posts\/231169\/revisions\/231198"}],"wp:featuredmedia":[{"embeddable":true,"href":"https:\/\/www.tgrthaber.com\/mavikadin\/wp-json\/wp\/v2\/media\/231192"}],"wp:attachment":[{"href":"https:\/\/www.tgrthaber.com\/mavikadin\/wp-json\/wp\/v2\/media?parent=231169"}],"wp:term":[{"taxonomy":"category","embeddable":true,"href":"https:\/\/www.tgrthaber.com\/mavikadin\/wp-json\/wp\/v2\/categories?post=231169"},{"taxonomy":"post_tag","embeddable":true,"href":"https:\/\/www.tgrthaber.com\/mavikadin\/wp-json\/wp\/v2\/tags?post=231169"}],"curies":[{"name":"wp","href":"https:\/\/api.w.org\/{rel}","templated":true}]}}