{"id":231170,"date":"2025-09-05T10:05:08","date_gmt":"2025-09-05T07:05:08","guid":{"rendered":"https:\/\/www.tgrthaber.com\/mavikadin\/?p=231170"},"modified":"2025-09-05T10:05:08","modified_gmt":"2025-09-05T07:05:08","slug":"zeynep-degirmencioglu-kimdir-kac-yasinda-zeynep-degirmencioglu-evli-mi-kac-cocugu-var","status":"publish","type":"post","link":"https:\/\/www.tgrthaber.com\/mavikadin\/zeynep-degirmencioglu-kimdir-kac-yasinda-zeynep-degirmencioglu-evli-mi-kac-cocugu-var\/","title":{"rendered":"Zeynep De\u011firmencio\u011flu kimdir ka\u00e7 ya\u015f\u0131nda? Zeynep De\u011firmencio\u011flu evli mi ka\u00e7 \u00e7ocu\u011fu var?"},"content":{"rendered":"<p>Zeynep Demircio\u011flu, Ye\u015fil\u00e7am\u2019da \u2018Ay\u015fecik\u2019 karakteriyle tan\u0131nan \u00fcnl\u00fc T\u00fcrk sinemas\u0131 oyuncusuydu. Uzun bir s\u00fcredir ekranlardan uzak kalan Zeynep Demircio\u011flu, \u015fimdilerde son haliyle dikkat \u00e7ekiyor. Ye\u015fil\u00e7am\u2019\u0131n usta oyuncusunun \u00f6zel hayat\u0131 da merakla ara\u015ft\u0131r\u0131l\u0131yor. Peki, Zeynep De\u011firmencio\u011flu kimdir? Zeynep De\u011firmencio\u011flu ka\u00e7 ya\u015f\u0131nda? Zeynep De\u011firmencio\u011flu evli mi? Zeynep De\u011firmencio\u011flu ka\u00e7 \u00e7ocu\u011fu var? Zeynep De\u011firmencio\u011flu hakk\u0131nda merak edilenleri sizin i\u00e7in ara\u015ft\u0131rd\u0131k. \u0130\u015fte Zeynep De\u011firmencio\u011flu\u2019na dair bilinmeyenler\u2026<\/p>\n<h3>ZEYNEP DE\u011e\u0130RMENC\u0130O\u011eLU K\u0130MD\u0130R?<\/h3>\n<p>Zeynep De\u011firmencio\u011flu, 12 Eyl\u00fcl 1954 tarihinde \u0130stanbul\u2019da d\u00fcnyaya geldi. Senaryo yazar\u0131 Hamdi De\u011firmencio\u011flu\u2019nun k\u0131z\u0131 olarak d\u00fcnyaya gelen De\u011firmencio\u011flu, kendisi gibi \u00e7ocuk ya\u015fta Ye\u015fil\u00e7am filmlerinde rol alm\u0131\u015f olan ve \u2018\u00d6mercik\u2019 ad\u0131yla pop\u00fclerli\u011fini art\u0131ran \u00d6mer D\u00f6nmez\u2019in kuzenidir.<\/p>\n<p><img loading=\"lazy\" decoding=\"async\" class=\"alignnone wp-image-231172\" src=\"https:\/\/www.tgrthaber.com\/mavikadin\/wp-content\/uploads\/Zeynep-Degirmencioglu-14-1-1024x576.jpg\" alt=\"Zeynep De\u011firmencio\u011flu kimdir ka\u00e7 ya\u015f\u0131nda? Zeynep De\u011firmencio\u011flu evli mi ka\u00e7 \u00e7ocu\u011fu var? \" width=\"1208\" height=\"680\" title=\"\" srcset=\"https:\/\/www.tgrthaber.com\/mavikadin\/wp-content\/uploads\/Zeynep-Degirmencioglu-14-1-1024x576.jpg 1024w, https:\/\/www.tgrthaber.com\/mavikadin\/wp-content\/uploads\/Zeynep-Degirmencioglu-14-1-300x169.jpg 300w, https:\/\/www.tgrthaber.com\/mavikadin\/wp-content\/uploads\/Zeynep-Degirmencioglu-14-1-768x432.jpg 768w, https:\/\/www.tgrthaber.com\/mavikadin\/wp-content\/uploads\/Zeynep-Degirmencioglu-14-1.jpg 1208w\" sizes=\"(max-width: 1208px) 100vw, 1208px\" \/><\/p>\n<hr \/>\n<p>Ye\u015fil\u00e7am kariyerine hen\u00fcz 2 ya\u015f\u0131ndayken \u2018Papatya\u2019 filmiyle ad\u0131m atan <a href=\"https:\/\/www.tgrthaber.com\/mavikadin\/zeynep-degirmencioglu-yesilcamin-aysecikiydi-unlu-oyuncunun-son-hali-herkesi-sasirtti\/?p=9\">Zeynep Demircio\u011flu<\/a>, T\u00fcrk sinemas\u0131n\u0131n \u00f6nemli isimleri aras\u0131nda yer almaktad\u0131r. T\u00fcrk sinema oyuncusu olarak tan\u0131nan De\u011firmencio\u011flu, ilk deneyimini hen\u00fcz bebek ya\u015fta ger\u00e7ekle\u015ftirdi ve 20 ya\u015f\u0131na kadar pek \u00e7ok farkl\u0131 projede ba\u015far\u0131l\u0131 bir performans sergiledi.<\/p>\n<p><img loading=\"lazy\" decoding=\"async\" class=\"alignnone wp-image-231173\" src=\"https:\/\/www.tgrthaber.com\/mavikadin\/wp-content\/uploads\/Zeynep-Degirmencioglu-8-1-1024x576.jpg\" alt=\"Zeynep De\u011firmencio\u011flu kimdir ka\u00e7 ya\u015f\u0131nda? Zeynep De\u011firmencio\u011flu evli mi ka\u00e7 \u00e7ocu\u011fu var? \" width=\"1208\" height=\"680\" title=\"\" srcset=\"https:\/\/www.tgrthaber.com\/mavikadin\/wp-content\/uploads\/Zeynep-Degirmencioglu-8-1-1024x576.jpg 1024w, https:\/\/www.tgrthaber.com\/mavikadin\/wp-content\/uploads\/Zeynep-Degirmencioglu-8-1-300x169.jpg 300w, https:\/\/www.tgrthaber.com\/mavikadin\/wp-content\/uploads\/Zeynep-Degirmencioglu-8-1-768x432.jpg 768w, https:\/\/www.tgrthaber.com\/mavikadin\/wp-content\/uploads\/Zeynep-Degirmencioglu-8-1.jpg 1208w\" sizes=\"(max-width: 1208px) 100vw, 1208px\" \/><\/p>\n<hr \/>\n<h3>ZEYNEP DE\u011e\u0130RMENC\u0130O\u011eLU KA\u00c7 YA\u015eINDA?<\/h3>\n<p>1954 do\u011fumlu olan Zeynep De\u011firmencio\u011flu, 2025 y\u0131l\u0131 itibar\u0131yla 70 ya\u015f\u0131ndad\u0131r. 1956\u2019l\u0131 y\u0131llarda ba\u015flad\u0131\u011f\u0131 oyunculuk kariyerini 1974\u2019l\u00fc y\u0131llarda sonland\u0131ran De\u011firmencio\u011flu, ilerleyen s\u00fcre\u00e7te bir\u00e7ok ba\u015far\u0131l\u0131 projede yer ald\u0131. Duvakl\u0131 G\u00f6l\u2019, \u2018Funda\u2019 gibi filmlerde, \u00e7ocuk y\u0131ld\u0131z olarak boy g\u00f6steren De\u011firmencio\u011flu, esas \u00fcn\u00fcn\u00fc 1960 y\u0131l\u0131nda rol ald\u0131\u011f\u0131 \u2018Ay\u015fecik\u2019 filmleriyle kazand\u0131.<\/p>\n<p><img loading=\"lazy\" decoding=\"async\" class=\"alignnone wp-image-231175\" src=\"https:\/\/www.tgrthaber.com\/mavikadin\/wp-content\/uploads\/Zeynep-Degirmencioglu-7-1-1024x576.jpg\" alt=\"Zeynep De\u011firmencio\u011flu kimdir ka\u00e7 ya\u015f\u0131nda? Zeynep De\u011firmencio\u011flu evli mi ka\u00e7 \u00e7ocu\u011fu var? \" width=\"1208\" height=\"680\" title=\"\" srcset=\"https:\/\/www.tgrthaber.com\/mavikadin\/wp-content\/uploads\/Zeynep-Degirmencioglu-7-1-1024x576.jpg 1024w, https:\/\/www.tgrthaber.com\/mavikadin\/wp-content\/uploads\/Zeynep-Degirmencioglu-7-1-300x169.jpg 300w, https:\/\/www.tgrthaber.com\/mavikadin\/wp-content\/uploads\/Zeynep-Degirmencioglu-7-1-768x432.jpg 768w, https:\/\/www.tgrthaber.com\/mavikadin\/wp-content\/uploads\/Zeynep-Degirmencioglu-7-1.jpg 1208w\" sizes=\"(max-width: 1208px) 100vw, 1208px\" \/><\/p>\n<hr \/>\n<p>Zeynep De\u011firmencio\u011flu, T\u00fcrk sinemas\u0131nda bir \u00e7\u0131\u011f\u0131r a\u00e7an Ay\u015fecik karakteriyle haf\u0131zalara kaz\u0131nd\u0131. \u00dcnl\u00fc isim kendi ad\u0131ndan \u00e7ok bu isimle an\u0131ld\u0131. De\u011firmencio\u011flu\u2019nun filmleri yurt i\u00e7inde oldu\u011fu kadar, \u00f6zellikle kom\u015fu \u00fclkelerde de yo\u011fun ilgi g\u00f6rd\u00fc. \u00d6zellikle T\u00fcrkiye\u2019de Ay\u015fecik olarak tan\u0131nan De\u011firmencio\u011flu, evlendikten sonra \u00e7ok farkl\u0131 bir hayat benimsedi.<\/p>\n<p><img loading=\"lazy\" decoding=\"async\" class=\"alignnone wp-image-231177\" src=\"https:\/\/www.tgrthaber.com\/mavikadin\/wp-content\/uploads\/Zeynep-Degirmencioglu-11-1024x576.jpg\" alt=\"Zeynep De\u011firmencio\u011flu kimdir ka\u00e7 ya\u015f\u0131nda? Zeynep De\u011firmencio\u011flu evli mi ka\u00e7 \u00e7ocu\u011fu var? \" width=\"1208\" height=\"680\" title=\"\" srcset=\"https:\/\/www.tgrthaber.com\/mavikadin\/wp-content\/uploads\/Zeynep-Degirmencioglu-11-1024x576.jpg 1024w, https:\/\/www.tgrthaber.com\/mavikadin\/wp-content\/uploads\/Zeynep-Degirmencioglu-11-300x169.jpg 300w, https:\/\/www.tgrthaber.com\/mavikadin\/wp-content\/uploads\/Zeynep-Degirmencioglu-11-768x432.jpg 768w, https:\/\/www.tgrthaber.com\/mavikadin\/wp-content\/uploads\/Zeynep-Degirmencioglu-11.jpg 1208w\" sizes=\"(max-width: 1208px) 100vw, 1208px\" \/><\/p>\n<hr \/>\n<h3>ZEYNEP DE\u011e\u0130RMENC\u0130O\u011eLU EVL\u0130 M\u0130?<\/h3>\n<p>Zeynep De\u011firmencio\u011flu, Ye\u015fil\u00e7am\u2019da b\u00fcy\u00fck bir \u00fcn kazand\u0131. Gen\u00e7 k\u0131z rollerinde yer alarak pop\u00fclerli\u011fini art\u0131ran \u00fcnl\u00fc oyuncu, 1948 y\u0131l\u0131nda\u00a0d\u00f6nemin Fenerbah\u00e7eli futbolcusu ve daha sonra Fenerbah\u00e7e SK y\u00f6neticilerinden Serkan Acar\u2019la d\u00fcnyaevine girdi. Evlendikten sonra \u00e7ok farkl\u0131 bir hayat benimseyen De\u011firmencio\u011flu,\u00a01974 y\u0131l\u0131nda rol ald\u0131\u011f\u0131 Macera Yolu filminin ard\u0131ndan sinemay\u0131 b\u0131rakt\u0131.<\/p>\n<p><img loading=\"lazy\" decoding=\"async\" class=\"alignnone wp-image-231182\" src=\"https:\/\/www.tgrthaber.com\/mavikadin\/wp-content\/uploads\/Zeynep-Degirmencioglu-3-1-1024x576.jpg\" alt=\"Zeynep De\u011firmencio\u011flu kimdir ka\u00e7 ya\u015f\u0131nda? Zeynep De\u011firmencio\u011flu evli mi ka\u00e7 \u00e7ocu\u011fu var? \" width=\"1208\" height=\"680\" title=\"\" srcset=\"https:\/\/www.tgrthaber.com\/mavikadin\/wp-content\/uploads\/Zeynep-Degirmencioglu-3-1-1024x576.jpg 1024w, https:\/\/www.tgrthaber.com\/mavikadin\/wp-content\/uploads\/Zeynep-Degirmencioglu-3-1-300x169.jpg 300w, https:\/\/www.tgrthaber.com\/mavikadin\/wp-content\/uploads\/Zeynep-Degirmencioglu-3-1-768x432.jpg 768w, https:\/\/www.tgrthaber.com\/mavikadin\/wp-content\/uploads\/Zeynep-Degirmencioglu-3-1.jpg 1208w\" sizes=\"(max-width: 1208px) 100vw, 1208px\" \/><\/p>\n<hr \/>\n<p>Zeynep De\u011firmencio\u011flu, 2010 tarihinde e\u015fi Serkan Acar\u2019a \u015fiddetli ge\u00e7imsizlik nedeniyle bo\u015fanma davas\u0131 a\u00e7t\u0131. Bo\u015fanma davas\u0131 s\u00fcrerken 2013 y\u0131l\u0131nda Serkan Acar, hayata g\u00f6zlerini yumdu. De\u011firmencio\u011flu, hayat arkada\u015f\u0131n\u0131n ac\u0131 haberiyle sars\u0131ld\u0131.<\/p>\n<p><img loading=\"lazy\" decoding=\"async\" class=\"alignnone wp-image-231183\" src=\"https:\/\/www.tgrthaber.com\/mavikadin\/wp-content\/uploads\/Adsiz-tasarim-25-59-1024x576.jpg\" alt=\"Zeynep De\u011firmencio\u011flu kimdir ka\u00e7 ya\u015f\u0131nda? Zeynep De\u011firmencio\u011flu evli mi ka\u00e7 \u00e7ocu\u011fu var? \" width=\"1208\" height=\"680\" title=\"\" srcset=\"https:\/\/www.tgrthaber.com\/mavikadin\/wp-content\/uploads\/Adsiz-tasarim-25-59-1024x576.jpg 1024w, https:\/\/www.tgrthaber.com\/mavikadin\/wp-content\/uploads\/Adsiz-tasarim-25-59-300x169.jpg 300w, https:\/\/www.tgrthaber.com\/mavikadin\/wp-content\/uploads\/Adsiz-tasarim-25-59-768x432.jpg 768w, https:\/\/www.tgrthaber.com\/mavikadin\/wp-content\/uploads\/Adsiz-tasarim-25-59.jpg 1208w\" sizes=\"(max-width: 1208px) 100vw, 1208px\" \/><\/p>\n<hr \/>\n<h3>ZEYNEP DE\u011e\u0130RMENC\u0130O\u011eLU\u2019NUN KA\u00c7 \u00c7OCU\u011eU VAR?<\/h3>\n<p>Zeynep De\u011firmencio\u011flu\u2019nun, 1948 y\u0131l\u0131nda hayat\u0131n\u0131 birle\u015ftirdi\u011fi Serkan Acar\u2019la evlili\u011finden Erkan ve Volkan ad\u0131nda iki \u00e7ocu\u011fu d\u00fcnyaya geldi. Baba ac\u0131s\u0131yla sars\u0131lan \u00e7ocuklar annesine yard\u0131mc\u0131 olmak i\u00e7in elinden geleni yapt\u0131. Sinema kariyeriyle tan\u0131nan De\u011firmencio\u011flu, 1990 y\u0131l\u0131ndan bu yana \u0130stanbul\u2019da emlak\u00e7\u0131l\u0131k yap\u0131yor.<\/p>\n<p><img loading=\"lazy\" decoding=\"async\" class=\"alignnone wp-image-231185\" src=\"https:\/\/www.tgrthaber.com\/mavikadin\/wp-content\/uploads\/Zeynep-Degirmencioglu-5-1-1024x576.jpg\" alt=\"Zeynep De\u011firmencio\u011flu kimdir ka\u00e7 ya\u015f\u0131nda? Zeynep De\u011firmencio\u011flu evli mi ka\u00e7 \u00e7ocu\u011fu var? \" width=\"1208\" height=\"680\" title=\"\" srcset=\"https:\/\/www.tgrthaber.com\/mavikadin\/wp-content\/uploads\/Zeynep-Degirmencioglu-5-1-1024x576.jpg 1024w, https:\/\/www.tgrthaber.com\/mavikadin\/wp-content\/uploads\/Zeynep-Degirmencioglu-5-1-300x169.jpg 300w, https:\/\/www.tgrthaber.com\/mavikadin\/wp-content\/uploads\/Zeynep-Degirmencioglu-5-1-768x432.jpg 768w, https:\/\/www.tgrthaber.com\/mavikadin\/wp-content\/uploads\/Zeynep-Degirmencioglu-5-1.jpg 1208w\" sizes=\"(max-width: 1208px) 100vw, 1208px\" \/><\/p>\n<hr \/>\n<p>Sinemay\u0131 hi\u00e7 \u00f6zlemedi\u011fini belirten Zeynep De\u011firmencio\u011flu, 2012 y\u0131l\u0131nda, \u0130stanbul\u2019un Fenerbah\u00e7e semtinde, kendi soyad\u0131n\u0131 ta\u015f\u0131yan De\u011firmencio\u011flu Kebap Ocakba\u015f\u0131 Restaurant\u0131 hizmete a\u00e7t\u0131. \u015eimdilerde ticaretle u\u011fra\u015fan \u00fcnl\u00fc oyuncunun \u00e7ocukluk halinden eser kalmad\u0131. Yeni haliyle g\u00fcndeme gelen De\u011firmencio\u011flu, g\u00f6renleri \u015fa\u015fk\u0131na \u00e7evirdi.<\/p>\n<p><img loading=\"lazy\" decoding=\"async\" class=\"alignnone wp-image-231186\" src=\"https:\/\/www.tgrthaber.com\/mavikadin\/wp-content\/uploads\/Zeynep-Degirmencioglu-4-1-1024x576.jpg\" alt=\"Zeynep De\u011firmencio\u011flu kimdir ka\u00e7 ya\u015f\u0131nda? Zeynep De\u011firmencio\u011flu evli mi ka\u00e7 \u00e7ocu\u011fu var? \" width=\"1208\" height=\"680\" title=\"\" srcset=\"https:\/\/www.tgrthaber.com\/mavikadin\/wp-content\/uploads\/Zeynep-Degirmencioglu-4-1-1024x576.jpg 1024w, https:\/\/www.tgrthaber.com\/mavikadin\/wp-content\/uploads\/Zeynep-Degirmencioglu-4-1-300x169.jpg 300w, https:\/\/www.tgrthaber.com\/mavikadin\/wp-content\/uploads\/Zeynep-Degirmencioglu-4-1-768x432.jpg 768w, https:\/\/www.tgrthaber.com\/mavikadin\/wp-content\/uploads\/Zeynep-Degirmencioglu-4-1.jpg 1208w\" sizes=\"(max-width: 1208px) 100vw, 1208px\" \/><\/p>\n","protected":false},"excerpt":{"rendered":"<p>Zeynep De\u011firmencio\u011flu, Ye\u015fil\u00e7am\u2019\u0131n efsaneleri aras\u0131nda yer alan bir isimdi. \u00d6zellikle Ay\u015fecik karakteriyle haf\u0131zalara kaz\u0131n\u0131n Zeynep Demircio\u011flu, \u015fimdilerde son haliyle g\u00fcndeme geliyor. \u00dcnl\u00fc oyuncunun \u00f6zel hayat\u0131 da ara\u015ft\u0131r\u0131l\u0131yor. <\/p>\n","protected":false},"author":26,"featured_media":231171,"comment_status":"closed","ping_status":"closed","sticky":false,"template":"","format":"standard","meta":{"rank_math_lock_modified_date":false,"footnotes":""},"categories":[491],"tags":[3374,16521,61524,61527,61528],"class_list":["post-231170","post","type-post","status-publish","format-standard","has-post-thumbnail","hentry","category-biyografi","tag-biyografi","tag-biyografi-haberleri","tag-zeynep-degirmencioglu","tag-zeynep-degirmencioglu-kimdir","tag-zeynep-degirmencioglu-yeni-hali"],"_links":{"self":[{"href":"https:\/\/www.tgrthaber.com\/mavikadin\/wp-json\/wp\/v2\/posts\/231170"}],"collection":[{"href":"https:\/\/www.tgrthaber.com\/mavikadin\/wp-json\/wp\/v2\/posts"}],"about":[{"href":"https:\/\/www.tgrthaber.com\/mavikadin\/wp-json\/wp\/v2\/types\/post"}],"author":[{"embeddable":true,"href":"https:\/\/www.tgrthaber.com\/mavikadin\/wp-json\/wp\/v2\/users\/26"}],"replies":[{"embeddable":true,"href":"https:\/\/www.tgrthaber.com\/mavikadin\/wp-json\/wp\/v2\/comments?post=231170"}],"version-history":[{"count":1,"href":"https:\/\/www.tgrthaber.com\/mavikadin\/wp-json\/wp\/v2\/posts\/231170\/revisions"}],"predecessor-version":[{"id":231187,"href":"https:\/\/www.tgrthaber.com\/mavikadin\/wp-json\/wp\/v2\/posts\/231170\/revisions\/231187"}],"wp:featuredmedia":[{"embeddable":true,"href":"https:\/\/www.tgrthaber.com\/mavikadin\/wp-json\/wp\/v2\/media\/231171"}],"wp:attachment":[{"href":"https:\/\/www.tgrthaber.com\/mavikadin\/wp-json\/wp\/v2\/media?parent=231170"}],"wp:term":[{"taxonomy":"category","embeddable":true,"href":"https:\/\/www.tgrthaber.com\/mavikadin\/wp-json\/wp\/v2\/categories?post=231170"},{"taxonomy":"post_tag","embeddable":true,"href":"https:\/\/www.tgrthaber.com\/mavikadin\/wp-json\/wp\/v2\/tags?post=231170"}],"curies":[{"name":"wp","href":"https:\/\/api.w.org\/{rel}","templated":true}]}}